{"id":33276,"date":"2023-07-27T13:07:41","date_gmt":"2023-07-27T16:07:41","guid":{"rendered":"https:\/\/radiorevelacionfm.cl\/?p=33276"},"modified":"2023-07-27T13:07:41","modified_gmt":"2023-07-27T16:07:41","slug":"concluye-programa-de-apoyo-a-proveedores-de-la-industria-acuicola-de-corfo-aysen","status":"publish","type":"post","link":"https:\/\/radiorevelacionfm.cl\/?p=33276","title":{"rendered":"Concluye programa de apoyo a proveedores de la industria acu\u00edcola de Corfo Ays\u00e9n"},"content":{"rendered":"<div class=\"flex_column av_one_full  flex_column_div av-zero-column-padding first  avia-builder-el-0  el_before_av_one_full  avia-builder-el-first  \" style='border-radius:0px; '><div  class='avia-image-container  av-styling-    avia-builder-el-1  avia-builder-el-no-sibling  avia-align-center '  itemprop=\"image\" itemscope=\"itemscope\" itemtype=\"https:\/\/schema.org\/ImageObject\"  ><div class='avia-image-container-inner'><div class='avia-image-overlay-wrap'><img decoding=\"async\" class='wp-image-33277 avia-img-lazy-loading-not-33277 avia_image' src=\"https:\/\/radiorevelacionfm.cl\/wp-content\/uploads\/2023\/07\/01-corfopti-fc-aysen-1920-3840x2156-1_optimized-1.jpg\" alt='' title='01-corfopti-fc-ays\u00e9n-1920-3840x2156-(1)_optimized (1)' height=\"600\" width=\"1069\"  itemprop=\"thumbnailUrl\" srcset=\"https:\/\/radiorevelacionfm.cl\/wp-content\/uploads\/2023\/07\/01-corfopti-fc-aysen-1920-3840x2156-1_optimized-1.jpg 1069w, https:\/\/radiorevelacionfm.cl\/wp-content\/uploads\/2023\/07\/01-corfopti-fc-aysen-1920-3840x2156-1_optimized-1-300x168.jpg 300w, https:\/\/radiorevelacionfm.cl\/wp-content\/uploads\/2023\/07\/01-corfopti-fc-aysen-1920-3840x2156-1_optimized-1-1030x578.jpg 1030w, https:\/\/radiorevelacionfm.cl\/wp-content\/uploads\/2023\/07\/01-corfopti-fc-aysen-1920-3840x2156-1_optimized-1-768x431.jpg 768w, https:\/\/radiorevelacionfm.cl\/wp-content\/uploads\/2023\/07\/01-corfopti-fc-aysen-1920-3840x2156-1_optimized-1-705x396.jpg 705w, https:\/\/radiorevelacionfm.cl\/wp-content\/uploads\/2023\/07\/01-corfopti-fc-aysen-1920-3840x2156-1_optimized-1-450x253.jpg 450w, https:\/\/radiorevelacionfm.cl\/wp-content\/uploads\/2023\/07\/01-corfopti-fc-aysen-1920-3840x2156-1_optimized-1-600x337.jpg 600w\" sizes=\"(max-width: 1069px) 100vw, 1069px\" \/><\/div><\/div><\/div><\/div><div class=\"flex_column av_one_full  flex_column_div av-zero-column-padding first  avia-builder-el-2  el_after_av_one_full  el_before_av_one_full  column-top-margin\" style='border-radius:0px; '><section class=\"av_textblock_section \"  itemscope=\"itemscope\" itemtype=\"https:\/\/schema.org\/BlogPosting\" itemprop=\"blogPost\" ><div class='avia_textblock  '   itemprop=\"text\" ><p style=\"text-align: center;\"><strong><span style=\"font-size: 18pt;\">Concluye programa de apoyo a proveedores de la industria acu\u00edcola de Corfo Ays\u00e9n<\/span><\/strong><\/p>\n<div id=\"gtx-trans\" style=\"position: absolute; left: -50px; top: 4.31534px;\">\n<div class=\"gtx-trans-icon\"><\/div>\n<\/div>\n<\/div><\/section><\/div><div class=\"flex_column av_one_full  flex_column_div av-zero-column-padding first  avia-builder-el-4  el_after_av_one_full  el_before_av_hr  column-top-margin\" style='border-radius:0px; '><section class=\"av_textblock_section \"  itemscope=\"itemscope\" itemtype=\"https:\/\/schema.org\/BlogPosting\" itemprop=\"blogPost\" ><div class='avia_textblock  '   itemprop=\"text\" ><p style=\"font-weight: 400; text-align: justify;\">La participaci\u00f3n del PTI Desarrollo de Fiordos y Canales de Ays\u00e9n, en la feria \u201cESA &#8211; Encuentro de Soluciones Acu\u00edcolas\u201d de Salmonexpert, ser\u00e1 una de las actividades que marcar\u00e1n el t\u00e9rmino de la ejecuci\u00f3n de este programa de Corfo, cuyo prop\u00f3sito ha estado enfocado en mejorar la competitividad de los proveedores regionales en la industria acu\u00edcola.<\/p>\n<p style=\"font-weight: 400; text-align: justify;\">As\u00ed lo indic\u00f3 Humberto Mar\u00edn Leiva, director de la Corporaci\u00f3n en el territorio, quien detall\u00f3 que desde el a\u00f1o 2020, el programa ha ejecutado acciones y actividades para apoyar el mejoramiento de la calidad de servicios y productos que ofrecen las pymes locales a la salmonicultura, facilitando el emprendimiento y la innovaci\u00f3n, junto con contribuir a la formaci\u00f3n de capital humano y la articulaci\u00f3n con actores claves de la industria. \u201cLuego de tres a\u00f1os de ejecuci\u00f3n del programa, estamos desarrollando \u00faltimas actividades, siendo una de ellas, esta feria de proveedores llamada Encuentro de Soluciones Acu\u00edcolas, espacio que permitir\u00e1 reunir a los actores claves de la industria\u201d.<\/p>\n<p style=\"font-weight: 400; text-align: justify;\">Agreg\u00f3 que esta instancia permitir\u00e1, entre otras cosas, mostrar los avances de las pymes proveedoras locales, destacando el potencial de la regi\u00f3n como un importante polo de desarrollo acu\u00edcola. \u201cLos proveedores acu\u00edcolas podr\u00e1n mostrar sus productos y servicios a empresas productoras, evidenciando su capacidad para satisfacer las necesidades de la industria. Esto podr\u00eda conducir a nuevas alianzas comerciales y colaboraciones estrat\u00e9gicas, lo que contribuye a fortalecer la cadena de valor acu\u00edcola, impulsando el crecimiento econ\u00f3mico y la sustentabilidad a largo plazo, de la industria acu\u00edcola en la regi\u00f3n. Al reunir a productores, proveedores y otros actores relevantes, se fomenta la interacci\u00f3n y el intercambio de conocimientos\u201d.<\/p>\n<p style=\"font-weight: 400; text-align: justify;\"><strong>PROGRAMA FIORDOS Y CANALES<\/strong><\/p>\n<p style=\"font-weight: 400; text-align: justify;\">El director de Corfo Ays\u00e9n explic\u00f3 que \u201cdurante los a\u00f1os en que hemos ejecutado el programa, hemos sido testigos del potencial y la calidad de los servicios que tienen los proveedores de la industria y por ello creemos que es fundamental mirar al mar como una fuente de crecimiento y desarrollo para la regi\u00f3n. Desde el PTI logramos visibilizar un sector relevante de la cadena de valor de la industria acu\u00edcola que sigue creciendo e innovando para mejorar y aumentar sus servicios o productos, lo que, a su vez, redund\u00f3 en la creaci\u00f3n de nuevos puestos de trabajo y empresas. La presencia de la industria es clave para nuestra regi\u00f3n. Hoy la industria local est\u00e1 m\u00e1s cerca de sus proveedores y a su vez, las pymes proveedoras han podido dar respuesta a lo que la industria demanda. Necesitamos seguir fortaleciendo esta relaci\u00f3n con el prop\u00f3sito de lograr un crecimiento integral y arm\u00f3nico con las comunidades y el entorno, para que los habitantes de Ays\u00e9n se sientan parte de este desarrollo\u201d, concluy\u00f3.<\/p>\n<p style=\"font-weight: 400; text-align: justify;\"><strong>ENCUENTRO DE SOLUCIONES ACU\u00cdCOLAS<\/strong><\/p>\n<p style=\"font-weight: 400; text-align: justify;\">A partir de las 10:00 horas, el pr\u00f3ximo martes 1 de agosto, se llevar\u00e1 a cabo el Encuentro de Soluciones Agr\u00edcolas \u2013 ESA, en el Polideportivo de la comuna de Ays\u00e9n. Esta feria tiene dos prop\u00f3sitos: potenciar a las pymes proveedoras locales y educar a la comunidad sobre esta importante y creciente industria.<\/p>\n<p style=\"font-weight: 400; text-align: justify;\">La feria es liderada por Salmonexpert, y cuenta con el apoyo del PTI Fiordos y Canales Ays\u00e9n de Corfo y es cofinanciado por SalmonChile, el Consejo del Salm\u00f3n, Acuiprov y el Gobierno Regional.<\/p>\n<\/div><\/section><\/div><div  style='height:50px' class='hr hr-invisible   avia-builder-el-6  el_after_av_one_full  el_before_av_social_share '><span class='hr-inner ' ><span class='hr-inner-style'><\/span><\/span><\/div><\/p>\n<div  class='av-social-sharing-box  avia-builder-el-7  el_after_av_hr  el_before_av_hr  '><div class='av-share-box'><h5 class='av-share-link-description av-no-toc '>Compartir esta noticia<\/h5><ul class='av-share-box-list noLightbox'><li class='av-share-link av-social-link-facebook' ><a target=\"_blank\" aria-label=\"Compartir en Facebook\" href='https:\/\/www.facebook.com\/sharer.php?u=https:\/\/radiorevelacionfm.cl\/?p=33276&#038;t=Concluye%20programa%20de%20apoyo%20a%20proveedores%20de%20la%20industria%20acu%C3%ADcola%20de%20Corfo%20Ays%C3%A9n' aria-hidden='false' data-av_icon='\ue8f3' data-av_iconfont='entypo-fontello' title='' data-avia-related-tooltip='Compartir en Facebook' rel=\"noopener\"><span class='avia_hidden_link_text'>Compartir en Facebook<\/span><\/a><\/li><li class='av-share-link av-social-link-twitter' ><a target=\"_blank\" aria-label=\"Compartir en Twitter\" href='https:\/\/twitter.com\/share?text=Concluye%20programa%20de%20apoyo%20a%20proveedores%20de%20la%20industria%20acu%C3%ADcola%20de%20Corfo%20Ays%C3%A9n&#038;url=https:\/\/radiorevelacionfm.cl\/?p=33276' aria-hidden='false' data-av_icon='\ue8f1' data-av_iconfont='entypo-fontello' title='' data-avia-related-tooltip='Compartir en Twitter' rel=\"noopener\"><span class='avia_hidden_link_text'>Compartir en Twitter<\/span><\/a><\/li><li class='av-share-link av-social-link-whatsapp' ><a target=\"_blank\" aria-label=\"Compartir en Whatsapp\" href='https:\/\/api.whatsapp.com\/send?text=https:\/\/radiorevelacionfm.cl\/?p=33276' aria-hidden='false' data-av_icon='\uf232' data-av_iconfont='entypo-fontello' title='' data-avia-related-tooltip='Compartir en Whatsapp' rel=\"noopener\"><span class='avia_hidden_link_text'>Compartir en Whatsapp<\/span><\/a><\/li><li class='av-share-link av-social-link-linkedin' ><a target=\"_blank\" aria-label=\"Compartir en LinkedIn\" href='https:\/\/linkedin.com\/shareArticle?mini=true&#038;title=Concluye%20programa%20de%20apoyo%20a%20proveedores%20de%20la%20industria%20acu%C3%ADcola%20de%20Corfo%20Ays%C3%A9n&#038;url=https:\/\/radiorevelacionfm.cl\/?p=33276' aria-hidden='false' data-av_icon='\ue8fc' data-av_iconfont='entypo-fontello' title='' data-avia-related-tooltip='Compartir en LinkedIn' rel=\"noopener\"><span class='avia_hidden_link_text'>Compartir en LinkedIn<\/span><\/a><\/li><li class='av-share-link av-social-link-mail' ><a  aria-label=\"Compartir por correo\" href='mailto:?subject=Concluye%20programa%20de%20apoyo%20a%20proveedores%20de%20la%20industria%20acu%C3%ADcola%20de%20Corfo%20Ays%C3%A9n&#038;body=https:\/\/radiorevelacionfm.cl\/?p=33276' aria-hidden='false' data-av_icon='\ue805' data-av_iconfont='entypo-fontello' title='' data-avia-related-tooltip='Compartir por correo'><span class='avia_hidden_link_text'>Compartir por correo<\/span><\/a><\/li><\/ul><\/div><\/div>\n<div  style='height:50px' class='hr hr-invisible   avia-builder-el-8  el_after_av_social_share  el_before_av_comments_list '><span class='hr-inner ' ><span class='hr-inner-style'><\/span><\/span><\/div>\n<div  class='av-buildercomment  av-blog-meta-html-info-disabled av-blog-meta-tag-disabled  '><\/div>\n","protected":false},"excerpt":{"rendered":"","protected":false},"author":1,"featured_media":33277,"comment_status":"open","ping_status":"open","sticky":false,"template":"","format":"standard","meta":{"footnotes":""},"categories":[38],"tags":[],"class_list":["post-33276","post","type-post","status-publish","format-standard","has-post-thumbnail","hentry","category-regional"],"jetpack_featured_media_url":"https:\/\/radiorevelacionfm.cl\/wp-content\/uploads\/2023\/07\/01-corfopti-fc-aysen-1920-3840x2156-1_optimized-1.jpg","_links":{"self":[{"href":"https:\/\/radiorevelacionfm.cl\/index.php?rest_route=\/wp\/v2\/posts\/33276","targetHints":{"allow":["GET"]}}],"collection":[{"href":"https:\/\/radiorevelacionfm.cl\/index.php?rest_route=\/wp\/v2\/posts"}],"about":[{"href":"https:\/\/radiorevelacionfm.cl\/index.php?rest_route=\/wp\/v2\/types\/post"}],"author":[{"embeddable":true,"href":"https:\/\/radiorevelacionfm.cl\/index.php?rest_route=\/wp\/v2\/users\/1"}],"replies":[{"embeddable":true,"href":"https:\/\/radiorevelacionfm.cl\/index.php?rest_route=%2Fwp%2Fv2%2Fcomments&post=33276"}],"version-history":[{"count":1,"href":"https:\/\/radiorevelacionfm.cl\/index.php?rest_route=\/wp\/v2\/posts\/33276\/revisions"}],"predecessor-version":[{"id":33278,"href":"https:\/\/radiorevelacionfm.cl\/index.php?rest_route=\/wp\/v2\/posts\/33276\/revisions\/33278"}],"wp:featuredmedia":[{"embeddable":true,"href":"https:\/\/radiorevelacionfm.cl\/index.php?rest_route=\/wp\/v2\/media\/33277"}],"wp:attachment":[{"href":"https:\/\/radiorevelacionfm.cl\/index.php?rest_route=%2Fwp%2Fv2%2Fmedia&parent=33276"}],"wp:term":[{"taxonomy":"category","embeddable":true,"href":"https:\/\/radiorevelacionfm.cl\/index.php?rest_route=%2Fwp%2Fv2%2Fcategories&post=33276"},{"taxonomy":"post_tag","embeddable":true,"href":"https:\/\/radiorevelacionfm.cl\/index.php?rest_route=%2Fwp%2Fv2%2Ftags&post=33276"}],"curies":[{"name":"wp","href":"https:\/\/api.w.org\/{rel}","templated":true}]}}