{"id":33264,"date":"2023-07-26T19:38:27","date_gmt":"2023-07-26T22:38:27","guid":{"rendered":"https:\/\/radiorevelacionfm.cl\/?p=33264"},"modified":"2023-07-26T19:38:27","modified_gmt":"2023-07-26T22:38:27","slug":"tecnificacion-e-indumentaria-estas-son-las-dos-nuevas-lineas-del-programa-de-fomento-y-diversificacion-de-la-pesca-artesanal-de-aysen","status":"publish","type":"post","link":"https:\/\/radiorevelacionfm.cl\/?p=33264","title":{"rendered":"Tecnificaci\u00f3n e indumentaria: Estas son las dos nuevas l\u00edneas del Programa de Fomento y Diversificaci\u00f3n de la Pesca Artesanal de Ays\u00e9n"},"content":{"rendered":"<div class=\"flex_column av_one_full  flex_column_div av-zero-column-padding first  avia-builder-el-0  el_before_av_one_full  avia-builder-el-first  \" style='border-radius:0px; '><div  class='avia-image-container  av-styling-    avia-builder-el-1  avia-builder-el-no-sibling  avia-align-center '  itemprop=\"image\" itemscope=\"itemscope\" itemtype=\"https:\/\/schema.org\/ImageObject\"  ><div class='avia-image-container-inner'><div class='avia-image-overlay-wrap'><img decoding=\"async\" class='wp-image-33265 avia-img-lazy-loading-not-33265 avia_image' src=\"https:\/\/radiorevelacionfm.cl\/wp-content\/uploads\/2023\/07\/9-19-1_optimized.jpg\" alt='' title='9-(19)-(1)_optimized' height=\"600\" width=\"900\"  itemprop=\"thumbnailUrl\" srcset=\"https:\/\/radiorevelacionfm.cl\/wp-content\/uploads\/2023\/07\/9-19-1_optimized.jpg 900w, https:\/\/radiorevelacionfm.cl\/wp-content\/uploads\/2023\/07\/9-19-1_optimized-300x200.jpg 300w, https:\/\/radiorevelacionfm.cl\/wp-content\/uploads\/2023\/07\/9-19-1_optimized-768x512.jpg 768w, https:\/\/radiorevelacionfm.cl\/wp-content\/uploads\/2023\/07\/9-19-1_optimized-705x470.jpg 705w, https:\/\/radiorevelacionfm.cl\/wp-content\/uploads\/2023\/07\/9-19-1_optimized-450x300.jpg 450w, https:\/\/radiorevelacionfm.cl\/wp-content\/uploads\/2023\/07\/9-19-1_optimized-600x400.jpg 600w\" sizes=\"(max-width: 900px) 100vw, 900px\" \/><\/div><\/div><\/div><\/div><div class=\"flex_column av_one_full  flex_column_div av-zero-column-padding first  avia-builder-el-2  el_after_av_one_full  el_before_av_one_full  column-top-margin\" style='border-radius:0px; '><section class=\"av_textblock_section \"  itemscope=\"itemscope\" itemtype=\"https:\/\/schema.org\/BlogPosting\" itemprop=\"blogPost\" ><div class='avia_textblock  '   itemprop=\"text\" ><p style=\"text-align: center;\"><strong><span style=\"font-size: 18pt;\">Tecnificaci\u00f3n e indumentaria: Estas son las dos nuevas l\u00edneas del Programa de Fomento y Diversificaci\u00f3n de la Pesca Artesanal de Ays\u00e9n<\/span><\/strong><\/p>\n<div id=\"gtx-trans\" style=\"position: absolute; left: -50px; top: 4.31534px;\">\n<div class=\"gtx-trans-icon\"><\/div>\n<\/div>\n<\/div><\/section><\/div><div class=\"flex_column av_one_full  flex_column_div av-zero-column-padding first  avia-builder-el-4  el_after_av_one_full  el_before_av_hr  column-top-margin\" style='border-radius:0px; '><section class=\"av_textblock_section \"  itemscope=\"itemscope\" itemtype=\"https:\/\/schema.org\/BlogPosting\" itemprop=\"blogPost\" ><div class='avia_textblock  '   itemprop=\"text\" ><p dir=\"ltr\" style=\"text-align: justify;\">El Gobierno Regional de Ays\u00e9n, en colaboraci\u00f3n con la Fundaci\u00f3n de Superaci\u00f3n de la Pobreza (Fusupo), anunciaron el lanzamiento de dos nuevas l\u00edneas de apoyo en el marco del Programa de Fomento y Diversificaci\u00f3n de la Pesca Artesanal.<\/p>\n<p dir=\"ltr\" style=\"text-align: justify;\">Las fechas para la postulaci\u00f3n ya han sido liberadas, y desde este jueves 27 de julio todas las personas residentes de las comunas ubicadas en los litorales de la regi\u00f3n de Ays\u00e9n (Cisnes, Ays\u00e9n, Tortel y Guaitecas), que posean la calidad de armadores\/as artesanales, que cuenten con la categor\u00eda vigente y que est\u00e9n activas en el Registro Pesquero Artesanal (RPA) de SERNAPESCA, podr\u00e1n postular. Adem\u00e1s, aquellos que dispongan de embarcaciones deber\u00e1n contar con un Registro Pesquero Artesanal (RPA) vigente.<\/p>\n<p dir=\"ltr\" style=\"text-align: justify;\">La Gobernadora de la Regi\u00f3n de Ays\u00e9n, Andrea Mac\u00edas Palma, expres\u00f3 su conformidad con la labor de Fusupo y relev\u00f3 el \u00abgran desaf\u00edo que tenemos como regi\u00f3n, que es cuidar y proteger nuestro litoral. Sabemos que del desarrollo de la pesca artesanal depende tambi\u00e9n la vida de las comunidades litorales de nuestra regi\u00f3n\u00bb.<\/p>\n<p dir=\"ltr\" style=\"text-align: justify;\">En primer t\u00e9rmino, la nueva l\u00ednea de apoyo, cuarta de la totalidad del programa, consiste en la tecnificaci\u00f3n de embarcaciones, a trav\u00e9s de un subsidio no reembolsable destinado al equipamiento para la navegaci\u00f3n, detecci\u00f3n o producci\u00f3n. A trav\u00e9s de esta l\u00ednea, los pescadores podr\u00e1n acceder a instrumentos como ecosondas (incluyendo transductor y carta), radares (con antena, pantalla y cartas), compresores, chires, brazos, entre otros.<\/p>\n<p dir=\"ltr\" style=\"text-align: justify;\">Por otro lado, est\u00e1 la L\u00ednea de apoyo 6: adquisici\u00f3n de indumentaria y herramientas para la recolecci\u00f3n de orilla. Esta tiene como objetivo otorgar un subsidio destinado a financiar herramientas como trajes de surf, botines, guantes, gorros, protector solar, entre otros.<\/p>\n<p dir=\"ltr\" style=\"text-align: justify;\">Gabriela Peters, coordinadora del programa de pesca, entreg\u00f3 algunos avances sobre el proceso de cierre de las tres primeras l\u00edneas. \u00abNuestros equipos gestores, est\u00e1n haciendo el proceso de notificaci\u00f3n con los usuarios para iniciar las compra futura de los equipamientos, a su vez actualmente ya podemos oficializar el lanzamiento de las dos nuevas l\u00edneas siguientes del programa, que est\u00e1n abocadas a la recolecci\u00f3n de orillas y la tecnificaci\u00f3n de embarcaciones, las que tienen una duraci\u00f3n de 32 d\u00edas de corridos\u00bb, explic\u00f3.<\/p>\n<p dir=\"ltr\" style=\"text-align: justify;\">En ese sentido, la profesional de la Fundaci\u00f3n de Superaci\u00f3n de la Pobreza extendi\u00f3 la invitaci\u00f3n a participar del proceso. \u00abEsta postulaci\u00f3n se realizar\u00e1 de forma virtual a trav\u00e9s de la plataforma que dispone el Gobierno Regional de Ays\u00e9n, y tambi\u00e9n en nuestras oficinas territoriales las cuales, las y los postulantes pueden acercarse, ya sea para obtener informaci\u00f3n como tambi\u00e9n asesorarse con nuestros equipos de apoyo\u00bb, acot\u00f3.<\/p>\n<p dir=\"ltr\" style=\"text-align: justify;\">Las y los interesados en postular a las distintas l\u00edneas pueden acercarse a las oficinas de Fusupo, ubicadas en:<\/p>\n<p dir=\"ltr\" style=\"text-align: justify;\">-Puerto Ays\u00e9n: calle Galvarino Riveros N\u00b0334.<\/p>\n<p dir=\"ltr\" style=\"text-align: justify;\">-Puerto Cisnes: avenida Arturo Prat N\u00ba 835<\/p>\n<p dir=\"ltr\" style=\"text-align: justify;\">-Caleta Andrade: calle Manuel Rodr\u00edguez N\u00ba 306<\/p>\n<p dir=\"ltr\" style=\"text-align: justify;\">-Melinka: calle Felipe Whestoff S\/N.<\/p>\n<\/div><\/section><\/div><div  style='height:50px' class='hr hr-invisible   avia-builder-el-6  el_after_av_one_full  el_before_av_social_share '><span class='hr-inner ' ><span class='hr-inner-style'><\/span><\/span><\/div><\/p>\n<div  class='av-social-sharing-box  avia-builder-el-7  el_after_av_hr  el_before_av_hr  '><div class='av-share-box'><h5 class='av-share-link-description av-no-toc '>Compartir esta noticia<\/h5><ul class='av-share-box-list noLightbox'><li class='av-share-link av-social-link-facebook' ><a target=\"_blank\" aria-label=\"Compartir en Facebook\" href='https:\/\/www.facebook.com\/sharer.php?u=https:\/\/radiorevelacionfm.cl\/?p=33264&#038;t=Tecnificaci%C3%B3n%20e%20indumentaria%3A%20Estas%20son%20las%20dos%20nuevas%20l%C3%ADneas%20del%20Programa%20de%20Fomento%20y%20Diversificaci%C3%B3n%20de%20la%20Pesca%20Artesanal%20de%20Ays%C3%A9n' aria-hidden='false' data-av_icon='\ue8f3' data-av_iconfont='entypo-fontello' title='' data-avia-related-tooltip='Compartir en Facebook' rel=\"noopener\"><span class='avia_hidden_link_text'>Compartir en Facebook<\/span><\/a><\/li><li class='av-share-link av-social-link-twitter' ><a target=\"_blank\" aria-label=\"Compartir en Twitter\" href='https:\/\/twitter.com\/share?text=Tecnificaci%C3%B3n%20e%20indumentaria%3A%20Estas%20son%20las%20dos%20nuevas%20l%C3%ADneas%20del%20Programa%20de%20Fomento%20y%20Diversificaci%C3%B3n%20de%20la%20Pesca%20Artesanal%20de%20Ays%C3%A9n&#038;url=https:\/\/radiorevelacionfm.cl\/?p=33264' aria-hidden='false' data-av_icon='\ue8f1' data-av_iconfont='entypo-fontello' title='' data-avia-related-tooltip='Compartir en Twitter' rel=\"noopener\"><span class='avia_hidden_link_text'>Compartir en Twitter<\/span><\/a><\/li><li class='av-share-link av-social-link-whatsapp' ><a target=\"_blank\" aria-label=\"Compartir en Whatsapp\" href='https:\/\/api.whatsapp.com\/send?text=https:\/\/radiorevelacionfm.cl\/?p=33264' aria-hidden='false' data-av_icon='\uf232' data-av_iconfont='entypo-fontello' title='' data-avia-related-tooltip='Compartir en Whatsapp' rel=\"noopener\"><span class='avia_hidden_link_text'>Compartir en Whatsapp<\/span><\/a><\/li><li class='av-share-link av-social-link-linkedin' ><a target=\"_blank\" aria-label=\"Compartir en LinkedIn\" href='https:\/\/linkedin.com\/shareArticle?mini=true&#038;title=Tecnificaci%C3%B3n%20e%20indumentaria%3A%20Estas%20son%20las%20dos%20nuevas%20l%C3%ADneas%20del%20Programa%20de%20Fomento%20y%20Diversificaci%C3%B3n%20de%20la%20Pesca%20Artesanal%20de%20Ays%C3%A9n&#038;url=https:\/\/radiorevelacionfm.cl\/?p=33264' aria-hidden='false' data-av_icon='\ue8fc' data-av_iconfont='entypo-fontello' title='' data-avia-related-tooltip='Compartir en LinkedIn' rel=\"noopener\"><span class='avia_hidden_link_text'>Compartir en LinkedIn<\/span><\/a><\/li><li class='av-share-link av-social-link-mail' ><a  aria-label=\"Compartir por correo\" href='mailto:?subject=Tecnificaci%C3%B3n%20e%20indumentaria%3A%20Estas%20son%20las%20dos%20nuevas%20l%C3%ADneas%20del%20Programa%20de%20Fomento%20y%20Diversificaci%C3%B3n%20de%20la%20Pesca%20Artesanal%20de%20Ays%C3%A9n&#038;body=https:\/\/radiorevelacionfm.cl\/?p=33264' aria-hidden='false' data-av_icon='\ue805' data-av_iconfont='entypo-fontello' title='' data-avia-related-tooltip='Compartir por correo'><span class='avia_hidden_link_text'>Compartir por correo<\/span><\/a><\/li><\/ul><\/div><\/div>\n<div  style='height:50px' class='hr hr-invisible   avia-builder-el-8  el_after_av_social_share  el_before_av_comments_list '><span class='hr-inner ' ><span class='hr-inner-style'><\/span><\/span><\/div>\n<div  class='av-buildercomment  av-blog-meta-html-info-disabled av-blog-meta-tag-disabled  '><\/div>\n","protected":false},"excerpt":{"rendered":"","protected":false},"author":1,"featured_media":33265,"comment_status":"open","ping_status":"open","sticky":false,"template":"","format":"standard","meta":{"footnotes":""},"categories":[60],"tags":[],"class_list":["post-33264","post","type-post","status-publish","format-standard","has-post-thumbnail","hentry","category-pesca"],"jetpack_featured_media_url":"https:\/\/radiorevelacionfm.cl\/wp-content\/uploads\/2023\/07\/9-19-1_optimized.jpg","_links":{"self":[{"href":"https:\/\/radiorevelacionfm.cl\/index.php?rest_route=\/wp\/v2\/posts\/33264","targetHints":{"allow":["GET"]}}],"collection":[{"href":"https:\/\/radiorevelacionfm.cl\/index.php?rest_route=\/wp\/v2\/posts"}],"about":[{"href":"https:\/\/radiorevelacionfm.cl\/index.php?rest_route=\/wp\/v2\/types\/post"}],"author":[{"embeddable":true,"href":"https:\/\/radiorevelacionfm.cl\/index.php?rest_route=\/wp\/v2\/users\/1"}],"replies":[{"embeddable":true,"href":"https:\/\/radiorevelacionfm.cl\/index.php?rest_route=%2Fwp%2Fv2%2Fcomments&post=33264"}],"version-history":[{"count":1,"href":"https:\/\/radiorevelacionfm.cl\/index.php?rest_route=\/wp\/v2\/posts\/33264\/revisions"}],"predecessor-version":[{"id":33266,"href":"https:\/\/radiorevelacionfm.cl\/index.php?rest_route=\/wp\/v2\/posts\/33264\/revisions\/33266"}],"wp:featuredmedia":[{"embeddable":true,"href":"https:\/\/radiorevelacionfm.cl\/index.php?rest_route=\/wp\/v2\/media\/33265"}],"wp:attachment":[{"href":"https:\/\/radiorevelacionfm.cl\/index.php?rest_route=%2Fwp%2Fv2%2Fmedia&parent=33264"}],"wp:term":[{"taxonomy":"category","embeddable":true,"href":"https:\/\/radiorevelacionfm.cl\/index.php?rest_route=%2Fwp%2Fv2%2Fcategories&post=33264"},{"taxonomy":"post_tag","embeddable":true,"href":"https:\/\/radiorevelacionfm.cl\/index.php?rest_route=%2Fwp%2Fv2%2Ftags&post=33264"}],"curies":[{"name":"wp","href":"https:\/\/api.w.org\/{rel}","templated":true}]}}