{"id":33261,"date":"2023-07-26T19:01:12","date_gmt":"2023-07-26T22:01:12","guid":{"rendered":"https:\/\/radiorevelacionfm.cl\/?p=33261"},"modified":"2023-07-27T21:10:40","modified_gmt":"2023-07-28T00:10:40","slug":"alerta-preventiva-para-la-region-de-aysen-por-sistema-frontal-que-afectara-a-la-zona","status":"publish","type":"post","link":"https:\/\/radiorevelacionfm.cl\/?p=33261","title":{"rendered":"Alerta Preventiva para la regi\u00f3n de Ays\u00e9n por sistema frontal que afectar\u00e1 a la zona"},"content":{"rendered":"<div class=\"flex_column av_one_full  flex_column_div av-zero-column-padding first  avia-builder-el-0  el_before_av_one_full  avia-builder-el-first  \" style='border-radius:0px; '><div  class='avia-image-container  av-styling-    avia-builder-el-1  avia-builder-el-no-sibling  avia-align-center '  itemprop=\"image\" itemscope=\"itemscope\" itemtype=\"https:\/\/schema.org\/ImageObject\"  ><div class='avia-image-container-inner'><div class='avia-image-overlay-wrap'><img decoding=\"async\" class='wp-image-33262 avia-img-lazy-loading-not-33262 avia_image' src=\"https:\/\/radiorevelacionfm.cl\/wp-content\/uploads\/2023\/07\/lluvia-intensa-1_optimized.jpeg\" alt='' title='lluvia-intensa-(1)_optimized' height=\"600\" width=\"853\"  itemprop=\"thumbnailUrl\" srcset=\"https:\/\/radiorevelacionfm.cl\/wp-content\/uploads\/2023\/07\/lluvia-intensa-1_optimized.jpeg 853w, https:\/\/radiorevelacionfm.cl\/wp-content\/uploads\/2023\/07\/lluvia-intensa-1_optimized-300x211.jpeg 300w, https:\/\/radiorevelacionfm.cl\/wp-content\/uploads\/2023\/07\/lluvia-intensa-1_optimized-768x540.jpeg 768w, https:\/\/radiorevelacionfm.cl\/wp-content\/uploads\/2023\/07\/lluvia-intensa-1_optimized-705x496.jpeg 705w, https:\/\/radiorevelacionfm.cl\/wp-content\/uploads\/2023\/07\/lluvia-intensa-1_optimized-450x317.jpeg 450w, https:\/\/radiorevelacionfm.cl\/wp-content\/uploads\/2023\/07\/lluvia-intensa-1_optimized-600x422.jpeg 600w\" sizes=\"(max-width: 853px) 100vw, 853px\" \/><\/div><\/div><\/div><\/div>\n<div class=\"flex_column av_one_full  flex_column_div av-zero-column-padding first  avia-builder-el-2  el_after_av_one_full  el_before_av_one_full  column-top-margin\" style='border-radius:0px; '><section class=\"av_textblock_section \"  itemscope=\"itemscope\" itemtype=\"https:\/\/schema.org\/BlogPosting\" itemprop=\"blogPost\" ><div class='avia_textblock  '   itemprop=\"text\" ><p style=\"text-align: center;\"><strong><span style=\"font-size: 18pt;\">Alerta Preventiva para la regi\u00f3n de Ays\u00e9n por sistema frontal que afectar\u00e1 a la zona <\/span><\/strong><\/p>\n<div id=\"gtx-trans\" style=\"position: absolute; left: -50px; top: 4.31534px;\">\n<div class=\"gtx-trans-icon\"><\/div>\n<\/div>\n<\/div><\/section><\/div>\n<div class=\"flex_column av_one_full  flex_column_div av-zero-column-padding first  avia-builder-el-4  el_after_av_one_full  el_before_av_hr  column-top-margin\" style='border-radius:0px; '><section class=\"av_textblock_section \"  itemscope=\"itemscope\" itemtype=\"https:\/\/schema.org\/BlogPosting\" itemprop=\"blogPost\" ><div class='avia_textblock  '   itemprop=\"text\" ><p style=\"text-align: justify;\">Se actualiza Alerta Temprana Preventiva para la Regi\u00f3n de Ays\u00e9n por evento meteorol\u00f3gico<\/p>\n<p style=\"text-align: justify;\">De acuerdo con la informaci\u00f3n proporcionada por la Direcci\u00f3n Meteorol\u00f3gica de Chile (DMC), mediante su Alerta Meteorol\u00f3gica AA51-1\/2023 se prev\u00e9 el desarrollo de precipitaciones moderadas a fuertes, con isoterma cero alta, en los sectores de Cordillera Austral Norte y Cordillera Austral Sur de la Regi\u00f3n de Ays\u00e9n, entre la tarde del viernes 28 y la madrugada del s\u00e1bado 29 de julio, seg\u00fan el siguiente detalle:<\/p>\n<p>Precipitaciones (mm):<\/p>\n<table width=\"304\">\n<tbody>\n<tr>\n<td width=\"182\">Zona<\/td>\n<td width=\"112\">Viernes 28<\/td>\n<td width=\"112\">S\u00e1bado 29<\/td>\n<\/tr>\n<tr>\n<td width=\"182\">Cordillera austral norte<\/td>\n<td width=\"112\">35 \u2013 60<\/td>\n<td width=\"112\">30 \u2013 60<\/td>\n<\/tr>\n<tr>\n<td width=\"182\">Cordillera austral sur<\/td>\n<td width=\"112\">45 \u2013 80<\/td>\n<td width=\"112\">30 \u2013 60<\/td>\n<\/tr>\n<tr>\n<td width=\"182\">Isoterma 0\u00b0C (m.s.n.m.)<\/td>\n<td width=\"112\">1.000 \u2013 2.100<\/td>\n<td width=\"112\">2.100 \u2013 1.200<\/td>\n<\/tr>\n<\/tbody>\n<\/table>\n<p style=\"text-align: justify;\">Adicionalmente, la DMC actualiz\u00f3 los avisos A279-1\/2023 y A280-1\/2023, para los sectores Litoral Interior Norte, Cordillera Austral Norte y Sur, y Patagonia Subandina Norte y Sur, pronosticando la ocurrencia de precipitaciones normales a moderadas, entre la ma\u00f1ana del viernes 28 y la ma\u00f1ana del domingo 30 de julio; y viento normal a moderado en los sectores, entre la madrugada del viernes 28 y la noche del domingo 30 de julio.<\/p>\n<p style=\"text-align: justify;\">En consideraci\u00f3n a estos antecedentes, y en coordinaci\u00f3n con la Delegaci\u00f3n Presidencial Regional de Ays\u00e9n, la Direcci\u00f3n Regional del SENAPRED\u00a0actualiza la Alerta Temprana Preventiva Regional\u00a0por evento meteorol\u00f3gico, vigente desde el 26 de julio de 2023 y hasta que las condiciones as\u00ed lo ameriten.<\/p>\n<p style=\"text-align: justify;\">La actualizaci\u00f3n de esta alerta se constituye como un estado de reforzamiento de la vigilancia, mediante el monitoreo preciso y riguroso de las condiciones de riesgo y las respectivas vulnerabilidades asociadas a la amenaza, coordinando y activando al Sistema Nacional de Prevenci\u00f3n y Respuesta ante Desastres (SINAPRED) con el fin de actuar oportunamente frente a eventuales situaciones de emergencia.<\/p>\n<p style=\"text-align: justify;\">SENAPRED\u00a0recomienda a la poblaci\u00f3n informarse sobre las condiciones del tiempo; revisar y limpiar el techo y canaletas de las viviendas; mantener las v\u00edas de evacuaci\u00f3n de aguas lluvias libres de tierra y desperdicios; evitar transitar a pie o en veh\u00edculos por zonas o caminos anegados; y evitar internarse en zonas monta\u00f1osas, r\u00edos, lagos y mar, especialmente cuando las condiciones meteorol\u00f3gicas sean desfavorables.<\/p>\n<\/div><\/section><\/div><div  style='height:50px' class='hr hr-invisible   avia-builder-el-6  el_after_av_one_full  el_before_av_social_share '><span class='hr-inner ' ><span class='hr-inner-style'><\/span><\/span><\/div><\/p>\n<div  class='av-social-sharing-box  avia-builder-el-7  el_after_av_hr  el_before_av_hr  '><div class='av-share-box'><h5 class='av-share-link-description av-no-toc '>Compartir esta noticia<\/h5><ul class='av-share-box-list noLightbox'><li class='av-share-link av-social-link-facebook' ><a target=\"_blank\" aria-label=\"Compartir en Facebook\" href='https:\/\/www.facebook.com\/sharer.php?u=https:\/\/radiorevelacionfm.cl\/?p=33261&#038;t=Alerta%20Preventiva%20para%20la%20regi%C3%B3n%20de%20Ays%C3%A9n%20por%20sistema%20frontal%20que%20afectar%C3%A1%20a%20la%20zona' aria-hidden='false' data-av_icon='\ue8f3' data-av_iconfont='entypo-fontello' title='' data-avia-related-tooltip='Compartir en Facebook' rel=\"noopener\"><span class='avia_hidden_link_text'>Compartir en Facebook<\/span><\/a><\/li><li class='av-share-link av-social-link-twitter' ><a target=\"_blank\" aria-label=\"Compartir en Twitter\" href='https:\/\/twitter.com\/share?text=Alerta%20Preventiva%20para%20la%20regi%C3%B3n%20de%20Ays%C3%A9n%20por%20sistema%20frontal%20que%20afectar%C3%A1%20a%20la%20zona&#038;url=https:\/\/radiorevelacionfm.cl\/?p=33261' aria-hidden='false' data-av_icon='\ue8f1' data-av_iconfont='entypo-fontello' title='' data-avia-related-tooltip='Compartir en Twitter' rel=\"noopener\"><span class='avia_hidden_link_text'>Compartir en Twitter<\/span><\/a><\/li><li class='av-share-link av-social-link-whatsapp' ><a target=\"_blank\" aria-label=\"Compartir en Whatsapp\" href='https:\/\/api.whatsapp.com\/send?text=https:\/\/radiorevelacionfm.cl\/?p=33261' aria-hidden='false' data-av_icon='\uf232' data-av_iconfont='entypo-fontello' title='' data-avia-related-tooltip='Compartir en Whatsapp' rel=\"noopener\"><span class='avia_hidden_link_text'>Compartir en Whatsapp<\/span><\/a><\/li><li class='av-share-link av-social-link-linkedin' ><a target=\"_blank\" aria-label=\"Compartir en LinkedIn\" href='https:\/\/linkedin.com\/shareArticle?mini=true&#038;title=Alerta%20Preventiva%20para%20la%20regi%C3%B3n%20de%20Ays%C3%A9n%20por%20sistema%20frontal%20que%20afectar%C3%A1%20a%20la%20zona&#038;url=https:\/\/radiorevelacionfm.cl\/?p=33261' aria-hidden='false' data-av_icon='\ue8fc' data-av_iconfont='entypo-fontello' title='' data-avia-related-tooltip='Compartir en LinkedIn' rel=\"noopener\"><span class='avia_hidden_link_text'>Compartir en LinkedIn<\/span><\/a><\/li><li class='av-share-link av-social-link-mail' ><a  aria-label=\"Compartir por correo\" href='mailto:?subject=Alerta%20Preventiva%20para%20la%20regi%C3%B3n%20de%20Ays%C3%A9n%20por%20sistema%20frontal%20que%20afectar%C3%A1%20a%20la%20zona&#038;body=https:\/\/radiorevelacionfm.cl\/?p=33261' aria-hidden='false' data-av_icon='\ue805' data-av_iconfont='entypo-fontello' title='' data-avia-related-tooltip='Compartir por correo'><span class='avia_hidden_link_text'>Compartir por correo<\/span><\/a><\/li><\/ul><\/div><\/div>\n<div  style='height:50px' class='hr hr-invisible   avia-builder-el-8  el_after_av_social_share  el_before_av_comments_list '><span class='hr-inner ' ><span class='hr-inner-style'><\/span><\/span><\/div>\n<div  class='av-buildercomment  av-blog-meta-html-info-disabled av-blog-meta-tag-disabled  '><\/div>\n","protected":false},"excerpt":{"rendered":"","protected":false},"author":1,"featured_media":33262,"comment_status":"open","ping_status":"open","sticky":false,"template":"","format":"standard","meta":{"footnotes":""},"categories":[38],"tags":[],"class_list":["post-33261","post","type-post","status-publish","format-standard","has-post-thumbnail","hentry","category-regional"],"jetpack_featured_media_url":"https:\/\/radiorevelacionfm.cl\/wp-content\/uploads\/2023\/07\/lluvia-intensa-1_optimized.jpeg","_links":{"self":[{"href":"https:\/\/radiorevelacionfm.cl\/index.php?rest_route=\/wp\/v2\/posts\/33261","targetHints":{"allow":["GET"]}}],"collection":[{"href":"https:\/\/radiorevelacionfm.cl\/index.php?rest_route=\/wp\/v2\/posts"}],"about":[{"href":"https:\/\/radiorevelacionfm.cl\/index.php?rest_route=\/wp\/v2\/types\/post"}],"author":[{"embeddable":true,"href":"https:\/\/radiorevelacionfm.cl\/index.php?rest_route=\/wp\/v2\/users\/1"}],"replies":[{"embeddable":true,"href":"https:\/\/radiorevelacionfm.cl\/index.php?rest_route=%2Fwp%2Fv2%2Fcomments&post=33261"}],"version-history":[{"count":3,"href":"https:\/\/radiorevelacionfm.cl\/index.php?rest_route=\/wp\/v2\/posts\/33261\/revisions"}],"predecessor-version":[{"id":33328,"href":"https:\/\/radiorevelacionfm.cl\/index.php?rest_route=\/wp\/v2\/posts\/33261\/revisions\/33328"}],"wp:featuredmedia":[{"embeddable":true,"href":"https:\/\/radiorevelacionfm.cl\/index.php?rest_route=\/wp\/v2\/media\/33262"}],"wp:attachment":[{"href":"https:\/\/radiorevelacionfm.cl\/index.php?rest_route=%2Fwp%2Fv2%2Fmedia&parent=33261"}],"wp:term":[{"taxonomy":"category","embeddable":true,"href":"https:\/\/radiorevelacionfm.cl\/index.php?rest_route=%2Fwp%2Fv2%2Fcategories&post=33261"},{"taxonomy":"post_tag","embeddable":true,"href":"https:\/\/radiorevelacionfm.cl\/index.php?rest_route=%2Fwp%2Fv2%2Ftags&post=33261"}],"curies":[{"name":"wp","href":"https:\/\/api.w.org\/{rel}","templated":true}]}}