{"id":33258,"date":"2023-07-26T21:17:57","date_gmt":"2023-07-27T00:17:57","guid":{"rendered":"https:\/\/radiorevelacionfm.cl\/?p=33258"},"modified":"2023-07-26T21:17:57","modified_gmt":"2023-07-27T00:17:57","slug":"raphael-tras-movilizaciones-de-asistentes-de-la-educacion-para-el-estado-de-chile-y-el-gobierno-actual-los-asistentes-son-funcionarios-publicos-de-segunda-categoria","status":"publish","type":"post","link":"https:\/\/radiorevelacionfm.cl\/?p=33258","title":{"rendered":"Raphael tras movilizaciones de asistentes de la educaci\u00f3n: \u201cPara El Estado de Chile y el gobierno actual, los asistentes son funcionarios p\u00fablicos de segunda categor\u00eda\u201d"},"content":{"rendered":"<div class=\"flex_column av_one_full  flex_column_div av-zero-column-padding first  avia-builder-el-0  el_before_av_one_full  avia-builder-el-first  \" style='border-radius:0px; '><div  class='avia-image-container  av-styling-    avia-builder-el-1  avia-builder-el-no-sibling  avia-align-center '  itemprop=\"image\" itemscope=\"itemscope\" itemtype=\"https:\/\/schema.org\/ImageObject\"  ><div class='avia-image-container-inner'><div class='avia-image-overlay-wrap'><img decoding=\"async\" class='wp-image-33259 avia-img-lazy-loading-not-33259 avia_image' src=\"https:\/\/radiorevelacionfm.cl\/wp-content\/uploads\/2023\/07\/image-2023-07-26T162633.911-1.jpg\" alt='' title='image - 2023-07-26T162633.911 (1)' height=\"600\" width=\"805\"  itemprop=\"thumbnailUrl\" srcset=\"https:\/\/radiorevelacionfm.cl\/wp-content\/uploads\/2023\/07\/image-2023-07-26T162633.911-1.jpg 805w, https:\/\/radiorevelacionfm.cl\/wp-content\/uploads\/2023\/07\/image-2023-07-26T162633.911-1-300x224.jpg 300w, https:\/\/radiorevelacionfm.cl\/wp-content\/uploads\/2023\/07\/image-2023-07-26T162633.911-1-768x572.jpg 768w, https:\/\/radiorevelacionfm.cl\/wp-content\/uploads\/2023\/07\/image-2023-07-26T162633.911-1-705x525.jpg 705w, https:\/\/radiorevelacionfm.cl\/wp-content\/uploads\/2023\/07\/image-2023-07-26T162633.911-1-450x335.jpg 450w, https:\/\/radiorevelacionfm.cl\/wp-content\/uploads\/2023\/07\/image-2023-07-26T162633.911-1-600x447.jpg 600w\" sizes=\"(max-width: 805px) 100vw, 805px\" \/><\/div><\/div><\/div><\/div><div class=\"flex_column av_one_full  flex_column_div av-zero-column-padding first  avia-builder-el-2  el_after_av_one_full  el_before_av_one_full  column-top-margin\" style='border-radius:0px; '><section class=\"av_textblock_section \"  itemscope=\"itemscope\" itemtype=\"https:\/\/schema.org\/BlogPosting\" itemprop=\"blogPost\" ><div class='avia_textblock  '   itemprop=\"text\" ><p style=\"text-align: center;\"><span style=\"font-size: 18pt;\"><strong>Raphael tras movilizaciones de asistentes de la educaci\u00f3n: \u201cPara El Estado de Chile y el gobierno actual, los asistentes son funcionarios p\u00fablicos de segunda categor\u00eda\u201d<\/strong><\/span><\/p>\n<div id=\"gtx-trans\" style=\"position: absolute; left: -50px; top: 4.31534px;\">\n<div class=\"gtx-trans-icon\"><\/div>\n<\/div>\n<\/div><\/section><\/div><div class=\"flex_column av_one_full  flex_column_div av-zero-column-padding first  avia-builder-el-4  el_after_av_one_full  el_before_av_hr  column-top-margin\" style='border-radius:0px; '><section class=\"av_textblock_section \"  itemscope=\"itemscope\" itemtype=\"https:\/\/schema.org\/BlogPosting\" itemprop=\"blogPost\" ><div class='avia_textblock  '   itemprop=\"text\" ><p style=\"text-align: justify;\">Desde el lunes de la semana en curso, los asistentes de la educaci\u00f3n se han movilizado en la Regi\u00f3n de Ays\u00e9n y en distintas zonas del pa\u00eds. Los asistentes han exigido al gobierno del presidente Gabriel Boric y a los Ministros de Educaci\u00f3n y Hacienda, que se les pueda pagar la asignaci\u00f3n de zona, que seg\u00fan argumentan los dirigentes les corresponde por el hecho de ser funcionarios p\u00fablicos.<\/p>\n<p style=\"text-align: justify;\">La diputada por Ays\u00e9n Marcia Raphael Mora ha apoyado fuertemente la petici\u00f3n de los cientos de asistentes de la educaci\u00f3n de la regi\u00f3n de Ays\u00e9n. Seg\u00fan comenta la legisladora, no se entiende por qu\u00e9 motivo el Estado de Chile y el gobierno del Presidente Gabriel Boric, se han negado desde la implementaci\u00f3n de la Ley N\u00b021.040, a considerar a los asistentes de la educaci\u00f3n en el pago de la asignaci\u00f3n de zona.<\/p>\n<p style=\"text-align: justify;\">La legisladora de la regi\u00f3n de Ays\u00e9n e integrante de la comisi\u00f3n de educaci\u00f3n de la c\u00e1mara baja ha hecho llegar la tan anhelada demanda de los asistentes de la educaci\u00f3n al Ministro de Educaci\u00f3n Marco \u00c1vila y al Ministro de Hacienda Mario Marcel. Raphael detalla que espera que el ejecutivo pueda dar una respuesta satisfactoria y puedan considerar a los asistentes de la educaci\u00f3n en el pago de la asignaci\u00f3n de zona, tal como sucede con otros funcionarios p\u00fablicos.<\/p>\n<p style=\"text-align: justify;\">\u201cEsperamos que el gobierno acoja las demandas de los asistentes de la educaci\u00f3n y puedan considerar el pago de la asignaci\u00f3n de zona en el presupuesto del a\u00f1o 2024. No se entiende el motivo concreto de por qu\u00e9 no est\u00e1n considerados en dicho pago, m\u00e1s a\u00fan cuando cumplen una labor indispensable para el funcionamiento de los establecimientos y en el cumplimiento de los distintos proyectos educativos\u201d se\u00f1al\u00f3 Raphael.<\/p>\n<p style=\"text-align: justify;\">Raphael (RN) espera que cuanto antes se pueda llegar a un acuerdo satisfactorio que permita el pago efectivo de la asignaci\u00f3n de zona y en deponer las movilizaciones que empezaron el pasado lunes y se extienden a nivel nacional.<\/p>\n<p style=\"text-align: justify;\">\u201cEsta leg\u00edtima demanda de los asistentes de la educaci\u00f3n ha sido abordada por el gobierno actual con dos estudios y mesas de trabajo. A esta altura, m\u00e1s que mesas de trabajo, necesitamos respuestas efectivas y concretas, que tanto esperan los asistentes de la educaci\u00f3n\u201d sentenci\u00f3 Raphael.<\/p>\n<\/div><\/section><\/div><div  style='height:50px' class='hr hr-invisible   avia-builder-el-6  el_after_av_one_full  el_before_av_social_share '><span class='hr-inner ' ><span class='hr-inner-style'><\/span><\/span><\/div><\/p>\n<div  class='av-social-sharing-box  avia-builder-el-7  el_after_av_hr  el_before_av_hr  '><div class='av-share-box'><h5 class='av-share-link-description av-no-toc '>Compartir esta noticia<\/h5><ul class='av-share-box-list noLightbox'><li class='av-share-link av-social-link-facebook' ><a target=\"_blank\" aria-label=\"Compartir en Facebook\" href='https:\/\/www.facebook.com\/sharer.php?u=https:\/\/radiorevelacionfm.cl\/?p=33258&#038;t=Raphael%20tras%20movilizaciones%20de%20asistentes%20de%20la%20educaci%C3%B3n%3A%20%E2%80%9CPara%20El%20Estado%20de%20Chile%20y%20el%20gobierno%20actual%2C%20los%20asistentes%20son%20funcionarios%20p%C3%BAblicos%20de%20segunda%20categor%C3%ADa%E2%80%9D' aria-hidden='false' data-av_icon='\ue8f3' data-av_iconfont='entypo-fontello' title='' data-avia-related-tooltip='Compartir en Facebook' rel=\"noopener\"><span class='avia_hidden_link_text'>Compartir en Facebook<\/span><\/a><\/li><li class='av-share-link av-social-link-twitter' ><a target=\"_blank\" aria-label=\"Compartir en Twitter\" href='https:\/\/twitter.com\/share?text=Raphael%20tras%20movilizaciones%20de%20asistentes%20de%20la%20educaci%C3%B3n%3A%20%E2%80%9CPara%20El%20Estado%20de%20Chile%20y%20el%20gobierno%20actual%2C%20los%20asistentes%20son%20funcionarios%20p%C3%BAblicos%20de%20segunda%20categor%C3%ADa%E2%80%9D&#038;url=https:\/\/radiorevelacionfm.cl\/?p=33258' aria-hidden='false' data-av_icon='\ue8f1' data-av_iconfont='entypo-fontello' title='' data-avia-related-tooltip='Compartir en Twitter' rel=\"noopener\"><span class='avia_hidden_link_text'>Compartir en Twitter<\/span><\/a><\/li><li class='av-share-link av-social-link-whatsapp' ><a target=\"_blank\" aria-label=\"Compartir en Whatsapp\" href='https:\/\/api.whatsapp.com\/send?text=https:\/\/radiorevelacionfm.cl\/?p=33258' aria-hidden='false' data-av_icon='\uf232' data-av_iconfont='entypo-fontello' title='' data-avia-related-tooltip='Compartir en Whatsapp' rel=\"noopener\"><span class='avia_hidden_link_text'>Compartir en Whatsapp<\/span><\/a><\/li><li class='av-share-link av-social-link-linkedin' ><a target=\"_blank\" aria-label=\"Compartir en LinkedIn\" href='https:\/\/linkedin.com\/shareArticle?mini=true&#038;title=Raphael%20tras%20movilizaciones%20de%20asistentes%20de%20la%20educaci%C3%B3n%3A%20%E2%80%9CPara%20El%20Estado%20de%20Chile%20y%20el%20gobierno%20actual%2C%20los%20asistentes%20son%20funcionarios%20p%C3%BAblicos%20de%20segunda%20categor%C3%ADa%E2%80%9D&#038;url=https:\/\/radiorevelacionfm.cl\/?p=33258' aria-hidden='false' data-av_icon='\ue8fc' data-av_iconfont='entypo-fontello' title='' data-avia-related-tooltip='Compartir en LinkedIn' rel=\"noopener\"><span class='avia_hidden_link_text'>Compartir en LinkedIn<\/span><\/a><\/li><li class='av-share-link av-social-link-mail' ><a  aria-label=\"Compartir por correo\" href='mailto:?subject=Raphael%20tras%20movilizaciones%20de%20asistentes%20de%20la%20educaci%C3%B3n%3A%20%E2%80%9CPara%20El%20Estado%20de%20Chile%20y%20el%20gobierno%20actual%2C%20los%20asistentes%20son%20funcionarios%20p%C3%BAblicos%20de%20segunda%20categor%C3%ADa%E2%80%9D&#038;body=https:\/\/radiorevelacionfm.cl\/?p=33258' aria-hidden='false' data-av_icon='\ue805' data-av_iconfont='entypo-fontello' title='' data-avia-related-tooltip='Compartir por correo'><span class='avia_hidden_link_text'>Compartir por correo<\/span><\/a><\/li><\/ul><\/div><\/div>\n<div  style='height:50px' class='hr hr-invisible   avia-builder-el-8  el_after_av_social_share  el_before_av_comments_list '><span class='hr-inner ' ><span class='hr-inner-style'><\/span><\/span><\/div>\n<div  class='av-buildercomment  av-blog-meta-html-info-disabled av-blog-meta-tag-disabled  '><\/div>\n","protected":false},"excerpt":{"rendered":"","protected":false},"author":1,"featured_media":33259,"comment_status":"open","ping_status":"open","sticky":false,"template":"","format":"standard","meta":{"footnotes":""},"categories":[35],"tags":[],"class_list":["post-33258","post","type-post","status-publish","format-standard","has-post-thumbnail","hentry","category-politica"],"jetpack_featured_media_url":"https:\/\/radiorevelacionfm.cl\/wp-content\/uploads\/2023\/07\/image-2023-07-26T162633.911-1.jpg","_links":{"self":[{"href":"https:\/\/radiorevelacionfm.cl\/index.php?rest_route=\/wp\/v2\/posts\/33258","targetHints":{"allow":["GET"]}}],"collection":[{"href":"https:\/\/radiorevelacionfm.cl\/index.php?rest_route=\/wp\/v2\/posts"}],"about":[{"href":"https:\/\/radiorevelacionfm.cl\/index.php?rest_route=\/wp\/v2\/types\/post"}],"author":[{"embeddable":true,"href":"https:\/\/radiorevelacionfm.cl\/index.php?rest_route=\/wp\/v2\/users\/1"}],"replies":[{"embeddable":true,"href":"https:\/\/radiorevelacionfm.cl\/index.php?rest_route=%2Fwp%2Fv2%2Fcomments&post=33258"}],"version-history":[{"count":1,"href":"https:\/\/radiorevelacionfm.cl\/index.php?rest_route=\/wp\/v2\/posts\/33258\/revisions"}],"predecessor-version":[{"id":33260,"href":"https:\/\/radiorevelacionfm.cl\/index.php?rest_route=\/wp\/v2\/posts\/33258\/revisions\/33260"}],"wp:featuredmedia":[{"embeddable":true,"href":"https:\/\/radiorevelacionfm.cl\/index.php?rest_route=\/wp\/v2\/media\/33259"}],"wp:attachment":[{"href":"https:\/\/radiorevelacionfm.cl\/index.php?rest_route=%2Fwp%2Fv2%2Fmedia&parent=33258"}],"wp:term":[{"taxonomy":"category","embeddable":true,"href":"https:\/\/radiorevelacionfm.cl\/index.php?rest_route=%2Fwp%2Fv2%2Fcategories&post=33258"},{"taxonomy":"post_tag","embeddable":true,"href":"https:\/\/radiorevelacionfm.cl\/index.php?rest_route=%2Fwp%2Fv2%2Ftags&post=33258"}],"curies":[{"name":"wp","href":"https:\/\/api.w.org\/{rel}","templated":true}]}}