{"id":33255,"date":"2023-07-29T18:06:11","date_gmt":"2023-07-29T21:06:11","guid":{"rendered":"https:\/\/radiorevelacionfm.cl\/?p=33255"},"modified":"2023-07-29T18:06:11","modified_gmt":"2023-07-29T21:06:11","slug":"agentes-culturales-de-la-region-se-capacitan-en-la-elaboracion-de-planes-de-gestion","status":"publish","type":"post","link":"https:\/\/radiorevelacionfm.cl\/?p=33255","title":{"rendered":"Agentes culturales de la regi\u00f3n se capacitan en la elaboraci\u00f3n de planes de gesti\u00f3n"},"content":{"rendered":"<div class=\"flex_column av_one_full  flex_column_div av-zero-column-padding first  avia-builder-el-0  el_before_av_one_full  avia-builder-el-first  \" style='border-radius:0px; '><div  class='avia-image-container  av-styling-    avia-builder-el-1  avia-builder-el-no-sibling  avia-align-center '  itemprop=\"image\" itemscope=\"itemscope\" itemtype=\"https:\/\/schema.org\/ImageObject\"  ><div class='avia-image-container-inner'><div class='avia-image-overlay-wrap'><img decoding=\"async\" class='wp-image-33256 avia-img-lazy-loading-not-33256 avia_image' src=\"https:\/\/radiorevelacionfm.cl\/wp-content\/uploads\/2023\/07\/Clase-online-Corporacion-Cultural-Arte-y-Vida-1-1.jpg\" alt='' title='Clase online Corporaci\u00f3n Cultural Arte y Vida (1) (1)' height=\"600\" width=\"1168\"  itemprop=\"thumbnailUrl\" srcset=\"https:\/\/radiorevelacionfm.cl\/wp-content\/uploads\/2023\/07\/Clase-online-Corporacion-Cultural-Arte-y-Vida-1-1.jpg 1168w, https:\/\/radiorevelacionfm.cl\/wp-content\/uploads\/2023\/07\/Clase-online-Corporacion-Cultural-Arte-y-Vida-1-1-300x154.jpg 300w, https:\/\/radiorevelacionfm.cl\/wp-content\/uploads\/2023\/07\/Clase-online-Corporacion-Cultural-Arte-y-Vida-1-1-1030x529.jpg 1030w, https:\/\/radiorevelacionfm.cl\/wp-content\/uploads\/2023\/07\/Clase-online-Corporacion-Cultural-Arte-y-Vida-1-1-768x395.jpg 768w, https:\/\/radiorevelacionfm.cl\/wp-content\/uploads\/2023\/07\/Clase-online-Corporacion-Cultural-Arte-y-Vida-1-1-705x362.jpg 705w, https:\/\/radiorevelacionfm.cl\/wp-content\/uploads\/2023\/07\/Clase-online-Corporacion-Cultural-Arte-y-Vida-1-1-450x231.jpg 450w, https:\/\/radiorevelacionfm.cl\/wp-content\/uploads\/2023\/07\/Clase-online-Corporacion-Cultural-Arte-y-Vida-1-1-600x308.jpg 600w\" sizes=\"(max-width: 1168px) 100vw, 1168px\" \/><\/div><\/div><\/div><\/div><div class=\"flex_column av_one_full  flex_column_div av-zero-column-padding first  avia-builder-el-2  el_after_av_one_full  el_before_av_one_full  column-top-margin\" style='border-radius:0px; '><section class=\"av_textblock_section \"  itemscope=\"itemscope\" itemtype=\"https:\/\/schema.org\/BlogPosting\" itemprop=\"blogPost\" ><div class='avia_textblock  '   itemprop=\"text\" ><p style=\"text-align: center;\"><strong><span style=\"font-size: 18pt;\">Agentes culturales de la regi\u00f3n se capacitan en la elaboraci\u00f3n de planes de gesti\u00f3n<\/span><\/strong><\/p>\n<div id=\"gtx-trans\" style=\"position: absolute; left: -50px; top: 4.31534px;\">\n<div class=\"gtx-trans-icon\"><\/div>\n<\/div>\n<\/div><\/section><\/div><div class=\"flex_column av_one_full  flex_column_div av-zero-column-padding first  avia-builder-el-4  el_after_av_one_full  el_before_av_hr  column-top-margin\" style='border-radius:0px; '><section class=\"av_textblock_section \"  itemscope=\"itemscope\" itemtype=\"https:\/\/schema.org\/BlogPosting\" itemprop=\"blogPost\" ><div class='avia_textblock  '   itemprop=\"text\" ><p class=\"Cuerpo\" style=\"text-align: justify;\"><span class=\"Ninguno\"><i><span lang=\"ES-TRAD\" style=\"background: white;\">Son seis meses de formaci\u00f3n los que recibir\u00e1n agentes territoriales de base comunitaria y encargados de cultura para potenciar la articulaci\u00f3n territorial, la colaboraci\u00f3n de redes y demandas de las comunidades en materia art\u00edstica.<\/span><\/i><\/span><\/p>\n<p class=\"Cuerpo\" style=\"text-align: justify;\"><span class=\"Ninguno\"><span lang=\"ES-TRAD\" style=\"background: white;\">Desde los encuentros territoriales norte y sur ocurridos en Ma\u00f1ihuales y Chile Chico, en mayo, la Seremi de las Culturas Ays\u00e9n y la Corporaci\u00f3n Cultural Arte y Vida de Coelemu mantienen un ajetreado trabajo formativo para la entrega de herramientas y asesor\u00eda en planes de gesti\u00f3n a 23 representantes de la regi\u00f3n bajo modalidad telem\u00e1tica.<\/span><\/span><\/p>\n<p class=\"Cuerpo\" style=\"text-align: justify;\"><span class=\"Ninguno\"><span lang=\"ES-TRAD\" style=\"background: white;\">A trav\u00e9s del convenio colaborativo \u201cFortaleciendo las redes de Ays\u00e9n\u201d, que cont\u00f3 con un monto de $11.300.000, ambas entidades establecieron una hoja de ruta para capacitar a agentes locales provenientes de todas las comunas. Esta alianza tiene directo impacto en la proyecci\u00f3n a mediano y largo plazo de las agrupaciones culturales al instalar herramientas de gesti\u00f3n que permitan planificar sus acciones en el tejido social.<\/span><\/span><\/p>\n<p class=\"Cuerpo\" style=\"text-align: justify;\"><span class=\"Ninguno\"><span lang=\"ES-TRAD\" style=\"background: white;\">\u201c<\/span><span lang=\"ES-TRAD\">Hemos visto distintas unidades relacionadas a qu\u00e9 es la gesti\u00f3n, c\u00f3mo aplicarla, hablado de diagn\u00f3stico, de planificaci\u00f3n estrat\u00e9gica, entonces desde ah\u00ed estamos hoy trabajando\u201d, sostiene Ricardo Valderrama, director ejecutivo de la Corporaci\u00f3n Cultural Arte y Vida, que junto a la capacitaci\u00f3n tienen el compromiso de realizar un trabajo en terreno con al menos cuatro mesas, agrupaciones o espacios culturales durante este segundo semestre.<\/span><\/span><\/p>\n<p class=\"Cuerpo\" style=\"text-align: justify;\"><span class=\"Ninguno\"><span lang=\"ES-TRAD\" style=\"background: white;\">Respecto a la modalidad, las clases son sincr\u00f3nicas cada 15 d\u00edas. El resto de material educativo y contenido multimedia, entre ellos grabaciones de aulas para acceder en horarios libres, se encuentra albergado en una plataforma especialmente dise\u00f1ada para facilitar el acceso y la retroalimentaci\u00f3n. <\/span><\/span><\/p>\n<p class=\"Cuerpo\" style=\"text-align: justify;\"><span class=\"Ninguno\"><span lang=\"ES-TRAD\" style=\"background: white;\">Para complementar los aprendizajes, cada asistente debe entregar tareas o avances, algo que la artesana de Cisnes, Noelia Cabrera valora: \u201c<\/span><span lang=\"ES-TRAD\">Hasta el momento la capacitaci\u00f3n con Arte y Vida ha sido bastante gratificante, nos han estado compartiendo sus experiencias en la formaci\u00f3n de sus planes de gesti\u00f3n y, con el ejemplo, han mostrado la importancia del punto de partida de elaborar una visi\u00f3n, una misi\u00f3n, bien estructurada\u201d. <\/span><\/span><\/p>\n<p class=\"Cuerpo\" style=\"text-align: justify;\"><span class=\"Ninguno\"><span lang=\"ES-TRAD\" style=\"background: white;\">Leila Nates, narradora oral de Los Torreones, pone el acento en las experiencias de aprendizajes y procesos formativos: \u201c<\/span><span lang=\"ES-TRAD\">Lo que m\u00e1s destaco es que es bastante pertinente, son muy abiertos a propuestas y a lo que uno dice, y me gusta que uno va enfocando y ordenando mucho m\u00e1s las ideas que pueda tener para su organizaci\u00f3n\u201d.<\/span><\/span><\/p>\n<p class=\"Cuerpo\" style=\"text-align: justify;\"><span class=\"Ninguno\"><span lang=\"ES-TRAD\" style=\"background: white;\">Desde Puerto Ays\u00e9n, la gestora cultural e integrante de Colectiva Imaginarios, Isabel Aguilar, manifiesta: \u201c<\/span><span lang=\"ES-TRAD\">Siento que en general uno puede proyectar este tipo de conocimientos no s\u00f3lo a una organizaci\u00f3n, sino que a distintas formas de hacer cultura y arte. Creo que lo que te ense\u00f1an o evidencia los profesores, se puede aplicar tanto a un trabajo colectivo en esta \u00e1rea como tambi\u00e9n desde tu quehacer individual como gestor, como artista, incluso como cultor\u201d.<\/span><\/span><\/p>\n<p class=\"Cuerpo\" style=\"text-align: justify;\"><span class=\"Ninguno\"><span lang=\"ES-TRAD\">En tanto, el seremi de las Culturas Ays\u00e9n, Felipe Quiroz, rescat\u00f3 la demanda hist\u00f3rica orientada a la educaci\u00f3n y formaci\u00f3n de agentes culturales que componen la Regi\u00f3n de Ays\u00e9n, la que con el presente convenio abre posibilidades en una zona geogr\u00e1fica cuyas caracter\u00edsticas difieren del resto de Chile. \u201cEste tipo de trabajo tambi\u00e9n se hace necesario porque potencia las capacidades t\u00e9cnicas que tienen las organizaciones de base comunitaria en el territorio y que, adem\u00e1s, va a tener la posibilidad de generar un di\u00e1logo con respecto al trabajo que han desarrollado durante estos meses en el Encuentro Regional con Identidad a fin de a\u00f1o en Melinka\u201d. <\/span><\/span><span lang=\"ES-TRAD\" style=\"font-family: 'Segoe UI','sans-serif'; color: #888889; background: white;\">\u00a0<\/span><\/p>\n<\/div><\/section><\/div><div  style='height:50px' class='hr hr-invisible   avia-builder-el-6  el_after_av_one_full  el_before_av_social_share '><span class='hr-inner ' ><span class='hr-inner-style'><\/span><\/span><\/div><\/p>\n<div  class='av-social-sharing-box  avia-builder-el-7  el_after_av_hr  el_before_av_hr  '><div class='av-share-box'><h5 class='av-share-link-description av-no-toc '>Compartir esta noticia<\/h5><ul class='av-share-box-list noLightbox'><li class='av-share-link av-social-link-facebook' ><a target=\"_blank\" aria-label=\"Compartir en Facebook\" href='https:\/\/www.facebook.com\/sharer.php?u=https:\/\/radiorevelacionfm.cl\/?p=33255&#038;t=Agentes%20culturales%20de%20la%20regi%C3%B3n%20se%20capacitan%20en%20la%20elaboraci%C3%B3n%20de%20planes%20de%20gesti%C3%B3n' aria-hidden='false' data-av_icon='\ue8f3' data-av_iconfont='entypo-fontello' title='' data-avia-related-tooltip='Compartir en Facebook' rel=\"noopener\"><span class='avia_hidden_link_text'>Compartir en Facebook<\/span><\/a><\/li><li class='av-share-link av-social-link-twitter' ><a target=\"_blank\" aria-label=\"Compartir en Twitter\" href='https:\/\/twitter.com\/share?text=Agentes%20culturales%20de%20la%20regi%C3%B3n%20se%20capacitan%20en%20la%20elaboraci%C3%B3n%20de%20planes%20de%20gesti%C3%B3n&#038;url=https:\/\/radiorevelacionfm.cl\/?p=33255' aria-hidden='false' data-av_icon='\ue8f1' data-av_iconfont='entypo-fontello' title='' data-avia-related-tooltip='Compartir en Twitter' rel=\"noopener\"><span class='avia_hidden_link_text'>Compartir en Twitter<\/span><\/a><\/li><li class='av-share-link av-social-link-whatsapp' ><a target=\"_blank\" aria-label=\"Compartir en Whatsapp\" href='https:\/\/api.whatsapp.com\/send?text=https:\/\/radiorevelacionfm.cl\/?p=33255' aria-hidden='false' data-av_icon='\uf232' data-av_iconfont='entypo-fontello' title='' data-avia-related-tooltip='Compartir en Whatsapp' rel=\"noopener\"><span class='avia_hidden_link_text'>Compartir en Whatsapp<\/span><\/a><\/li><li class='av-share-link av-social-link-linkedin' ><a target=\"_blank\" aria-label=\"Compartir en LinkedIn\" href='https:\/\/linkedin.com\/shareArticle?mini=true&#038;title=Agentes%20culturales%20de%20la%20regi%C3%B3n%20se%20capacitan%20en%20la%20elaboraci%C3%B3n%20de%20planes%20de%20gesti%C3%B3n&#038;url=https:\/\/radiorevelacionfm.cl\/?p=33255' aria-hidden='false' data-av_icon='\ue8fc' data-av_iconfont='entypo-fontello' title='' data-avia-related-tooltip='Compartir en LinkedIn' rel=\"noopener\"><span class='avia_hidden_link_text'>Compartir en LinkedIn<\/span><\/a><\/li><li class='av-share-link av-social-link-mail' ><a  aria-label=\"Compartir por correo\" href='mailto:?subject=Agentes%20culturales%20de%20la%20regi%C3%B3n%20se%20capacitan%20en%20la%20elaboraci%C3%B3n%20de%20planes%20de%20gesti%C3%B3n&#038;body=https:\/\/radiorevelacionfm.cl\/?p=33255' aria-hidden='false' data-av_icon='\ue805' data-av_iconfont='entypo-fontello' title='' data-avia-related-tooltip='Compartir por correo'><span class='avia_hidden_link_text'>Compartir por correo<\/span><\/a><\/li><\/ul><\/div><\/div>\n<div  style='height:50px' class='hr hr-invisible   avia-builder-el-8  el_after_av_social_share  el_before_av_comments_list '><span class='hr-inner ' ><span class='hr-inner-style'><\/span><\/span><\/div>\n<div  class='av-buildercomment  av-blog-meta-html-info-disabled av-blog-meta-tag-disabled  '><\/div>\n","protected":false},"excerpt":{"rendered":"","protected":false},"author":1,"featured_media":33256,"comment_status":"open","ping_status":"open","sticky":false,"template":"","format":"standard","meta":{"footnotes":""},"categories":[52],"tags":[],"class_list":["post-33255","post","type-post","status-publish","format-standard","has-post-thumbnail","hentry","category-cultura"],"jetpack_featured_media_url":"https:\/\/radiorevelacionfm.cl\/wp-content\/uploads\/2023\/07\/Clase-online-Corporacion-Cultural-Arte-y-Vida-1-1.jpg","_links":{"self":[{"href":"https:\/\/radiorevelacionfm.cl\/index.php?rest_route=\/wp\/v2\/posts\/33255","targetHints":{"allow":["GET"]}}],"collection":[{"href":"https:\/\/radiorevelacionfm.cl\/index.php?rest_route=\/wp\/v2\/posts"}],"about":[{"href":"https:\/\/radiorevelacionfm.cl\/index.php?rest_route=\/wp\/v2\/types\/post"}],"author":[{"embeddable":true,"href":"https:\/\/radiorevelacionfm.cl\/index.php?rest_route=\/wp\/v2\/users\/1"}],"replies":[{"embeddable":true,"href":"https:\/\/radiorevelacionfm.cl\/index.php?rest_route=%2Fwp%2Fv2%2Fcomments&post=33255"}],"version-history":[{"count":1,"href":"https:\/\/radiorevelacionfm.cl\/index.php?rest_route=\/wp\/v2\/posts\/33255\/revisions"}],"predecessor-version":[{"id":33257,"href":"https:\/\/radiorevelacionfm.cl\/index.php?rest_route=\/wp\/v2\/posts\/33255\/revisions\/33257"}],"wp:featuredmedia":[{"embeddable":true,"href":"https:\/\/radiorevelacionfm.cl\/index.php?rest_route=\/wp\/v2\/media\/33256"}],"wp:attachment":[{"href":"https:\/\/radiorevelacionfm.cl\/index.php?rest_route=%2Fwp%2Fv2%2Fmedia&parent=33255"}],"wp:term":[{"taxonomy":"category","embeddable":true,"href":"https:\/\/radiorevelacionfm.cl\/index.php?rest_route=%2Fwp%2Fv2%2Fcategories&post=33255"},{"taxonomy":"post_tag","embeddable":true,"href":"https:\/\/radiorevelacionfm.cl\/index.php?rest_route=%2Fwp%2Fv2%2Ftags&post=33255"}],"curies":[{"name":"wp","href":"https:\/\/api.w.org\/{rel}","templated":true}]}}