{"id":33252,"date":"2023-07-26T17:28:36","date_gmt":"2023-07-26T20:28:36","guid":{"rendered":"https:\/\/radiorevelacionfm.cl\/?p=33252"},"modified":"2023-07-26T17:28:36","modified_gmt":"2023-07-26T20:28:36","slug":"infor-presento-avances-del-programa-silvicola-ante-concejo-municipal-de-tortel","status":"publish","type":"post","link":"https:\/\/radiorevelacionfm.cl\/?p=33252","title":{"rendered":"Infor present\u00f3 avances del Programa Silv\u00edcola ante Concejo Municipal de Tortel"},"content":{"rendered":"<div class=\"flex_column av_one_full  flex_column_div av-zero-column-padding first  avia-builder-el-0  el_before_av_one_full  avia-builder-el-first  \" style='border-radius:0px; '><div  class='avia-image-container  av-styling-    avia-builder-el-1  avia-builder-el-no-sibling  avia-align-center '  itemprop=\"image\" itemscope=\"itemscope\" itemtype=\"https:\/\/schema.org\/ImageObject\"  ><div class='avia-image-container-inner'><div class='avia-image-overlay-wrap'><img decoding=\"async\" class='wp-image-33253 avia-img-lazy-loading-not-33253 avia_image' src=\"https:\/\/radiorevelacionfm.cl\/wp-content\/uploads\/2023\/07\/infor-en-concejo-mun-tortel-02-1_optimized.jpg\" alt='' title='infor-en-concejo-mun-tortel-02-(1)_optimized' height=\"600\" width=\"1023\"  itemprop=\"thumbnailUrl\" srcset=\"https:\/\/radiorevelacionfm.cl\/wp-content\/uploads\/2023\/07\/infor-en-concejo-mun-tortel-02-1_optimized.jpg 1023w, https:\/\/radiorevelacionfm.cl\/wp-content\/uploads\/2023\/07\/infor-en-concejo-mun-tortel-02-1_optimized-300x176.jpg 300w, https:\/\/radiorevelacionfm.cl\/wp-content\/uploads\/2023\/07\/infor-en-concejo-mun-tortel-02-1_optimized-768x450.jpg 768w, https:\/\/radiorevelacionfm.cl\/wp-content\/uploads\/2023\/07\/infor-en-concejo-mun-tortel-02-1_optimized-705x413.jpg 705w, https:\/\/radiorevelacionfm.cl\/wp-content\/uploads\/2023\/07\/infor-en-concejo-mun-tortel-02-1_optimized-450x264.jpg 450w, https:\/\/radiorevelacionfm.cl\/wp-content\/uploads\/2023\/07\/infor-en-concejo-mun-tortel-02-1_optimized-600x352.jpg 600w\" sizes=\"(max-width: 1023px) 100vw, 1023px\" \/><\/div><\/div><\/div><\/div><div class=\"flex_column av_one_full  flex_column_div av-zero-column-padding first  avia-builder-el-2  el_after_av_one_full  el_before_av_one_full  column-top-margin\" style='border-radius:0px; '><section class=\"av_textblock_section \"  itemscope=\"itemscope\" itemtype=\"https:\/\/schema.org\/BlogPosting\" itemprop=\"blogPost\" ><div class='avia_textblock  '   itemprop=\"text\" ><p style=\"text-align: center;\"><strong><span style=\"font-size: 18pt;\">Infor present\u00f3 avances del Programa Silv\u00edcola ante Concejo Municipal de Tortel<\/span><\/strong><\/p>\n<div id=\"gtx-trans\" style=\"position: absolute; left: -50px; top: 4.31534px;\">\n<div class=\"gtx-trans-icon\"><\/div>\n<\/div>\n<\/div><\/section><\/div><div class=\"flex_column av_one_full  flex_column_div av-zero-column-padding first  avia-builder-el-4  el_after_av_one_full  el_before_av_hr  column-top-margin\" style='border-radius:0px; '><section class=\"av_textblock_section \"  itemscope=\"itemscope\" itemtype=\"https:\/\/schema.org\/BlogPosting\" itemprop=\"blogPost\" ><div class='avia_textblock  '   itemprop=\"text\" ><p style=\"text-align: justify;\">En una sesi\u00f3n del Concejo Municipal de Tortel, un equipo del Instituto Forestal (INFOR) sede Patagonia, present\u00f3 los avances y acciones del Programa FNDR \u00abTransferencia desarrollo productivo para el sector silv\u00edcola de la provincia de Capit\u00e1n Prat\u00bb, que se ejecuta en las tres comunas del territorio en el marco de la Pol\u00edtica Nacional para Zonas Rezagadas.<\/p>\n<p style=\"text-align: justify;\">La iniciativa, que cuenta con el financiamiento del Gobierno Regional de Ays\u00e9n y su Consejo, tiene como objetivo estrechar las brechas detectadas en el sector silv\u00edcola del territorio, mediante capacitaci\u00f3n y transferencia tecnol\u00f3gica.<\/p>\n<p style=\"text-align: justify;\">El alcalde de Tortel, Abel Becerra, destac\u00f3 la importancia de la articulaci\u00f3n estrat\u00e9gica con distintos servicios y, en particular, con INFOR, que ha sido fundamental para impulsar el desarrollo econ\u00f3mico local. \u00abDesde los inicios de la comuna, la producci\u00f3n forestal, con sus productos y subproductos, ha sido un motor esencial para la econom\u00eda de la comuna durante estas seis d\u00e9cadas. El convenio vigente entre el municipio y INFOR ha permitido llevar tecnolog\u00eda y conocimiento a los pobladores, mejorando as\u00ed su calidad de vida en los campos\u00bb.<\/p>\n<p style=\"text-align: justify;\">La presentaci\u00f3n, que estuvo a cargo de la profesional de INFOR, Tamara Segovia y del t\u00e9cnico del programa Jaime Reyes, incluy\u00f3 los objetivos fundamentales del Programa FNDR, su extensi\u00f3n y cobertura. Hasta la fecha, el programa ha beneficiado a 40 productores silv\u00edcolas de las tres comunas que conforman la Provincia de Capit\u00e1n Prat. Los beneficiarios directos del programa son principalmente productores multi-rubro, que dentro del rubro silv\u00edcola se dedican a actividades relacionadas con la producci\u00f3n de madera y le\u00f1a.<\/p>\n<p style=\"text-align: justify;\">Cabe destacar que el INFOR, organismo dependiente del Ministerio de Agricultura, cuenta con una oficina en la comuna de Cochrane, desde donde se ejecuta el programa de desarrollo silv\u00edcola, que entre sus acciones tiene la capacitaci\u00f3n y transferencia t\u00e9cnica y la incorporaci\u00f3n de maquinaria disponible para los beneficiarios.<\/p>\n<p style=\"text-align: justify;\">En relaci\u00f3n a lo anterior, el seremi de Agricultura, Alan Espinoza Ortiz destac\u00f3 que \u00abla tecnificaci\u00f3n de muchos procesos en los campos ha tenido un impacto positivo, ya que hace las actividades m\u00e1s sostenibles en el tiempo y fomentan la permanencia de la vida campesina\u00bb.<\/p>\n<p style=\"text-align: justify;\">Finalmente, Jaime Salinas, gerente de INFOR Sede Patagonia, agradeci\u00f3 la buena recepci\u00f3n del Concejo Municipal de Tortel y su inter\u00e9s por conocer los alcances de este programa. \u00abEs fundamental para la ejecuci\u00f3n de estos programas el contar con la disposici\u00f3n de las autoridades locales, para impulsar en conjunto un desarrollo sostenible y responsable en el sector silv\u00edcola, porque son ellos quienes conocen su comuna y su gente, informaci\u00f3n que nos permite llegar a m\u00e1s beneficiarios en un territorio que es de dif\u00edcil acceso\u201d.<\/p>\n<\/div><\/section><\/div><div  style='height:50px' class='hr hr-invisible   avia-builder-el-6  el_after_av_one_full  el_before_av_social_share '><span class='hr-inner ' ><span class='hr-inner-style'><\/span><\/span><\/div><\/p>\n<div  class='av-social-sharing-box  avia-builder-el-7  el_after_av_hr  el_before_av_hr  '><div class='av-share-box'><h5 class='av-share-link-description av-no-toc '>Compartir esta noticia<\/h5><ul class='av-share-box-list noLightbox'><li class='av-share-link av-social-link-facebook' ><a target=\"_blank\" aria-label=\"Compartir en Facebook\" href='https:\/\/www.facebook.com\/sharer.php?u=https:\/\/radiorevelacionfm.cl\/?p=33252&#038;t=Infor%20present%C3%B3%20avances%20del%20Programa%20Silv%C3%ADcola%20ante%20Concejo%20Municipal%20de%20Tortel' aria-hidden='false' data-av_icon='\ue8f3' data-av_iconfont='entypo-fontello' title='' data-avia-related-tooltip='Compartir en Facebook' rel=\"noopener\"><span class='avia_hidden_link_text'>Compartir en Facebook<\/span><\/a><\/li><li class='av-share-link av-social-link-twitter' ><a target=\"_blank\" aria-label=\"Compartir en Twitter\" href='https:\/\/twitter.com\/share?text=Infor%20present%C3%B3%20avances%20del%20Programa%20Silv%C3%ADcola%20ante%20Concejo%20Municipal%20de%20Tortel&#038;url=https:\/\/radiorevelacionfm.cl\/?p=33252' aria-hidden='false' data-av_icon='\ue8f1' data-av_iconfont='entypo-fontello' title='' data-avia-related-tooltip='Compartir en Twitter' rel=\"noopener\"><span class='avia_hidden_link_text'>Compartir en Twitter<\/span><\/a><\/li><li class='av-share-link av-social-link-whatsapp' ><a target=\"_blank\" aria-label=\"Compartir en Whatsapp\" href='https:\/\/api.whatsapp.com\/send?text=https:\/\/radiorevelacionfm.cl\/?p=33252' aria-hidden='false' data-av_icon='\uf232' data-av_iconfont='entypo-fontello' title='' data-avia-related-tooltip='Compartir en Whatsapp' rel=\"noopener\"><span class='avia_hidden_link_text'>Compartir en Whatsapp<\/span><\/a><\/li><li class='av-share-link av-social-link-linkedin' ><a target=\"_blank\" aria-label=\"Compartir en LinkedIn\" href='https:\/\/linkedin.com\/shareArticle?mini=true&#038;title=Infor%20present%C3%B3%20avances%20del%20Programa%20Silv%C3%ADcola%20ante%20Concejo%20Municipal%20de%20Tortel&#038;url=https:\/\/radiorevelacionfm.cl\/?p=33252' aria-hidden='false' data-av_icon='\ue8fc' data-av_iconfont='entypo-fontello' title='' data-avia-related-tooltip='Compartir en LinkedIn' rel=\"noopener\"><span class='avia_hidden_link_text'>Compartir en LinkedIn<\/span><\/a><\/li><li class='av-share-link av-social-link-mail' ><a  aria-label=\"Compartir por correo\" href='mailto:?subject=Infor%20present%C3%B3%20avances%20del%20Programa%20Silv%C3%ADcola%20ante%20Concejo%20Municipal%20de%20Tortel&#038;body=https:\/\/radiorevelacionfm.cl\/?p=33252' aria-hidden='false' data-av_icon='\ue805' data-av_iconfont='entypo-fontello' title='' data-avia-related-tooltip='Compartir por correo'><span class='avia_hidden_link_text'>Compartir por correo<\/span><\/a><\/li><\/ul><\/div><\/div>\n<div  style='height:50px' class='hr hr-invisible   avia-builder-el-8  el_after_av_social_share  el_before_av_comments_list '><span class='hr-inner ' ><span class='hr-inner-style'><\/span><\/span><\/div>\n<div  class='av-buildercomment  av-blog-meta-html-info-disabled av-blog-meta-tag-disabled  '><\/div>\n","protected":false},"excerpt":{"rendered":"","protected":false},"author":1,"featured_media":33253,"comment_status":"open","ping_status":"open","sticky":false,"template":"","format":"standard","meta":{"footnotes":""},"categories":[38],"tags":[],"class_list":["post-33252","post","type-post","status-publish","format-standard","has-post-thumbnail","hentry","category-regional"],"jetpack_featured_media_url":"https:\/\/radiorevelacionfm.cl\/wp-content\/uploads\/2023\/07\/infor-en-concejo-mun-tortel-02-1_optimized.jpg","_links":{"self":[{"href":"https:\/\/radiorevelacionfm.cl\/index.php?rest_route=\/wp\/v2\/posts\/33252","targetHints":{"allow":["GET"]}}],"collection":[{"href":"https:\/\/radiorevelacionfm.cl\/index.php?rest_route=\/wp\/v2\/posts"}],"about":[{"href":"https:\/\/radiorevelacionfm.cl\/index.php?rest_route=\/wp\/v2\/types\/post"}],"author":[{"embeddable":true,"href":"https:\/\/radiorevelacionfm.cl\/index.php?rest_route=\/wp\/v2\/users\/1"}],"replies":[{"embeddable":true,"href":"https:\/\/radiorevelacionfm.cl\/index.php?rest_route=%2Fwp%2Fv2%2Fcomments&post=33252"}],"version-history":[{"count":1,"href":"https:\/\/radiorevelacionfm.cl\/index.php?rest_route=\/wp\/v2\/posts\/33252\/revisions"}],"predecessor-version":[{"id":33254,"href":"https:\/\/radiorevelacionfm.cl\/index.php?rest_route=\/wp\/v2\/posts\/33252\/revisions\/33254"}],"wp:featuredmedia":[{"embeddable":true,"href":"https:\/\/radiorevelacionfm.cl\/index.php?rest_route=\/wp\/v2\/media\/33253"}],"wp:attachment":[{"href":"https:\/\/radiorevelacionfm.cl\/index.php?rest_route=%2Fwp%2Fv2%2Fmedia&parent=33252"}],"wp:term":[{"taxonomy":"category","embeddable":true,"href":"https:\/\/radiorevelacionfm.cl\/index.php?rest_route=%2Fwp%2Fv2%2Fcategories&post=33252"},{"taxonomy":"post_tag","embeddable":true,"href":"https:\/\/radiorevelacionfm.cl\/index.php?rest_route=%2Fwp%2Fv2%2Ftags&post=33252"}],"curies":[{"name":"wp","href":"https:\/\/api.w.org\/{rel}","templated":true}]}}