{"id":33249,"date":"2023-07-26T14:35:53","date_gmt":"2023-07-26T17:35:53","guid":{"rendered":"https:\/\/radiorevelacionfm.cl\/?p=33249"},"modified":"2023-07-26T14:35:53","modified_gmt":"2023-07-26T17:35:53","slug":"un-centenar-de-personas-disfrutaron-de-la-baileton-de-invierno-organizada-por-ind-aysen","status":"publish","type":"post","link":"https:\/\/radiorevelacionfm.cl\/?p=33249","title":{"rendered":"Un centenar de personas disfrutaron de la Bailet\u00f3n de Invierno organizada por IND Ays\u00e9n"},"content":{"rendered":"<div class=\"flex_column av_one_full  flex_column_div av-zero-column-padding first  avia-builder-el-0  el_before_av_one_full  avia-builder-el-first  \" style='border-radius:0px; '><div  class='avia-image-container  av-styling-    avia-builder-el-1  avia-builder-el-no-sibling  avia-align-center '  itemprop=\"image\" itemscope=\"itemscope\" itemtype=\"https:\/\/schema.org\/ImageObject\"  ><div class='avia-image-container-inner'><div class='avia-image-overlay-wrap'><img decoding=\"async\" class='wp-image-33250 avia-img-lazy-loading-not-33250 avia_image' src=\"https:\/\/radiorevelacionfm.cl\/wp-content\/uploads\/2023\/07\/img_20230721_182332-1_optimized.jpg\" alt='' title='img_20230721_182332-(1)_optimized' height=\"600\" width=\"889\"  itemprop=\"thumbnailUrl\" srcset=\"https:\/\/radiorevelacionfm.cl\/wp-content\/uploads\/2023\/07\/img_20230721_182332-1_optimized.jpg 889w, https:\/\/radiorevelacionfm.cl\/wp-content\/uploads\/2023\/07\/img_20230721_182332-1_optimized-300x202.jpg 300w, https:\/\/radiorevelacionfm.cl\/wp-content\/uploads\/2023\/07\/img_20230721_182332-1_optimized-768x518.jpg 768w, https:\/\/radiorevelacionfm.cl\/wp-content\/uploads\/2023\/07\/img_20230721_182332-1_optimized-705x476.jpg 705w, https:\/\/radiorevelacionfm.cl\/wp-content\/uploads\/2023\/07\/img_20230721_182332-1_optimized-450x304.jpg 450w, https:\/\/radiorevelacionfm.cl\/wp-content\/uploads\/2023\/07\/img_20230721_182332-1_optimized-600x405.jpg 600w\" sizes=\"(max-width: 889px) 100vw, 889px\" \/><\/div><\/div><\/div><\/div><div class=\"flex_column av_one_full  flex_column_div av-zero-column-padding first  avia-builder-el-2  el_after_av_one_full  el_before_av_one_full  column-top-margin\" style='border-radius:0px; '><section class=\"av_textblock_section \"  itemscope=\"itemscope\" itemtype=\"https:\/\/schema.org\/BlogPosting\" itemprop=\"blogPost\" ><div class='avia_textblock  '   itemprop=\"text\" ><p style=\"text-align: center;\"><strong><span style=\"font-size: 18pt;\">Un centenar de personas disfrutaron de la Bailet\u00f3n de Invierno organizada por IND Ays\u00e9n<\/span><\/strong><\/p>\n<div id=\"gtx-trans\" style=\"position: absolute; left: -50px; top: 4.31534px;\">\n<div class=\"gtx-trans-icon\"><\/div>\n<\/div>\n<\/div><\/section><\/div><div class=\"flex_column av_one_full  flex_column_div av-zero-column-padding first  avia-builder-el-4  el_after_av_one_full  el_before_av_hr  column-top-margin\" style='border-radius:0px; '><section class=\"av_textblock_section \"  itemscope=\"itemscope\" itemtype=\"https:\/\/schema.org\/BlogPosting\" itemprop=\"blogPost\" ><div class='avia_textblock  '   itemprop=\"text\" ><p class=\"v1MsoNormal\" style=\"text-align: justify;\">Con el objetivo de promover la actividad f\u00edsica durante todo el a\u00f1o y sobretodo en invierno, el Instituto Nacional de Deportes de Ays\u00e9n a trav\u00e9s del programa de Deporte y Participaci\u00f3n Social DPS realiz\u00f3 el viernes pasado la actividad denominada \u00abBailet\u00f3n de Invierno\u00bb, iniciativa abierta a la comunidad y que se desarroll\u00f3 en el Gimnasio del Centro de Entrenamiento Regional en Coyhaique.<\/p>\n<p class=\"v1MsoNormal\" style=\"text-align: justify;\">El evento recreativo cont\u00f3 con la colaboraci\u00f3n de Elige Vivir Sano a trav\u00e9s de un stand informativo y premios para los participantes, adem\u00e1s personal del Cesfam Alejandro Guti\u00e9rrez tomaron ex\u00e1menes preventivos (EMPA) y administraron a quienes\u00a0as\u00ed\u00a0lo desearan vacunas de la influenza y Covid, asimismo junto al\u00a0Servicio Nacional de Protecci\u00f3n Especializada a la Ni\u00f1ez-Adolescencia\u00a0y profesores IND de Crecer en Movimiento se realizaron circuitos y una zona\u00a0\u00a0infantil\u00a0con juegos inflables y puntos de hidrataci\u00f3n de la empresa Aguas Patagonia.<\/p>\n<p class=\"v1MsoNormal\" style=\"text-align: justify;\">\u00abTuvimos una gran asistencia a este evento, considerando las bajas temperaturas que se han registrado, por lo que felicitamos a quienes participaron en la actividad, muchas personas lo hicieron acompa\u00f1adas de sus hijas e hijos, donde adem\u00e1s de realizar actividad f\u00edsica y deporte en invierno, tambi\u00e9n pudieron pasar un momento agradable, socializar de manera entretenida y en familia en un espacio seguro. Es\u00a0importante se\u00f1alar que esta actividad tiene el sello del gobierno del presidente\u00a0Gabriel Boric Font, que es fortalecer una cultura del movimiento, otorgar espacios de recreaci\u00f3n y vida sana para todas las edades, sin distinci\u00f3n, facilitando el acceso al deporte para todas y todos; asimismo se agradece la labor de IND en la organizaci\u00f3n de estos eventos\u00bb, se\u00f1al\u00f3 la Seremi del Deporte Mar\u00eda Eugenia Dur\u00e1n Jara.<\/p>\n<p class=\"v1MsoNormal\" style=\"text-align: justify;\">En este contexto, la instructora de baile entretenido del IND Sandra Candia Mu\u00f1oz precis\u00f3 \u00abfue una muy linda jornada participaron gran parte de nuestras\u00a0 usuarias de los talleres de baile entretenido, acondicionamiento f\u00edsico y aerobox, adem\u00e1s de p\u00fablico general, lo pasamos muy bien, esta fue una buena alternativa para mantenernos activas y estar preparadas para\u00a0<b>retomar los talleres anuales del IND que est\u00e1n en receso y que comenzar\u00e1n nuevamente en el mes de agosto\u00bb<\/b>.<\/p>\n<p class=\"v1MsoNormal\" style=\"text-align: justify;\">La Bailet\u00f3n de Invierno consisti\u00f3 en diversos bloques de baile entretenido, zumba y aerobox, a cargo de los monitores y profesores IND; \u00a0Bel\u00e9n Jara Rebolledo, Ariel Soto Mendoza, Soledad Navarrete Foitzick, Daniela V\u00e1squez Villarroel, Paola Almonacid S\u00e1nchez y Sandra Candia Mu\u00f1oz.<\/p>\n<\/div><\/section><\/div><div  style='height:50px' class='hr hr-invisible   avia-builder-el-6  el_after_av_one_full  el_before_av_social_share '><span class='hr-inner ' ><span class='hr-inner-style'><\/span><\/span><\/div><\/p>\n<div  class='av-social-sharing-box  avia-builder-el-7  el_after_av_hr  el_before_av_hr  '><div class='av-share-box'><h5 class='av-share-link-description av-no-toc '>Compartir esta noticia<\/h5><ul class='av-share-box-list noLightbox'><li class='av-share-link av-social-link-facebook' ><a target=\"_blank\" aria-label=\"Compartir en Facebook\" href='https:\/\/www.facebook.com\/sharer.php?u=https:\/\/radiorevelacionfm.cl\/?p=33249&#038;t=Un%20centenar%20de%20personas%20disfrutaron%20de%20la%20Bailet%C3%B3n%20de%20Invierno%20organizada%20por%20IND%20Ays%C3%A9n' aria-hidden='false' data-av_icon='\ue8f3' data-av_iconfont='entypo-fontello' title='' data-avia-related-tooltip='Compartir en Facebook' rel=\"noopener\"><span class='avia_hidden_link_text'>Compartir en Facebook<\/span><\/a><\/li><li class='av-share-link av-social-link-twitter' ><a target=\"_blank\" aria-label=\"Compartir en Twitter\" href='https:\/\/twitter.com\/share?text=Un%20centenar%20de%20personas%20disfrutaron%20de%20la%20Bailet%C3%B3n%20de%20Invierno%20organizada%20por%20IND%20Ays%C3%A9n&#038;url=https:\/\/radiorevelacionfm.cl\/?p=33249' aria-hidden='false' data-av_icon='\ue8f1' data-av_iconfont='entypo-fontello' title='' data-avia-related-tooltip='Compartir en Twitter' rel=\"noopener\"><span class='avia_hidden_link_text'>Compartir en Twitter<\/span><\/a><\/li><li class='av-share-link av-social-link-whatsapp' ><a target=\"_blank\" aria-label=\"Compartir en Whatsapp\" href='https:\/\/api.whatsapp.com\/send?text=https:\/\/radiorevelacionfm.cl\/?p=33249' aria-hidden='false' data-av_icon='\uf232' data-av_iconfont='entypo-fontello' title='' data-avia-related-tooltip='Compartir en Whatsapp' rel=\"noopener\"><span class='avia_hidden_link_text'>Compartir en Whatsapp<\/span><\/a><\/li><li class='av-share-link av-social-link-linkedin' ><a target=\"_blank\" aria-label=\"Compartir en LinkedIn\" href='https:\/\/linkedin.com\/shareArticle?mini=true&#038;title=Un%20centenar%20de%20personas%20disfrutaron%20de%20la%20Bailet%C3%B3n%20de%20Invierno%20organizada%20por%20IND%20Ays%C3%A9n&#038;url=https:\/\/radiorevelacionfm.cl\/?p=33249' aria-hidden='false' data-av_icon='\ue8fc' data-av_iconfont='entypo-fontello' title='' data-avia-related-tooltip='Compartir en LinkedIn' rel=\"noopener\"><span class='avia_hidden_link_text'>Compartir en LinkedIn<\/span><\/a><\/li><li class='av-share-link av-social-link-mail' ><a  aria-label=\"Compartir por correo\" href='mailto:?subject=Un%20centenar%20de%20personas%20disfrutaron%20de%20la%20Bailet%C3%B3n%20de%20Invierno%20organizada%20por%20IND%20Ays%C3%A9n&#038;body=https:\/\/radiorevelacionfm.cl\/?p=33249' aria-hidden='false' data-av_icon='\ue805' data-av_iconfont='entypo-fontello' title='' data-avia-related-tooltip='Compartir por correo'><span class='avia_hidden_link_text'>Compartir por correo<\/span><\/a><\/li><\/ul><\/div><\/div>\n<div  style='height:50px' class='hr hr-invisible   avia-builder-el-8  el_after_av_social_share  el_before_av_comments_list '><span class='hr-inner ' ><span class='hr-inner-style'><\/span><\/span><\/div>\n<div  class='av-buildercomment  av-blog-meta-html-info-disabled av-blog-meta-tag-disabled  '><\/div>\n","protected":false},"excerpt":{"rendered":"","protected":false},"author":1,"featured_media":33250,"comment_status":"open","ping_status":"open","sticky":false,"template":"","format":"standard","meta":{"footnotes":""},"categories":[40],"tags":[],"class_list":["post-33249","post","type-post","status-publish","format-standard","has-post-thumbnail","hentry","category-deportes"],"jetpack_featured_media_url":"https:\/\/radiorevelacionfm.cl\/wp-content\/uploads\/2023\/07\/img_20230721_182332-1_optimized.jpg","_links":{"self":[{"href":"https:\/\/radiorevelacionfm.cl\/index.php?rest_route=\/wp\/v2\/posts\/33249","targetHints":{"allow":["GET"]}}],"collection":[{"href":"https:\/\/radiorevelacionfm.cl\/index.php?rest_route=\/wp\/v2\/posts"}],"about":[{"href":"https:\/\/radiorevelacionfm.cl\/index.php?rest_route=\/wp\/v2\/types\/post"}],"author":[{"embeddable":true,"href":"https:\/\/radiorevelacionfm.cl\/index.php?rest_route=\/wp\/v2\/users\/1"}],"replies":[{"embeddable":true,"href":"https:\/\/radiorevelacionfm.cl\/index.php?rest_route=%2Fwp%2Fv2%2Fcomments&post=33249"}],"version-history":[{"count":1,"href":"https:\/\/radiorevelacionfm.cl\/index.php?rest_route=\/wp\/v2\/posts\/33249\/revisions"}],"predecessor-version":[{"id":33251,"href":"https:\/\/radiorevelacionfm.cl\/index.php?rest_route=\/wp\/v2\/posts\/33249\/revisions\/33251"}],"wp:featuredmedia":[{"embeddable":true,"href":"https:\/\/radiorevelacionfm.cl\/index.php?rest_route=\/wp\/v2\/media\/33250"}],"wp:attachment":[{"href":"https:\/\/radiorevelacionfm.cl\/index.php?rest_route=%2Fwp%2Fv2%2Fmedia&parent=33249"}],"wp:term":[{"taxonomy":"category","embeddable":true,"href":"https:\/\/radiorevelacionfm.cl\/index.php?rest_route=%2Fwp%2Fv2%2Fcategories&post=33249"},{"taxonomy":"post_tag","embeddable":true,"href":"https:\/\/radiorevelacionfm.cl\/index.php?rest_route=%2Fwp%2Fv2%2Ftags&post=33249"}],"curies":[{"name":"wp","href":"https:\/\/api.w.org\/{rel}","templated":true}]}}