{"id":3324,"date":"2021-04-20T17:54:06","date_gmt":"2021-04-20T20:54:06","guid":{"rendered":"https:\/\/radiorevelacionfm.cl\/?p=3324"},"modified":"2021-04-20T18:02:10","modified_gmt":"2021-04-20T21:02:10","slug":"deporte-recreativo-mindep-ind-continua-con-talleres-online-en-la-region-de-aysen","status":"publish","type":"post","link":"https:\/\/radiorevelacionfm.cl\/?p=3324","title":{"rendered":"Deporte recreativo Mindep-IND contin\u00faa con talleres online en la regi\u00f3n de Ays\u00e9n"},"content":{"rendered":"<div class=\"flex_column av_one_full  flex_column_div av-zero-column-padding first  avia-builder-el-0  el_before_av_one_full  avia-builder-el-first  \" style='border-radius:0px; '><div  class='avia-image-container  av-styling-    avia-builder-el-1  avia-builder-el-no-sibling  avia-align-center '  itemprop=\"image\" itemscope=\"itemscope\" itemtype=\"https:\/\/schema.org\/ImageObject\"  ><div class='avia-image-container-inner'><div class='avia-image-overlay-wrap'><img decoding=\"async\" class='wp-image-0 avia-img-lazy-loading-not-0 avia_image' src=\"https:\/\/radiorevelacionfm.cl\/wp-content\/uploads\/2021\/04\/Fernando1.jpg\" alt='' title=''   itemprop=\"thumbnailUrl\"  \/><\/div><\/div><\/div><\/div>\n<div class=\"flex_column av_one_full  flex_column_div av-zero-column-padding first  avia-builder-el-2  el_after_av_one_full  el_before_av_one_full  column-top-margin\" style='border-radius:0px; '><section class=\"av_textblock_section \"  itemscope=\"itemscope\" itemtype=\"https:\/\/schema.org\/BlogPosting\" itemprop=\"blogPost\" ><div class='avia_textblock  '   itemprop=\"text\" ><p style=\"text-align: center;\"><strong><span style=\"font-size: 18pt;\">Deporte recreativo Mindep-IND contin\u00faa con talleres online en la regi\u00f3n de Ays\u00e9n<\/span><\/strong><\/p>\n<div id=\"gtx-trans\" style=\"position: absolute; left: -50px; top: 4.31534px;\">\n<div class=\"gtx-trans-icon\"><\/div>\n<\/div>\n<\/div><\/section><\/div>\n<div class=\"flex_column av_one_full  flex_column_div av-zero-column-padding first  avia-builder-el-4  el_after_av_one_full  el_before_av_hr  column-top-margin\" style='border-radius:0px; '><section class=\"av_textblock_section \"  itemscope=\"itemscope\" itemtype=\"https:\/\/schema.org\/BlogPosting\" itemprop=\"blogPost\" ><div class='avia_textblock  '   itemprop=\"text\" ><p class=\"v1MsoNormal\" style=\"text-align: justify;\">A partir de este lunes y durante toda la semana, los instructores del programa de Deporte de Participaci\u00f3n Social protagonizan clases en vivo a trav\u00e9s del Facebook @MindepAys\u00e9n<\/p>\n<p class=\"v1MsoNormal\" style=\"text-align: justify;\">El Ministerio del Deporte e Instituto Nacional de Deportes contin\u00faan sumando iniciativas online para la pr\u00e1ctica de actividad f\u00edsica en casa y dentro de la nueva oferta program\u00e1tica, se suman las clases de acondicionamiento f\u00edsico, cuyo objetivo consiste en mejorar el estado psico-f\u00edsico general a trav\u00e9s de ejercicios cardiovasculares, de tonificaci\u00f3n, equilibrio, coordinaci\u00f3n, estiramientos y relajaci\u00f3n.<\/p>\n<p class=\"v1MsoNormal\" style=\"text-align: justify;\">As\u00ed lo explic\u00f3 el Seremi del Deporte, Rodrigo Cubilla Retamal, quien se\u00f1al\u00f3: \u00abla oferta program\u00e1tica del Deporte Recreativo Entrena en Casa se mantendr\u00e1 con clases virtuales entregando m\u00e1s alternativas de participaci\u00f3n a nuestros usuarios\u00a0\u00a0y tanto el Ministerio del Deporte as\u00ed\u00a0como el IND a trav\u00e9s de su director regional Jos\u00e9 Manuel Sep\u00falveda, est\u00e1n siguiendo las recomendaciones de la Organizaci\u00f3n Mundial de la Salud (OMS) en el sentido de seguir cuid\u00e1ndonos en \u00e9poca de pandemia, manteniendo el h\u00e1bito de realizar actividad f\u00edsica y deporte y qu\u00e9 mejor que hacerlo en la comodidad y seguridad del hogar, junto a los profesores y monitores\u00a0\u00a0del IND que son muy cercanos a las alumnas y alumnos de estos talleres\u00bb.<\/p>\n<p class=\"v1MsoNormal\" style=\"text-align: justify;\">Los talleres recreativos del Programa DPS que se desarrollan de manera virtual, corresponden a:<\/p>\n<p class=\"v1MsoNormal\" style=\"text-align: justify;\"><u>Pilates<\/u>: Lunes, mi\u00e9rcoles y viernes, 12:00 a 12:45 horas con la instructora Alicia\u00a0\u00a0Sanhueza<\/p>\n<p class=\"v1MsoNormal\" style=\"text-align: justify;\"><u>Baile Entretenido<\/u>; Martes, jueves y s\u00e1bado, 12:00 a 12:45 horas con la instructora Sandra Candia<\/p>\n<p class=\"v1MsoNormal\" style=\"text-align: justify;\"><u>Baile Entretenido<\/u>: Lunes, mi\u00e9rcoles y viernes, 19:00 a 19:45 horas con el instructor Gabriel C\u00e1ceres<\/p>\n<p class=\"v1MsoNormal\" style=\"text-align: justify;\"><u>Entrenamiento Funcional<\/u>: Martes, jueves y s\u00e1bado, 19:00 a 19:45 horas.<\/p>\n<\/div><\/section><\/div><div  style='height:50px' class='hr hr-invisible   avia-builder-el-6  el_after_av_one_full  el_before_av_social_share '><span class='hr-inner ' ><span class='hr-inner-style'><\/span><\/span><\/div><\/p>\n<div  class='av-social-sharing-box  avia-builder-el-7  el_after_av_hr  el_before_av_hr  '><div class='av-share-box'><h5 class='av-share-link-description av-no-toc '>Compartir esta noticia<\/h5><ul class='av-share-box-list noLightbox'><li class='av-share-link av-social-link-facebook' ><a target=\"_blank\" aria-label=\"Compartir en Facebook\" href='https:\/\/www.facebook.com\/sharer.php?u=https:\/\/radiorevelacionfm.cl\/?p=3324&#038;t=Deporte%20recreativo%20Mindep-IND%20contin%C3%BAa%20con%20talleres%20online%20en%20la%20regi%C3%B3n%20de%20Ays%C3%A9n' aria-hidden='false' data-av_icon='\ue8f3' data-av_iconfont='entypo-fontello' title='' data-avia-related-tooltip='Compartir en Facebook' rel=\"noopener\"><span class='avia_hidden_link_text'>Compartir en Facebook<\/span><\/a><\/li><li class='av-share-link av-social-link-twitter' ><a target=\"_blank\" aria-label=\"Compartir en Twitter\" href='https:\/\/twitter.com\/share?text=Deporte%20recreativo%20Mindep-IND%20contin%C3%BAa%20con%20talleres%20online%20en%20la%20regi%C3%B3n%20de%20Ays%C3%A9n&#038;url=https:\/\/radiorevelacionfm.cl\/?p=3324' aria-hidden='false' data-av_icon='\ue8f1' data-av_iconfont='entypo-fontello' title='' data-avia-related-tooltip='Compartir en Twitter' rel=\"noopener\"><span class='avia_hidden_link_text'>Compartir en Twitter<\/span><\/a><\/li><li class='av-share-link av-social-link-whatsapp' ><a target=\"_blank\" aria-label=\"Compartir en Whatsapp\" href='https:\/\/api.whatsapp.com\/send?text=https:\/\/radiorevelacionfm.cl\/?p=3324' aria-hidden='false' data-av_icon='\uf232' data-av_iconfont='entypo-fontello' title='' data-avia-related-tooltip='Compartir en Whatsapp' rel=\"noopener\"><span class='avia_hidden_link_text'>Compartir en Whatsapp<\/span><\/a><\/li><li class='av-share-link av-social-link-linkedin' ><a target=\"_blank\" aria-label=\"Compartir en LinkedIn\" href='https:\/\/linkedin.com\/shareArticle?mini=true&#038;title=Deporte%20recreativo%20Mindep-IND%20contin%C3%BAa%20con%20talleres%20online%20en%20la%20regi%C3%B3n%20de%20Ays%C3%A9n&#038;url=https:\/\/radiorevelacionfm.cl\/?p=3324' aria-hidden='false' data-av_icon='\ue8fc' data-av_iconfont='entypo-fontello' title='' data-avia-related-tooltip='Compartir en LinkedIn' rel=\"noopener\"><span class='avia_hidden_link_text'>Compartir en LinkedIn<\/span><\/a><\/li><li class='av-share-link av-social-link-mail' ><a  aria-label=\"Compartir por correo\" href='mailto:?subject=Deporte%20recreativo%20Mindep-IND%20contin%C3%BAa%20con%20talleres%20online%20en%20la%20regi%C3%B3n%20de%20Ays%C3%A9n&#038;body=https:\/\/radiorevelacionfm.cl\/?p=3324' aria-hidden='false' data-av_icon='\ue805' data-av_iconfont='entypo-fontello' title='' data-avia-related-tooltip='Compartir por correo'><span class='avia_hidden_link_text'>Compartir por correo<\/span><\/a><\/li><\/ul><\/div><\/div>\n<div  style='height:50px' class='hr hr-invisible   avia-builder-el-8  el_after_av_social_share  el_before_av_comments_list '><span class='hr-inner ' ><span class='hr-inner-style'><\/span><\/span><\/div>\n<div  class='av-buildercomment  av-blog-meta-html-info-disabled av-blog-meta-tag-disabled  '><\/div>\n","protected":false},"excerpt":{"rendered":"","protected":false},"author":1,"featured_media":0,"comment_status":"open","ping_status":"open","sticky":false,"template":"","format":"standard","meta":{"footnotes":""},"categories":[40],"tags":[],"class_list":["post-3324","post","type-post","status-publish","format-standard","hentry","category-deportes"],"jetpack_featured_media_url":"","_links":{"self":[{"href":"https:\/\/radiorevelacionfm.cl\/index.php?rest_route=\/wp\/v2\/posts\/3324","targetHints":{"allow":["GET"]}}],"collection":[{"href":"https:\/\/radiorevelacionfm.cl\/index.php?rest_route=\/wp\/v2\/posts"}],"about":[{"href":"https:\/\/radiorevelacionfm.cl\/index.php?rest_route=\/wp\/v2\/types\/post"}],"author":[{"embeddable":true,"href":"https:\/\/radiorevelacionfm.cl\/index.php?rest_route=\/wp\/v2\/users\/1"}],"replies":[{"embeddable":true,"href":"https:\/\/radiorevelacionfm.cl\/index.php?rest_route=%2Fwp%2Fv2%2Fcomments&post=3324"}],"version-history":[{"count":2,"href":"https:\/\/radiorevelacionfm.cl\/index.php?rest_route=\/wp\/v2\/posts\/3324\/revisions"}],"predecessor-version":[{"id":3328,"href":"https:\/\/radiorevelacionfm.cl\/index.php?rest_route=\/wp\/v2\/posts\/3324\/revisions\/3328"}],"wp:attachment":[{"href":"https:\/\/radiorevelacionfm.cl\/index.php?rest_route=%2Fwp%2Fv2%2Fmedia&parent=3324"}],"wp:term":[{"taxonomy":"category","embeddable":true,"href":"https:\/\/radiorevelacionfm.cl\/index.php?rest_route=%2Fwp%2Fv2%2Fcategories&post=3324"},{"taxonomy":"post_tag","embeddable":true,"href":"https:\/\/radiorevelacionfm.cl\/index.php?rest_route=%2Fwp%2Fv2%2Ftags&post=3324"}],"curies":[{"name":"wp","href":"https:\/\/api.w.org\/{rel}","templated":true}]}}