{"id":33230,"date":"2023-07-25T20:01:43","date_gmt":"2023-07-25T23:01:43","guid":{"rendered":"https:\/\/radiorevelacionfm.cl\/?p=33230"},"modified":"2023-07-25T20:01:43","modified_gmt":"2023-07-25T23:01:43","slug":"vecinos-de-raul-marin-balmaceda-reciben-apoyo-tecnico-para-el-manejo-de-generadores-electricos","status":"publish","type":"post","link":"https:\/\/radiorevelacionfm.cl\/?p=33230","title":{"rendered":"Vecinos de Ra\u00fal Mar\u00edn Balmaceda reciben apoyo t\u00e9cnico para el manejo de generadores el\u00e9ctricos"},"content":{"rendered":"<div class=\"flex_column av_one_full  flex_column_div av-zero-column-padding first  avia-builder-el-0  el_before_av_one_full  avia-builder-el-first  \" style='border-radius:0px; '><div  class='avia-image-container  av-styling-    avia-builder-el-1  avia-builder-el-no-sibling  avia-align-center '  itemprop=\"image\" itemscope=\"itemscope\" itemtype=\"https:\/\/schema.org\/ImageObject\"  ><div class='avia-image-container-inner'><div class='avia-image-overlay-wrap'><img decoding=\"async\" class='wp-image-33231 avia-img-lazy-loading-not-33231 avia_image' src=\"https:\/\/radiorevelacionfm.cl\/wp-content\/uploads\/2023\/07\/raul-marin0-1-1_optimized.jpg\" alt='' title='raul-marin0-(1)-(1)_optimized' height=\"600\" width=\"900\"  itemprop=\"thumbnailUrl\" srcset=\"https:\/\/radiorevelacionfm.cl\/wp-content\/uploads\/2023\/07\/raul-marin0-1-1_optimized.jpg 900w, https:\/\/radiorevelacionfm.cl\/wp-content\/uploads\/2023\/07\/raul-marin0-1-1_optimized-300x200.jpg 300w, https:\/\/radiorevelacionfm.cl\/wp-content\/uploads\/2023\/07\/raul-marin0-1-1_optimized-768x512.jpg 768w, https:\/\/radiorevelacionfm.cl\/wp-content\/uploads\/2023\/07\/raul-marin0-1-1_optimized-705x470.jpg 705w, https:\/\/radiorevelacionfm.cl\/wp-content\/uploads\/2023\/07\/raul-marin0-1-1_optimized-450x300.jpg 450w, https:\/\/radiorevelacionfm.cl\/wp-content\/uploads\/2023\/07\/raul-marin0-1-1_optimized-600x400.jpg 600w\" sizes=\"(max-width: 900px) 100vw, 900px\" \/><\/div><\/div><\/div><\/div><div class=\"flex_column av_one_full  flex_column_div av-zero-column-padding first  avia-builder-el-2  el_after_av_one_full  el_before_av_one_full  column-top-margin\" style='border-radius:0px; '><section class=\"av_textblock_section \"  itemscope=\"itemscope\" itemtype=\"https:\/\/schema.org\/BlogPosting\" itemprop=\"blogPost\" ><div class='avia_textblock  '   itemprop=\"text\" ><p style=\"text-align: center;\"><strong><span style=\"font-size: 18pt;\">Vecinos de Ra\u00fal Mar\u00edn Balmaceda reciben apoyo t\u00e9cnico para el manejo de generadores el\u00e9ctricos<\/span><\/strong><\/p>\n<div id=\"gtx-trans\" style=\"position: absolute; left: -50px; top: 4.31534px;\">\n<div class=\"gtx-trans-icon\"><\/div>\n<\/div>\n<\/div><\/section><\/div><div class=\"flex_column av_one_full  flex_column_div av-zero-column-padding first  avia-builder-el-4  el_after_av_one_full  el_before_av_hr  column-top-margin\" style='border-radius:0px; '><section class=\"av_textblock_section \"  itemscope=\"itemscope\" itemtype=\"https:\/\/schema.org\/BlogPosting\" itemprop=\"blogPost\" ><div class='avia_textblock  '   itemprop=\"text\" ><p style=\"text-align: justify;\">En respuesta a los \u00faltimos acontecimientos que han afectado el suministro el\u00e9ctrico en la localidad de Ra\u00fal Mar\u00edn Balmaceda y tras el contacto con la Seremi de Energ\u00eda, la empresa el\u00e9ctrica Edelaysen ha dispuesto el apoyo de personal especializado para apoyar en el manejo y utilizaci\u00f3n de los generadores de energ\u00eda el\u00e9ctrica con los que cuenta la comunidad del sector.<\/p>\n<p style=\"text-align: justify;\">Con el objetivo de asistir a la comunidad en la optimizaci\u00f3n del funcionamiento de sus generadores el\u00e9ctricos, se realizar\u00e1n capacitaciones a 2 trabajadoras de Ra\u00fal Mar\u00edn Balmaceda que operan estos equipos esenciales para proveer de energ\u00eda el\u00e9ctrica a toda la comunidad. El conocimiento que se espera entregar, tiene relaci\u00f3n con llevar un control de operaci\u00f3n de las maquinas generadoras ya sea en par\u00e1metros de longitud y de mantenimiento.<\/p>\n<p style=\"text-align: justify;\">Milton Lopendia, presidente del Comit\u00e9 de Electrificaci\u00f3n de Ra\u00fal Mar\u00edn Balmaceda expres\u00f3 que: \u201cMe parece s\u00faper importante tener no solamente en esta oportunidad si no que en varias oportunidades el apoyo de la empresa Edelaysen. Tenemos una operadora que lleva bastantes a\u00f1os trabajando con nosotros y la otra operadora est\u00e1 reci\u00e9n comenzando entonces el apoyo es s\u00faper importante para poder realizar las labores de buena manera. Esperamos que tengamos una capacitaci\u00f3n importante por Edelaysen debido a que las funcionarias que trabajan en nuestra localidad y en nuestro comit\u00e9 son personas que han ido adquiriendo el conocimiento de acuerdo al trabajo\u201d.<\/p>\n<p style=\"text-align: justify;\">Asimismo, el Gerente Zonal, Leonardo Mor\u00e1n mencion\u00f3 la vocaci\u00f3n del grupo Saesa y su filial Edelaysen por entregar un servicio confiable y de calidad en las zonas aisladas, entendiendo las complejas condiciones que componen las localidades extremas y la importancia de la energ\u00eda el\u00e9ctrica para su desarrollo.<\/p>\n<p style=\"text-align: justify;\">\u201cDesde hace ya un par de a\u00f1os que estamos avanzando con la red de media tensi\u00f3n desde la Junta hacia Ra\u00fal Mar\u00edn Balmaceda, pero obviamente todos sabemos que en esta zona extrema es complejo construir y avanzar con las redes, por lo tanto esperamos en un par de a\u00f1os llegar al poblado de Ra\u00fal Mar\u00edn y conectarlo directamente a la red con energ\u00eda 24\/7\u201d, afirm\u00f3 el ejecutivo.<\/p>\n<p style=\"text-align: justify;\">\u201cEn paralelo estamos tambi\u00e9n apoyando al comit\u00e9 local de electrificaci\u00f3n con personal especializado nuestro de generaci\u00f3n, quien est\u00e1 realizando capacitaci\u00f3n y entrenamiento al equipo local para que ellos puedan operar y mantener de una forma adecuada los generadores y adem\u00e1s la red de distribuci\u00f3n local\u201d, indic\u00f3 Mor\u00e1n.<\/p>\n<p style=\"text-align: justify;\">Finalmente, el seremi de Energ\u00eda Carlos D\u00edaz agradeci\u00f3 la disponibilidad de la empresa para ayudar tras la solicitud. \u201cLos profesionales de Edelaysen tienen experiencia en el uso de este tipo de generadores y en la operaci\u00f3n de redes de distribuci\u00f3n ya que se hacen cargo de 3 sistemas aislados similares en la regi\u00f3n, por lo que es muy valiosa la oportunidad de que puedan transferir este conocimiento y experiencia a las operadoras de Ra\u00fal Mar\u00edn Balmaceda\u201d, agreg\u00f3.<\/p>\n<\/div><\/section><\/div><div  style='height:50px' class='hr hr-invisible   avia-builder-el-6  el_after_av_one_full  el_before_av_social_share '><span class='hr-inner ' ><span class='hr-inner-style'><\/span><\/span><\/div><\/p>\n<div  class='av-social-sharing-box  avia-builder-el-7  el_after_av_hr  el_before_av_hr  '><div class='av-share-box'><h5 class='av-share-link-description av-no-toc '>Compartir esta noticia<\/h5><ul class='av-share-box-list noLightbox'><li class='av-share-link av-social-link-facebook' ><a target=\"_blank\" aria-label=\"Compartir en Facebook\" href='https:\/\/www.facebook.com\/sharer.php?u=https:\/\/radiorevelacionfm.cl\/?p=33230&#038;t=Vecinos%20de%20Ra%C3%BAl%20Mar%C3%ADn%20Balmaceda%20reciben%20apoyo%20t%C3%A9cnico%20para%20el%20manejo%20de%20generadores%20el%C3%A9ctricos' aria-hidden='false' data-av_icon='\ue8f3' data-av_iconfont='entypo-fontello' title='' data-avia-related-tooltip='Compartir en Facebook' rel=\"noopener\"><span class='avia_hidden_link_text'>Compartir en Facebook<\/span><\/a><\/li><li class='av-share-link av-social-link-twitter' ><a target=\"_blank\" aria-label=\"Compartir en Twitter\" href='https:\/\/twitter.com\/share?text=Vecinos%20de%20Ra%C3%BAl%20Mar%C3%ADn%20Balmaceda%20reciben%20apoyo%20t%C3%A9cnico%20para%20el%20manejo%20de%20generadores%20el%C3%A9ctricos&#038;url=https:\/\/radiorevelacionfm.cl\/?p=33230' aria-hidden='false' data-av_icon='\ue8f1' data-av_iconfont='entypo-fontello' title='' data-avia-related-tooltip='Compartir en Twitter' rel=\"noopener\"><span class='avia_hidden_link_text'>Compartir en Twitter<\/span><\/a><\/li><li class='av-share-link av-social-link-whatsapp' ><a target=\"_blank\" aria-label=\"Compartir en Whatsapp\" href='https:\/\/api.whatsapp.com\/send?text=https:\/\/radiorevelacionfm.cl\/?p=33230' aria-hidden='false' data-av_icon='\uf232' data-av_iconfont='entypo-fontello' title='' data-avia-related-tooltip='Compartir en Whatsapp' rel=\"noopener\"><span class='avia_hidden_link_text'>Compartir en Whatsapp<\/span><\/a><\/li><li class='av-share-link av-social-link-linkedin' ><a target=\"_blank\" aria-label=\"Compartir en LinkedIn\" href='https:\/\/linkedin.com\/shareArticle?mini=true&#038;title=Vecinos%20de%20Ra%C3%BAl%20Mar%C3%ADn%20Balmaceda%20reciben%20apoyo%20t%C3%A9cnico%20para%20el%20manejo%20de%20generadores%20el%C3%A9ctricos&#038;url=https:\/\/radiorevelacionfm.cl\/?p=33230' aria-hidden='false' data-av_icon='\ue8fc' data-av_iconfont='entypo-fontello' title='' data-avia-related-tooltip='Compartir en LinkedIn' rel=\"noopener\"><span class='avia_hidden_link_text'>Compartir en LinkedIn<\/span><\/a><\/li><li class='av-share-link av-social-link-mail' ><a  aria-label=\"Compartir por correo\" href='mailto:?subject=Vecinos%20de%20Ra%C3%BAl%20Mar%C3%ADn%20Balmaceda%20reciben%20apoyo%20t%C3%A9cnico%20para%20el%20manejo%20de%20generadores%20el%C3%A9ctricos&#038;body=https:\/\/radiorevelacionfm.cl\/?p=33230' aria-hidden='false' data-av_icon='\ue805' data-av_iconfont='entypo-fontello' title='' data-avia-related-tooltip='Compartir por correo'><span class='avia_hidden_link_text'>Compartir por correo<\/span><\/a><\/li><\/ul><\/div><\/div>\n<div  style='height:50px' class='hr hr-invisible   avia-builder-el-8  el_after_av_social_share  el_before_av_comments_list '><span class='hr-inner ' ><span class='hr-inner-style'><\/span><\/span><\/div>\n<div  class='av-buildercomment  av-blog-meta-html-info-disabled av-blog-meta-tag-disabled  '><\/div>\n","protected":false},"excerpt":{"rendered":"","protected":false},"author":1,"featured_media":33231,"comment_status":"open","ping_status":"open","sticky":false,"template":"","format":"standard","meta":{"footnotes":""},"categories":[38],"tags":[],"class_list":["post-33230","post","type-post","status-publish","format-standard","has-post-thumbnail","hentry","category-regional"],"jetpack_featured_media_url":"https:\/\/radiorevelacionfm.cl\/wp-content\/uploads\/2023\/07\/raul-marin0-1-1_optimized.jpg","_links":{"self":[{"href":"https:\/\/radiorevelacionfm.cl\/index.php?rest_route=\/wp\/v2\/posts\/33230","targetHints":{"allow":["GET"]}}],"collection":[{"href":"https:\/\/radiorevelacionfm.cl\/index.php?rest_route=\/wp\/v2\/posts"}],"about":[{"href":"https:\/\/radiorevelacionfm.cl\/index.php?rest_route=\/wp\/v2\/types\/post"}],"author":[{"embeddable":true,"href":"https:\/\/radiorevelacionfm.cl\/index.php?rest_route=\/wp\/v2\/users\/1"}],"replies":[{"embeddable":true,"href":"https:\/\/radiorevelacionfm.cl\/index.php?rest_route=%2Fwp%2Fv2%2Fcomments&post=33230"}],"version-history":[{"count":1,"href":"https:\/\/radiorevelacionfm.cl\/index.php?rest_route=\/wp\/v2\/posts\/33230\/revisions"}],"predecessor-version":[{"id":33232,"href":"https:\/\/radiorevelacionfm.cl\/index.php?rest_route=\/wp\/v2\/posts\/33230\/revisions\/33232"}],"wp:featuredmedia":[{"embeddable":true,"href":"https:\/\/radiorevelacionfm.cl\/index.php?rest_route=\/wp\/v2\/media\/33231"}],"wp:attachment":[{"href":"https:\/\/radiorevelacionfm.cl\/index.php?rest_route=%2Fwp%2Fv2%2Fmedia&parent=33230"}],"wp:term":[{"taxonomy":"category","embeddable":true,"href":"https:\/\/radiorevelacionfm.cl\/index.php?rest_route=%2Fwp%2Fv2%2Fcategories&post=33230"},{"taxonomy":"post_tag","embeddable":true,"href":"https:\/\/radiorevelacionfm.cl\/index.php?rest_route=%2Fwp%2Fv2%2Ftags&post=33230"}],"curies":[{"name":"wp","href":"https:\/\/api.w.org\/{rel}","templated":true}]}}