{"id":33191,"date":"2023-07-25T10:41:33","date_gmt":"2023-07-25T13:41:33","guid":{"rendered":"https:\/\/radiorevelacionfm.cl\/?p=33191"},"modified":"2023-07-25T10:41:33","modified_gmt":"2023-07-25T13:41:33","slug":"uaysen-inicia-implementacion-de-centros-universitarios-interdisciplinarios-para-fortalecer-el-desarrollo-de-su-investigacion","status":"publish","type":"post","link":"https:\/\/radiorevelacionfm.cl\/?p=33191","title":{"rendered":"UAys\u00e9n inicia implementaci\u00f3n de centros universitarios interdisciplinarios para fortalecer el desarrollo de su investigaci\u00f3n"},"content":{"rendered":"<div class=\"flex_column av_one_full  flex_column_div av-zero-column-padding first  avia-builder-el-0  el_before_av_one_full  avia-builder-el-first  \" style='border-radius:0px; '><div  class='avia-image-container  av-styling-    avia-builder-el-1  avia-builder-el-no-sibling  avia-align-center '  itemprop=\"image\" itemscope=\"itemscope\" itemtype=\"https:\/\/schema.org\/ImageObject\"  ><div class='avia-image-container-inner'><div class='avia-image-overlay-wrap'><img decoding=\"async\" class='wp-image-33192 avia-img-lazy-loading-not-33192 avia_image' src=\"https:\/\/radiorevelacionfm.cl\/wp-content\/uploads\/2023\/07\/proeycto-centros-uaysen-1_optimized.jpg\" alt='' title='proeycto-centros-uays\u00e9n--(1)_optimized' height=\"600\" width=\"900\"  itemprop=\"thumbnailUrl\" srcset=\"https:\/\/radiorevelacionfm.cl\/wp-content\/uploads\/2023\/07\/proeycto-centros-uaysen-1_optimized.jpg 900w, https:\/\/radiorevelacionfm.cl\/wp-content\/uploads\/2023\/07\/proeycto-centros-uaysen-1_optimized-300x200.jpg 300w, https:\/\/radiorevelacionfm.cl\/wp-content\/uploads\/2023\/07\/proeycto-centros-uaysen-1_optimized-768x512.jpg 768w, https:\/\/radiorevelacionfm.cl\/wp-content\/uploads\/2023\/07\/proeycto-centros-uaysen-1_optimized-705x470.jpg 705w, https:\/\/radiorevelacionfm.cl\/wp-content\/uploads\/2023\/07\/proeycto-centros-uaysen-1_optimized-450x300.jpg 450w, https:\/\/radiorevelacionfm.cl\/wp-content\/uploads\/2023\/07\/proeycto-centros-uaysen-1_optimized-600x400.jpg 600w\" sizes=\"(max-width: 900px) 100vw, 900px\" \/><\/div><\/div><\/div><\/div><div class=\"flex_column av_one_full  flex_column_div av-zero-column-padding first  avia-builder-el-2  el_after_av_one_full  el_before_av_one_full  column-top-margin\" style='border-radius:0px; '><section class=\"av_textblock_section \"  itemscope=\"itemscope\" itemtype=\"https:\/\/schema.org\/BlogPosting\" itemprop=\"blogPost\" ><div class='avia_textblock  '   itemprop=\"text\" ><p style=\"text-align: center;\"><span style=\"font-size: 18pt;\"><strong>UAys\u00e9n inicia implementaci\u00f3n de centros universitarios interdisciplinarios para fortalecer el desarrollo de su investigaci\u00f3n<\/strong><\/span><\/p>\n<div id=\"gtx-trans\" style=\"position: absolute; left: -50px; top: 4.31534px;\">\n<div class=\"gtx-trans-icon\"><\/div>\n<\/div>\n<\/div><\/section><\/div><div class=\"flex_column av_one_full  flex_column_div av-zero-column-padding first  avia-builder-el-4  el_after_av_one_full  el_before_av_hr  column-top-margin\" style='border-radius:0px; '><section class=\"av_textblock_section \"  itemscope=\"itemscope\" itemtype=\"https:\/\/schema.org\/BlogPosting\" itemprop=\"blogPost\" ><div class='avia_textblock  '   itemprop=\"text\" ><p style=\"text-align: justify;\"><em>Medicina traslacional, patrimonio micol\u00f3gico e innovaci\u00f3n son las tem\u00e1ticas que abordar\u00e1n los tres prototipos Interdisciplinares con los que la casa de estudios regional espera avanzar hacia la conformaci\u00f3n de sus primeros centros de investigaci\u00f3n.<\/em><\/p>\n<p style=\"text-align: justify;\">Con el objetivo de fortalecer la institucionalidad universitaria para la instalaci\u00f3n de centros de investigaci\u00f3n y docencia al interior de la Universidad de Ays\u00e9n,\u00a0 se ejecuta desde el a\u00f1o 2022 el proyecto \u201cFortaleciendo la institucionalidad para la creaci\u00f3n de centros de investigaci\u00f3n\/docencia que impacten socialmente en el territorio\u201d iniciativa financiada por el Ministerio de Educaci\u00f3n, a trav\u00e9s de\u00a0 un proyecto de fortalecimiento de la educaci\u00f3n superior.<\/p>\n<p style=\"text-align: justify;\">La iniciativa tiene como objetivo central, instalar al interior de la casa de estudios, centros universitarios interdisciplinarios que potencien el desarrollo del quehacer acad\u00e9mico interdisciplinar, promoviendo de esta manera el impacto social y tecnol\u00f3gico de la actividad acad\u00e9mica en el medio local y regional.\u00a0 Para ello, se desarroll\u00f3 una convocatoria abierta a la comunidad de investigadores e investigadoras de la casa de estudios, para la presentaci\u00f3n de prototipos de centros, siendo seleccionadas tres iniciativas, las que ya se encuentran en etapa de implementaci\u00f3n.<\/p>\n<p style=\"text-align: justify;\">La convocatoria, impulsada de manera conjunta entre la Direcci\u00f3n de Investigaci\u00f3n y la Direcci\u00f3n de Vinculaci\u00f3n con el Medio buscaba instalar proyectos pilotos que logren generar impacto social y tecnol\u00f3gico tanto en el medio local, como en el medio nacional e internacional, articulando la investigaci\u00f3n, la docencia y la extensi\u00f3n universitaria para dise\u00f1ar soluciones a problem\u00e1ticas y desaf\u00edos territoriales.<\/p>\n<p style=\"text-align: justify;\">Para el Director de Vinculaci\u00f3n con el Medio de la Uays\u00e9n, Dr. Johnny Valencia, \u00a0es fundamental que la investigaci\u00f3n que desarrolle la casa de estudios logre responder a las necesidades y requerimientos del entorno.\u00a0 \u201cLos prototipos de centros constituyen para la universidad una gran apuesta para abordar desaf\u00edos territoriales que involucren el quehacer de las y los acad\u00e9micos, el aprendizaje de las y los estudiantes y las necesidades que en la Regi\u00f3n de Ays\u00e9n est\u00e1n presentes. Con ello se espera, por ejemplo, abordar nuevas experiencias que nos permitan desde la Universidad de Ays\u00e9n entregar conocimiento al mundo, abordar desaf\u00edos de frontera del conocimiento. Y as\u00ed, presentar soluciones que para la Regi\u00f3n de Ays\u00e9n son indispensables de cara al crecimiento y el desarrollo territorial\u201d.<\/p>\n<p style=\"text-align: justify;\">El Proyecto Centros de la UAys\u00e9n, cuenta adem\u00e1s con la asesor\u00eda t\u00e9cnica del Instituto de Desarrollo Local y Regional IDER de la Universidad de la Frontera, quienes desde el a\u00f1o 2022, se encuentra acompa\u00f1ando a la casa de estudios para que la nueva institucionalidad logre ser capaz de impactar y dise\u00f1ar respuestas a las necesidades del contexto regional, aportando a la creaci\u00f3n de conocimiento con sentido y pertinencia territorial.<\/p>\n<p style=\"text-align: justify;\">En este sentido, desde la Direcci\u00f3n de Investigaci\u00f3n de la UAys\u00e9n, la generaci\u00f3n de conocimiento interdisciplinario con impacto es uno de los principales desaf\u00edos del proyecto, como lo destaca el Director de investigaci\u00f3n de la UAys\u00e9n, Dr. Gerard Olivar. \u201cLos centros piloto son una agrupaci\u00f3n de acad\u00e9micos y acad\u00e9micas que propenden primero por el bienestar de la poblaci\u00f3n, en ese sentido, la interdisciplinariedad entre los temas de salud, los temas de tecnolog\u00eda, los temas de ciencias naturales, estos centros se agrupan en profesionales, acad\u00e9micos, profesores y estudiantes, porque entre todos son los que estamos creando conocimiento y un conocimiento aplicado que realmente se pueda llevar al conjunto de las personas que estamos en este territorio\u201d, concluy\u00f3.<\/p>\n<p style=\"text-align: justify;\"><strong>Prototipos en implementaci\u00f3n<\/strong><\/p>\n<p style=\"text-align: justify;\">Prototipo de <strong>Centro PUENTES de Investigaci\u00f3n en Salud,<\/strong> liderado por la investigada Carla Basualto y el acad\u00e9mico Iv\u00e1n Guglielmi del departamento de Ciencias de la Salud, centra\u00a0 su enfoque en el abordaje y la resoluci\u00f3n de problem\u00e1ticas de salud desde perspectivas biol\u00f3gicas, sociol\u00f3gicas y de gesti\u00f3n.<\/p>\n<p style=\"text-align: justify;\">El Prototipo <strong>Centro Interdisciplinario para la Valoraci\u00f3n del Patrimonio Micol\u00f3gico Patagonia-Ays\u00e9n<\/strong>, liderado por el acad\u00e9mico e investigador Fabian Ja\u00f1a, centra su trabajo en la valoraci\u00f3n de la recolecci\u00f3n de hongos como patrimonio cultural inmaterial. Adem\u00e1s, buscar\u00e1 abordar aspectos asociados a la caracterizaci\u00f3n ecol\u00f3gica de las especies recolectadas, la obtenci\u00f3n de compuestos bioactivos con potencial terap\u00e9utico y la transferencia de conocimientos a la poblaci\u00f3n escolar.<\/p>\n<p style=\"text-align: justify;\">El <strong>Prototipo Centro de innovaci\u00f3n e incubadora de ideas UAys\u00e9n<\/strong>, liderado por las acad\u00e9micas e investigadoras, Elizabeth Ulloa y Julia Cubillos tiene como objetivo apoyar el desarrollo regional a trav\u00e9s de la identificaci\u00f3n y co-creaci\u00f3n de iniciativas innovadoras, buscando establecer\u00a0 una conexi\u00f3n entre la innovaci\u00f3n social y los sectores p\u00fablico, organizaciones sociales, acad\u00e9mico y privado.<\/p>\n<\/div><\/section><\/div><div  style='height:50px' class='hr hr-invisible   avia-builder-el-6  el_after_av_one_full  el_before_av_social_share '><span class='hr-inner ' ><span class='hr-inner-style'><\/span><\/span><\/div><\/p>\n<div  class='av-social-sharing-box  avia-builder-el-7  el_after_av_hr  el_before_av_hr  '><div class='av-share-box'><h5 class='av-share-link-description av-no-toc '>Compartir esta noticia<\/h5><ul class='av-share-box-list noLightbox'><li class='av-share-link av-social-link-facebook' ><a target=\"_blank\" aria-label=\"Compartir en Facebook\" href='https:\/\/www.facebook.com\/sharer.php?u=https:\/\/radiorevelacionfm.cl\/?p=33191&#038;t=UAys%C3%A9n%20inicia%20implementaci%C3%B3n%20de%20centros%20universitarios%20interdisciplinarios%20para%20fortalecer%20el%20desarrollo%20de%20su%20investigaci%C3%B3n' aria-hidden='false' data-av_icon='\ue8f3' data-av_iconfont='entypo-fontello' title='' data-avia-related-tooltip='Compartir en Facebook' rel=\"noopener\"><span class='avia_hidden_link_text'>Compartir en Facebook<\/span><\/a><\/li><li class='av-share-link av-social-link-twitter' ><a target=\"_blank\" aria-label=\"Compartir en Twitter\" href='https:\/\/twitter.com\/share?text=UAys%C3%A9n%20inicia%20implementaci%C3%B3n%20de%20centros%20universitarios%20interdisciplinarios%20para%20fortalecer%20el%20desarrollo%20de%20su%20investigaci%C3%B3n&#038;url=https:\/\/radiorevelacionfm.cl\/?p=33191' aria-hidden='false' data-av_icon='\ue8f1' data-av_iconfont='entypo-fontello' title='' data-avia-related-tooltip='Compartir en Twitter' rel=\"noopener\"><span class='avia_hidden_link_text'>Compartir en Twitter<\/span><\/a><\/li><li class='av-share-link av-social-link-whatsapp' ><a target=\"_blank\" aria-label=\"Compartir en Whatsapp\" href='https:\/\/api.whatsapp.com\/send?text=https:\/\/radiorevelacionfm.cl\/?p=33191' aria-hidden='false' data-av_icon='\uf232' data-av_iconfont='entypo-fontello' title='' data-avia-related-tooltip='Compartir en Whatsapp' rel=\"noopener\"><span class='avia_hidden_link_text'>Compartir en Whatsapp<\/span><\/a><\/li><li class='av-share-link av-social-link-linkedin' ><a target=\"_blank\" aria-label=\"Compartir en LinkedIn\" href='https:\/\/linkedin.com\/shareArticle?mini=true&#038;title=UAys%C3%A9n%20inicia%20implementaci%C3%B3n%20de%20centros%20universitarios%20interdisciplinarios%20para%20fortalecer%20el%20desarrollo%20de%20su%20investigaci%C3%B3n&#038;url=https:\/\/radiorevelacionfm.cl\/?p=33191' aria-hidden='false' data-av_icon='\ue8fc' data-av_iconfont='entypo-fontello' title='' data-avia-related-tooltip='Compartir en LinkedIn' rel=\"noopener\"><span class='avia_hidden_link_text'>Compartir en LinkedIn<\/span><\/a><\/li><li class='av-share-link av-social-link-mail' ><a  aria-label=\"Compartir por correo\" href='mailto:?subject=UAys%C3%A9n%20inicia%20implementaci%C3%B3n%20de%20centros%20universitarios%20interdisciplinarios%20para%20fortalecer%20el%20desarrollo%20de%20su%20investigaci%C3%B3n&#038;body=https:\/\/radiorevelacionfm.cl\/?p=33191' aria-hidden='false' data-av_icon='\ue805' data-av_iconfont='entypo-fontello' title='' data-avia-related-tooltip='Compartir por correo'><span class='avia_hidden_link_text'>Compartir por correo<\/span><\/a><\/li><\/ul><\/div><\/div>\n<div  style='height:50px' class='hr hr-invisible   avia-builder-el-8  el_after_av_social_share  el_before_av_comments_list '><span class='hr-inner ' ><span class='hr-inner-style'><\/span><\/span><\/div>\n<div  class='av-buildercomment  av-blog-meta-html-info-disabled av-blog-meta-tag-disabled  '><\/div>\n","protected":false},"excerpt":{"rendered":"","protected":false},"author":1,"featured_media":33192,"comment_status":"open","ping_status":"open","sticky":false,"template":"","format":"standard","meta":{"footnotes":""},"categories":[49],"tags":[],"class_list":["post-33191","post","type-post","status-publish","format-standard","has-post-thumbnail","hentry","category-educacion"],"jetpack_featured_media_url":"https:\/\/radiorevelacionfm.cl\/wp-content\/uploads\/2023\/07\/proeycto-centros-uaysen-1_optimized.jpg","_links":{"self":[{"href":"https:\/\/radiorevelacionfm.cl\/index.php?rest_route=\/wp\/v2\/posts\/33191","targetHints":{"allow":["GET"]}}],"collection":[{"href":"https:\/\/radiorevelacionfm.cl\/index.php?rest_route=\/wp\/v2\/posts"}],"about":[{"href":"https:\/\/radiorevelacionfm.cl\/index.php?rest_route=\/wp\/v2\/types\/post"}],"author":[{"embeddable":true,"href":"https:\/\/radiorevelacionfm.cl\/index.php?rest_route=\/wp\/v2\/users\/1"}],"replies":[{"embeddable":true,"href":"https:\/\/radiorevelacionfm.cl\/index.php?rest_route=%2Fwp%2Fv2%2Fcomments&post=33191"}],"version-history":[{"count":1,"href":"https:\/\/radiorevelacionfm.cl\/index.php?rest_route=\/wp\/v2\/posts\/33191\/revisions"}],"predecessor-version":[{"id":33193,"href":"https:\/\/radiorevelacionfm.cl\/index.php?rest_route=\/wp\/v2\/posts\/33191\/revisions\/33193"}],"wp:featuredmedia":[{"embeddable":true,"href":"https:\/\/radiorevelacionfm.cl\/index.php?rest_route=\/wp\/v2\/media\/33192"}],"wp:attachment":[{"href":"https:\/\/radiorevelacionfm.cl\/index.php?rest_route=%2Fwp%2Fv2%2Fmedia&parent=33191"}],"wp:term":[{"taxonomy":"category","embeddable":true,"href":"https:\/\/radiorevelacionfm.cl\/index.php?rest_route=%2Fwp%2Fv2%2Fcategories&post=33191"},{"taxonomy":"post_tag","embeddable":true,"href":"https:\/\/radiorevelacionfm.cl\/index.php?rest_route=%2Fwp%2Fv2%2Ftags&post=33191"}],"curies":[{"name":"wp","href":"https:\/\/api.w.org\/{rel}","templated":true}]}}