{"id":33186,"date":"2023-07-24T18:59:43","date_gmt":"2023-07-24T21:59:43","guid":{"rendered":"https:\/\/radiorevelacionfm.cl\/?p=33186"},"modified":"2023-07-24T18:59:43","modified_gmt":"2023-07-24T21:59:43","slug":"refuerzan-medidas-preventivas-en-salud-al-dar-inicio-al-segundo-semestre-de-clases","status":"publish","type":"post","link":"https:\/\/radiorevelacionfm.cl\/?p=33186","title":{"rendered":"Refuerzan medidas preventivas en salud al dar inicio al segundo semestre de clases"},"content":{"rendered":"<div class=\"flex_column av_one_full  flex_column_div av-zero-column-padding first  avia-builder-el-0  el_before_av_one_full  avia-builder-el-first  \" style='border-radius:0px; '><div  class='avia-image-container  av-styling-    avia-builder-el-1  avia-builder-el-no-sibling  avia-align-center '  itemprop=\"image\" itemscope=\"itemscope\" itemtype=\"https:\/\/schema.org\/ImageObject\"  ><div class='avia-image-container-inner'><div class='avia-image-overlay-wrap'><img decoding=\"async\" class='wp-image-33187 avia-img-lazy-loading-not-33187 avia_image' src=\"https:\/\/radiorevelacionfm.cl\/wp-content\/uploads\/2023\/07\/curso-con-mascarilla-1_optimized-1.jpeg\" alt='' title='curso-con-mascarilla-(1)_optimized (1)' height=\"600\" width=\"916\"  itemprop=\"thumbnailUrl\" srcset=\"https:\/\/radiorevelacionfm.cl\/wp-content\/uploads\/2023\/07\/curso-con-mascarilla-1_optimized-1.jpeg 916w, https:\/\/radiorevelacionfm.cl\/wp-content\/uploads\/2023\/07\/curso-con-mascarilla-1_optimized-1-300x197.jpeg 300w, https:\/\/radiorevelacionfm.cl\/wp-content\/uploads\/2023\/07\/curso-con-mascarilla-1_optimized-1-768x503.jpeg 768w, https:\/\/radiorevelacionfm.cl\/wp-content\/uploads\/2023\/07\/curso-con-mascarilla-1_optimized-1-705x462.jpeg 705w, https:\/\/radiorevelacionfm.cl\/wp-content\/uploads\/2023\/07\/curso-con-mascarilla-1_optimized-1-450x295.jpeg 450w, https:\/\/radiorevelacionfm.cl\/wp-content\/uploads\/2023\/07\/curso-con-mascarilla-1_optimized-1-600x393.jpeg 600w\" sizes=\"(max-width: 916px) 100vw, 916px\" \/><\/div><\/div><\/div><\/div><div class=\"flex_column av_one_full  flex_column_div av-zero-column-padding first  avia-builder-el-2  el_after_av_one_full  el_before_av_one_full  column-top-margin\" style='border-radius:0px; '><section class=\"av_textblock_section \"  itemscope=\"itemscope\" itemtype=\"https:\/\/schema.org\/BlogPosting\" itemprop=\"blogPost\" ><div class='avia_textblock  '   itemprop=\"text\" ><p style=\"text-align: center;\"><strong><span style=\"font-size: 18pt;\">Refuerzan medidas preventivas en salud al dar inicio al segundo semestre de clases<\/span><\/strong><\/p>\n<div id=\"gtx-trans\" style=\"position: absolute; left: -50px; top: 4.31534px;\">\n<div class=\"gtx-trans-icon\"><\/div>\n<\/div>\n<\/div><\/section><\/div><div class=\"flex_column av_one_full  flex_column_div av-zero-column-padding first  avia-builder-el-4  el_after_av_one_full  el_before_av_hr  column-top-margin\" style='border-radius:0px; '><section class=\"av_textblock_section \"  itemscope=\"itemscope\" itemtype=\"https:\/\/schema.org\/BlogPosting\" itemprop=\"blogPost\" ><div class='avia_textblock  '   itemprop=\"text\" ><p style=\"text-align: justify;\">Durante este lunes, D\u00eda Internacional del Autocuidado, autoridades gubernamentales encabezadas por la Seremi de Salud y la Seremi de Educaci\u00f3n, acompa\u00f1adas por la Delegada Presidencial Regional (s) y la Gobernadora Regional, llevaron a cabo una visita al establecimiento educacional Lyon Colllege, donde junto con reiterar las medidas preventivas frente a las enfermedades respiratorias; reforzaron la obligatoriedad del uso de mascarilla al interior de las salas de clases para escolares desde los 5 a\u00f1os de edad.<\/p>\n<p style=\"text-align: justify;\">Medida que busca proteger a las comunidades educativas durante este retorno a clases, como lo explic\u00f3 la Seremi de Salud, Carmen Monsalve G\u00f3mez.\u00a0 \u201cHoy d\u00eda estamos reforzando las medidas sanitarias bajo un decreto que define el uso obligatoria de la mascarilla al interior de las salas de clases de los recintos cerrados, que es una exigencia que rige para todos los ni\u00f1os de 5 o m\u00e1s a\u00f1os, hasta los estudiantes de 4 medio, y tambi\u00e9n para los funcionarios de todo el establecimiento y para los que trabajan en la etapa de p\u00e1rvulos, por lo tanto, nos preocupa como autoridad sanitaria resguardar el cumplimiento de esta medida, donde los establecimientos educacionales tienen la obligaci\u00f3n de proveer de estos insumos a sus trabajadores: y por otra parte, nosotros como padres o cuidadores de ni\u00f1os y ni\u00f1as, debemos velar por que los ni\u00f1os asistan con sus mascarillas a clases. Y junto con ello, tenemos que potenciar la vacunaci\u00f3n contra la Influenza y el COVID, donde continuamos con este proceso\u201d.<\/p>\n<p style=\"text-align: justify;\">En este contexto, la Seremi de Educaci\u00f3n, Isabel Garrido Casassa, reiter\u00f3 la importancia que los estudiantes retornen a sus establecimientos educacionales, donde ya se han adoptado medidas de resguardo sanitario.\u00a0 \u201cHacemos un llamado a las familias para que se motiven y, que con mucho cari\u00f1o y mucho amor, env\u00eden a sus ni\u00f1os y ni\u00f1as a los establecimientos educacionales, ya que la recuperaci\u00f3n de la asistencia y la reactivaci\u00f3n de aprendizajes es una de las principales prioridades del gobierno del Presidente Boric. Recordar adem\u00e1s que el uso de las mascarillas en espacios cerrados continuar\u00e1 hasta el 31 de agosto, junto con todas las medidas sanitarias que conocemos desde la pandemia. Estamos viendo los primeros frutos del plan de reactivaci\u00f3n educativa, hay que destacar las mejoras en asistencia, a nivel regional donde hemos aumentado un 4%, y la inasistencia grave a disminuido en m\u00e1s de un 12%, son excelentes noticias\u201d, puntualiz\u00f3.<\/p>\n<p style=\"text-align: justify;\">Medidas sanitarias que tambi\u00e9n fueron reforzadas por la Gobernadora Regional de Ays\u00e9n, Andrea Mac\u00edas Palma, integrante de la Mesa Asesora T\u00e9cnica de la Campa\u00f1a de Invierno.\u00a0 \u201cComo mesa t\u00e9cnica de salud, de la cual somos parte, estamos trabajando de manera coordinada con el sector salud para ir viendo la disponibilidad de camas y evacuaciones aerom\u00e9dicas. Estamos conscientes que en t\u00e9rminos epidemiol\u00f3gicos, pasado el mes de agosto se puede registrar un aumento en la circulaci\u00f3n de virus. As\u00ed que vamos a seguir trabajando entendiendo que la salud de la regi\u00f3n nos compete a todos quienes estamos en los espacios de toma de decisiones\u201d.<\/p>\n<p style=\"text-align: justify;\">Por su parte, el Director del Lyon College, Alexis Gallardo Aro, se mostr\u00f3 agradecido por la visita de autoridades regionales, expresando su compromiso por resguardar la salud de sus alumnos y comunidad educativa.\u00a0 \u201cEstamos contentos de reencontrarnos con nuestra comunidad educativa, y tambi\u00e9n esta la alegr\u00eda de poder contar con la presencia de nuestras autoridades de Salud, Gobierno y Educaci\u00f3n. Nosotros hacemos un llamado a nuestros padres y apoderados para que env\u00eden a sus ni\u00f1os al colegio, donde como establecimiento estamos promoviendo acciones para prevenir enfermedades respiratorias, por lo que el llamado a la comunidad es que puedan enviar a sus hijos con total confianza\u201d.<\/p>\n<p style=\"text-align: justify;\">Finalmente, la Delegada Presidencial Regional (s), Tatiana Pl\u00e1 \u00c1lvarez, record\u00f3 que existe una preocupaci\u00f3n contante por el cuidado de la salud de todos los ayseninos, especialmente de los escolares.\u00a0 \u201cNuestro compromiso como Gobierno, como gabinete regional esta con la campa\u00f1a invernal de salud, reforzando las medidas dentro de los establecimientos educacionales, donde pudimos compartir con la comunidad del Lyon College, sobre la obligatoriedad en el uso de la mascarilla, que es importante dada la circulaci\u00f3n de virus respiratorios, adem\u00e1s de promover medidas que ya ten\u00edamos presentes en pandemia como el lavado frecuente de manos, la ventilaci\u00f3n de espacios f\u00edsicos, y promover adem\u00e1s los procesos de vacunaci\u00f3n de personas mayores, de los ni\u00f1os y personas con alguna enfermedad cr\u00f3nica\u201d.<\/p>\n<p style=\"text-align: justify;\">Cabe recordar que la normativa que establece el uso obligatorio de la mascarilla, rige hasta el 31 de agosto, fecha en la que finaliza la alerta sanitaria, y se aplica a los mayores de 5 a\u00f1os en establecimientos escolares en espacios cerrados.\u00a0 Es importante que los establecimientos educacionales dispongan de mascarillas para garantizar que la comunidad escolar mantenga las medidas de prevenci\u00f3n.<\/p>\n<\/div><\/section><\/div><div  style='height:50px' class='hr hr-invisible   avia-builder-el-6  el_after_av_one_full  el_before_av_social_share '><span class='hr-inner ' ><span class='hr-inner-style'><\/span><\/span><\/div><\/p>\n<div  class='av-social-sharing-box  avia-builder-el-7  el_after_av_hr  el_before_av_hr  '><div class='av-share-box'><h5 class='av-share-link-description av-no-toc '>Compartir esta noticia<\/h5><ul class='av-share-box-list noLightbox'><li class='av-share-link av-social-link-facebook' ><a target=\"_blank\" aria-label=\"Compartir en Facebook\" href='https:\/\/www.facebook.com\/sharer.php?u=https:\/\/radiorevelacionfm.cl\/?p=33186&#038;t=Refuerzan%20medidas%20preventivas%20en%20salud%20al%20dar%20inicio%20al%20segundo%20semestre%20de%20clases' aria-hidden='false' data-av_icon='\ue8f3' data-av_iconfont='entypo-fontello' title='' data-avia-related-tooltip='Compartir en Facebook' rel=\"noopener\"><span class='avia_hidden_link_text'>Compartir en Facebook<\/span><\/a><\/li><li class='av-share-link av-social-link-twitter' ><a target=\"_blank\" aria-label=\"Compartir en Twitter\" href='https:\/\/twitter.com\/share?text=Refuerzan%20medidas%20preventivas%20en%20salud%20al%20dar%20inicio%20al%20segundo%20semestre%20de%20clases&#038;url=https:\/\/radiorevelacionfm.cl\/?p=33186' aria-hidden='false' data-av_icon='\ue8f1' data-av_iconfont='entypo-fontello' title='' data-avia-related-tooltip='Compartir en Twitter' rel=\"noopener\"><span class='avia_hidden_link_text'>Compartir en Twitter<\/span><\/a><\/li><li class='av-share-link av-social-link-whatsapp' ><a target=\"_blank\" aria-label=\"Compartir en Whatsapp\" href='https:\/\/api.whatsapp.com\/send?text=https:\/\/radiorevelacionfm.cl\/?p=33186' aria-hidden='false' data-av_icon='\uf232' data-av_iconfont='entypo-fontello' title='' data-avia-related-tooltip='Compartir en Whatsapp' rel=\"noopener\"><span class='avia_hidden_link_text'>Compartir en Whatsapp<\/span><\/a><\/li><li class='av-share-link av-social-link-linkedin' ><a target=\"_blank\" aria-label=\"Compartir en LinkedIn\" href='https:\/\/linkedin.com\/shareArticle?mini=true&#038;title=Refuerzan%20medidas%20preventivas%20en%20salud%20al%20dar%20inicio%20al%20segundo%20semestre%20de%20clases&#038;url=https:\/\/radiorevelacionfm.cl\/?p=33186' aria-hidden='false' data-av_icon='\ue8fc' data-av_iconfont='entypo-fontello' title='' data-avia-related-tooltip='Compartir en LinkedIn' rel=\"noopener\"><span class='avia_hidden_link_text'>Compartir en LinkedIn<\/span><\/a><\/li><li class='av-share-link av-social-link-mail' ><a  aria-label=\"Compartir por correo\" href='mailto:?subject=Refuerzan%20medidas%20preventivas%20en%20salud%20al%20dar%20inicio%20al%20segundo%20semestre%20de%20clases&#038;body=https:\/\/radiorevelacionfm.cl\/?p=33186' aria-hidden='false' data-av_icon='\ue805' data-av_iconfont='entypo-fontello' title='' data-avia-related-tooltip='Compartir por correo'><span class='avia_hidden_link_text'>Compartir por correo<\/span><\/a><\/li><\/ul><\/div><\/div>\n<div  style='height:50px' class='hr hr-invisible   avia-builder-el-8  el_after_av_social_share  el_before_av_comments_list '><span class='hr-inner ' ><span class='hr-inner-style'><\/span><\/span><\/div>\n<div  class='av-buildercomment  av-blog-meta-html-info-disabled av-blog-meta-tag-disabled  '><\/div>\n","protected":false},"excerpt":{"rendered":"","protected":false},"author":1,"featured_media":33187,"comment_status":"open","ping_status":"open","sticky":false,"template":"","format":"standard","meta":{"footnotes":""},"categories":[46],"tags":[],"class_list":["post-33186","post","type-post","status-publish","format-standard","has-post-thumbnail","hentry","category-salud"],"jetpack_featured_media_url":"https:\/\/radiorevelacionfm.cl\/wp-content\/uploads\/2023\/07\/curso-con-mascarilla-1_optimized-1.jpeg","_links":{"self":[{"href":"https:\/\/radiorevelacionfm.cl\/index.php?rest_route=\/wp\/v2\/posts\/33186","targetHints":{"allow":["GET"]}}],"collection":[{"href":"https:\/\/radiorevelacionfm.cl\/index.php?rest_route=\/wp\/v2\/posts"}],"about":[{"href":"https:\/\/radiorevelacionfm.cl\/index.php?rest_route=\/wp\/v2\/types\/post"}],"author":[{"embeddable":true,"href":"https:\/\/radiorevelacionfm.cl\/index.php?rest_route=\/wp\/v2\/users\/1"}],"replies":[{"embeddable":true,"href":"https:\/\/radiorevelacionfm.cl\/index.php?rest_route=%2Fwp%2Fv2%2Fcomments&post=33186"}],"version-history":[{"count":1,"href":"https:\/\/radiorevelacionfm.cl\/index.php?rest_route=\/wp\/v2\/posts\/33186\/revisions"}],"predecessor-version":[{"id":33188,"href":"https:\/\/radiorevelacionfm.cl\/index.php?rest_route=\/wp\/v2\/posts\/33186\/revisions\/33188"}],"wp:featuredmedia":[{"embeddable":true,"href":"https:\/\/radiorevelacionfm.cl\/index.php?rest_route=\/wp\/v2\/media\/33187"}],"wp:attachment":[{"href":"https:\/\/radiorevelacionfm.cl\/index.php?rest_route=%2Fwp%2Fv2%2Fmedia&parent=33186"}],"wp:term":[{"taxonomy":"category","embeddable":true,"href":"https:\/\/radiorevelacionfm.cl\/index.php?rest_route=%2Fwp%2Fv2%2Fcategories&post=33186"},{"taxonomy":"post_tag","embeddable":true,"href":"https:\/\/radiorevelacionfm.cl\/index.php?rest_route=%2Fwp%2Fv2%2Ftags&post=33186"}],"curies":[{"name":"wp","href":"https:\/\/api.w.org\/{rel}","templated":true}]}}