{"id":33184,"date":"2023-07-25T12:27:53","date_gmt":"2023-07-25T15:27:53","guid":{"rendered":"https:\/\/radiorevelacionfm.cl\/?p=33184"},"modified":"2023-07-25T12:27:53","modified_gmt":"2023-07-25T15:27:53","slug":"cinco-municipios-de-la-region-de-aysen-fueron-beneficiados-con-el-fondo-de-incentivo-al-mejoramiento-de-la-gestion","status":"publish","type":"post","link":"https:\/\/radiorevelacionfm.cl\/?p=33184","title":{"rendered":"Cinco municipios de la Regi\u00f3n de Ays\u00e9n fueron beneficiados con el Fondo de Incentivo al Mejoramiento de la Gesti\u00f3n"},"content":{"rendered":"<div class=\"flex_column av_one_full  flex_column_div av-zero-column-padding first  avia-builder-el-0  el_before_av_one_full  avia-builder-el-first  \" style='border-radius:0px; '><div  class='avia-image-container  av-styling-    avia-builder-el-1  avia-builder-el-no-sibling  avia-align-center '  itemprop=\"image\" itemscope=\"itemscope\" itemtype=\"https:\/\/schema.org\/ImageObject\"  ><div class='avia-image-container-inner'><div class='avia-image-overlay-wrap'><img decoding=\"async\" class='wp-image-20665 avia-img-lazy-loading-not-20665 avia_image' src=\"https:\/\/radiorevelacionfm.cl\/wp-content\/uploads\/2022\/08\/dsc_0309-1_optimized.jpg\" alt='' title='dsc_0309-(1)_optimized' height=\"600\" width=\"900\"  itemprop=\"thumbnailUrl\" srcset=\"https:\/\/radiorevelacionfm.cl\/wp-content\/uploads\/2022\/08\/dsc_0309-1_optimized.jpg 900w, https:\/\/radiorevelacionfm.cl\/wp-content\/uploads\/2022\/08\/dsc_0309-1_optimized-300x200.jpg 300w, https:\/\/radiorevelacionfm.cl\/wp-content\/uploads\/2022\/08\/dsc_0309-1_optimized-768x512.jpg 768w, https:\/\/radiorevelacionfm.cl\/wp-content\/uploads\/2022\/08\/dsc_0309-1_optimized-705x470.jpg 705w, https:\/\/radiorevelacionfm.cl\/wp-content\/uploads\/2022\/08\/dsc_0309-1_optimized-600x400.jpg 600w\" sizes=\"(max-width: 900px) 100vw, 900px\" \/><\/div><\/div><\/div><\/div><div class=\"flex_column av_one_full  flex_column_div av-zero-column-padding first  avia-builder-el-2  el_after_av_one_full  el_before_av_one_full  column-top-margin\" style='border-radius:0px; '><section class=\"av_textblock_section \"  itemscope=\"itemscope\" itemtype=\"https:\/\/schema.org\/BlogPosting\" itemprop=\"blogPost\" ><div class='avia_textblock  '   itemprop=\"text\" ><p style=\"text-align: center;\"><strong><span style=\"font-size: 18pt;\">Cinco municipios de la Regi\u00f3n de Ays\u00e9n fueron beneficiados con el Fondo de Incentivo al Mejoramiento de la Gesti\u00f3n <\/span><\/strong><\/p>\n<div id=\"gtx-trans\" style=\"position: absolute; left: -50px; top: 4.31534px;\">\n<div class=\"gtx-trans-icon\"><\/div>\n<\/div>\n<\/div><\/section><\/div><\/p>\n<div class=\"flex_column av_one_full  flex_column_div av-zero-column-padding first  avia-builder-el-4  el_after_av_one_full  el_before_av_hr  column-top-margin\" style='border-radius:0px; '><section class=\"av_textblock_section \"  itemscope=\"itemscope\" itemtype=\"https:\/\/schema.org\/BlogPosting\" itemprop=\"blogPost\" ><div class='avia_textblock  '   itemprop=\"text\" ><p style=\"text-align: justify;\">El pasado 18 de julio la Subsecretar\u00eda de Desarrollo Regional y Administrativo (SUBDERE), dio a conocer a trav\u00e9s de una carta, las comunas que obtuvieron los recursos del Fondo de Incentivo al Mejoramiento de la Gesti\u00f3n Municipal (FIGEM), el cual eval\u00faa el cumplimiento en \u00e1reas de finanzas, transparencia y gesti\u00f3n, otorgando beneficios a la mitad de los municipios con los indicadores m\u00e1s destacados en cada categor\u00eda, y donde las comunas de R\u00edo Ib\u00e1\u00f1ez, Cochrane, Lago Verde, O&#8217;Higgins y Tortel, lograron ser acreedores de este capital.<\/p>\n<p style=\"text-align: justify;\">Ser\u00e1n casi 90 millones de pesos los que entregar\u00e1 SUBDERE a los municipios, anteriormente mencionados, y el Alcalde de R\u00edo Ib\u00e1\u00f1ez, quien adem\u00e1s es presidente de la Asociaci\u00f3n de Municipalidades de la Regi\u00f3n de Ays\u00e9n (AREMU), Marcelo Santana Vargas, valor\u00f3 la obtenci\u00f3n de este financiamiento: \u201cFelicitar a todos los municipios, a los funcionarios, a sus alcaldes, y concejales tambi\u00e9n, que este a\u00f1o se adjudicaron este importante fondo. Fueron cinco comunas de la Regi\u00f3n de Ays\u00e9n las seleccionadas, que recibir\u00e1n 90 millones de pesos aproximadamente (&#8230;) La creaci\u00f3n del FIGEM ha permitido que los municipios puedan acceder a recursos para mejorar la administraci\u00f3n municipal, y en este caso lo que mide el fondo, particularmente, es como han mejorado los indicadores que tienen que ver con, la contralor\u00eda regional, transparencia municipal, y con tambi\u00e9n ir mejorando los ingresos por fondos propios, y con los proyectos presentados al Ministerio de Desarrollo Social, y que de alguna manera, esto mide la integralidad de la gesti\u00f3n municipal. (&#8230;) As\u00ed que estamos muy contentos, y por supuesto destacar el trabajo que hacen los municipios para ir tambi\u00e9n mejorando las condiciones de cada una de nuestras localidades de la Regi\u00f3n de Ays\u00e9n.<\/p>\n<p style=\"text-align: justify;\">El Fondo FIGEM proporciona financiamiento para diversas \u00e1reas, como asistencias t\u00e9cnicas, dise\u00f1o de proyectos de infraestructura, y programas de difusi\u00f3n de servicios municipales. Estas opciones se enmarcan en las categor\u00edas de proyectos de inversi\u00f3n, adquisici\u00f3n de activos no financieros y aportes a programas de pavimentos participativos del Ministerio de Vivienda y Urbanismo.<\/p>\n<p style=\"text-align: justify;\">Otra de las comunas beneficiadas fue Tortel, y en ese sentido su alcalde, Abel Becerra Vidal, se refiri\u00f3 a la importancia de la entrega de estos recursos: \u201cEste aporte econ\u00f3mico adicional ir\u00e1 en directo beneficio de nuestra comuna, ya que nos permitir\u00e1 invertir y con ello fortalecer y potenciar la gesti\u00f3n municipal en varios aspectos prioritarios, dando cumplimiento a las expectativas y solicitudes de nuestra comunidad. Adem\u00e1s, este fondo es el \u00fanico indicador que tenemos los municipios para demostrar la gesti\u00f3n realizada por ello, estar dentro de los municipios mejor evaluados a nivel nacional y ser uno de los cinco destacados de la regi\u00f3n, da cuenta del trabajo y desempe\u00f1o diario de todos nuestros funcionarios. En este sentido, es fundamental reconocer el compromiso de todos ellos en la obtenci\u00f3n de esta importante distinci\u00f3n, que va en directo beneficio al desarrollo de Tortel\u201d.<\/p>\n<p style=\"text-align: justify;\">Adem\u00e1s, el Alcalde de O&#8217;Higgins, Claudio Fica G\u00f3mez, se mostr\u00f3 muy optimista con la llegada estos recursos: \u201cEs una satisfacci\u00f3n, por cierto, porque est\u00e1n premiando la buena gesti\u00f3n, y tambi\u00e9n importante que estos recursos llegan a solucionar bastantes problemas menores de equipamiento que requerimos en la comuna (&#8230;) nos pone muy contentos tambi\u00e9n, porque es consecuencia de que hemos estado haciendo las cosas bien, muy contentos sobre todo por la comuna y la gente\u201d.<\/p>\n<p style=\"text-align: justify;\">Este a\u00f1o, se destinaron un total de 16 mil 934 millones de pesos a nivel nacional, repartidos entre 174 comunas en todo el pa\u00eds. De este grupo, 103 comunas se encuentran clasificadas dentro de los grupos 4 y 5, abarcando tanto comunas semi urbanas y rurales con desarrollo medio, como aquellas con un nivel de desarrollo m\u00e1s bajo.<\/p>\n<\/div><\/section><\/div>\n<div  style='height:50px' class='hr hr-invisible   avia-builder-el-6  el_after_av_one_full  el_before_av_social_share '><span class='hr-inner ' ><span class='hr-inner-style'><\/span><\/span><\/div>\n<div  class='av-social-sharing-box  avia-builder-el-7  el_after_av_hr  el_before_av_hr  '><div class='av-share-box'><h5 class='av-share-link-description av-no-toc '>Compartir esta noticia<\/h5><ul class='av-share-box-list noLightbox'><li class='av-share-link av-social-link-facebook' ><a target=\"_blank\" aria-label=\"Compartir en Facebook\" href='https:\/\/www.facebook.com\/sharer.php?u=https:\/\/radiorevelacionfm.cl\/?p=33184&#038;t=Cinco%20municipios%20de%20la%20Regi%C3%B3n%20de%20Ays%C3%A9n%20fueron%20beneficiados%20con%20el%20Fondo%20de%20Incentivo%20al%20Mejoramiento%20de%20la%20Gesti%C3%B3n' aria-hidden='false' data-av_icon='\ue8f3' data-av_iconfont='entypo-fontello' title='' data-avia-related-tooltip='Compartir en Facebook' rel=\"noopener\"><span class='avia_hidden_link_text'>Compartir en Facebook<\/span><\/a><\/li><li class='av-share-link av-social-link-twitter' ><a target=\"_blank\" aria-label=\"Compartir en Twitter\" href='https:\/\/twitter.com\/share?text=Cinco%20municipios%20de%20la%20Regi%C3%B3n%20de%20Ays%C3%A9n%20fueron%20beneficiados%20con%20el%20Fondo%20de%20Incentivo%20al%20Mejoramiento%20de%20la%20Gesti%C3%B3n&#038;url=https:\/\/radiorevelacionfm.cl\/?p=33184' aria-hidden='false' data-av_icon='\ue8f1' data-av_iconfont='entypo-fontello' title='' data-avia-related-tooltip='Compartir en Twitter' rel=\"noopener\"><span class='avia_hidden_link_text'>Compartir en Twitter<\/span><\/a><\/li><li class='av-share-link av-social-link-whatsapp' ><a target=\"_blank\" aria-label=\"Compartir en Whatsapp\" href='https:\/\/api.whatsapp.com\/send?text=https:\/\/radiorevelacionfm.cl\/?p=33184' aria-hidden='false' data-av_icon='\uf232' data-av_iconfont='entypo-fontello' title='' data-avia-related-tooltip='Compartir en Whatsapp' rel=\"noopener\"><span class='avia_hidden_link_text'>Compartir en Whatsapp<\/span><\/a><\/li><li class='av-share-link av-social-link-linkedin' ><a target=\"_blank\" aria-label=\"Compartir en LinkedIn\" href='https:\/\/linkedin.com\/shareArticle?mini=true&#038;title=Cinco%20municipios%20de%20la%20Regi%C3%B3n%20de%20Ays%C3%A9n%20fueron%20beneficiados%20con%20el%20Fondo%20de%20Incentivo%20al%20Mejoramiento%20de%20la%20Gesti%C3%B3n&#038;url=https:\/\/radiorevelacionfm.cl\/?p=33184' aria-hidden='false' data-av_icon='\ue8fc' data-av_iconfont='entypo-fontello' title='' data-avia-related-tooltip='Compartir en LinkedIn' rel=\"noopener\"><span class='avia_hidden_link_text'>Compartir en LinkedIn<\/span><\/a><\/li><li class='av-share-link av-social-link-mail' ><a  aria-label=\"Compartir por correo\" href='mailto:?subject=Cinco%20municipios%20de%20la%20Regi%C3%B3n%20de%20Ays%C3%A9n%20fueron%20beneficiados%20con%20el%20Fondo%20de%20Incentivo%20al%20Mejoramiento%20de%20la%20Gesti%C3%B3n&#038;body=https:\/\/radiorevelacionfm.cl\/?p=33184' aria-hidden='false' data-av_icon='\ue805' data-av_iconfont='entypo-fontello' title='' data-avia-related-tooltip='Compartir por correo'><span class='avia_hidden_link_text'>Compartir por correo<\/span><\/a><\/li><\/ul><\/div><\/div>\n<div  style='height:50px' class='hr hr-invisible   avia-builder-el-8  el_after_av_social_share  el_before_av_comments_list '><span class='hr-inner ' ><span class='hr-inner-style'><\/span><\/span><\/div>\n<div  class='av-buildercomment  av-blog-meta-html-info-disabled av-blog-meta-tag-disabled  '><\/div>\n","protected":false},"excerpt":{"rendered":"","protected":false},"author":1,"featured_media":20665,"comment_status":"open","ping_status":"open","sticky":false,"template":"","format":"standard","meta":{"footnotes":""},"categories":[38],"tags":[],"class_list":["post-33184","post","type-post","status-publish","format-standard","has-post-thumbnail","hentry","category-regional"],"jetpack_featured_media_url":"https:\/\/radiorevelacionfm.cl\/wp-content\/uploads\/2022\/08\/dsc_0309-1_optimized.jpg","_links":{"self":[{"href":"https:\/\/radiorevelacionfm.cl\/index.php?rest_route=\/wp\/v2\/posts\/33184","targetHints":{"allow":["GET"]}}],"collection":[{"href":"https:\/\/radiorevelacionfm.cl\/index.php?rest_route=\/wp\/v2\/posts"}],"about":[{"href":"https:\/\/radiorevelacionfm.cl\/index.php?rest_route=\/wp\/v2\/types\/post"}],"author":[{"embeddable":true,"href":"https:\/\/radiorevelacionfm.cl\/index.php?rest_route=\/wp\/v2\/users\/1"}],"replies":[{"embeddable":true,"href":"https:\/\/radiorevelacionfm.cl\/index.php?rest_route=%2Fwp%2Fv2%2Fcomments&post=33184"}],"version-history":[{"count":2,"href":"https:\/\/radiorevelacionfm.cl\/index.php?rest_route=\/wp\/v2\/posts\/33184\/revisions"}],"predecessor-version":[{"id":33190,"href":"https:\/\/radiorevelacionfm.cl\/index.php?rest_route=\/wp\/v2\/posts\/33184\/revisions\/33190"}],"wp:featuredmedia":[{"embeddable":true,"href":"https:\/\/radiorevelacionfm.cl\/index.php?rest_route=\/wp\/v2\/media\/20665"}],"wp:attachment":[{"href":"https:\/\/radiorevelacionfm.cl\/index.php?rest_route=%2Fwp%2Fv2%2Fmedia&parent=33184"}],"wp:term":[{"taxonomy":"category","embeddable":true,"href":"https:\/\/radiorevelacionfm.cl\/index.php?rest_route=%2Fwp%2Fv2%2Fcategories&post=33184"},{"taxonomy":"post_tag","embeddable":true,"href":"https:\/\/radiorevelacionfm.cl\/index.php?rest_route=%2Fwp%2Fv2%2Ftags&post=33184"}],"curies":[{"name":"wp","href":"https:\/\/api.w.org\/{rel}","templated":true}]}}