{"id":33181,"date":"2023-07-24T18:36:38","date_gmt":"2023-07-24T21:36:38","guid":{"rendered":"https:\/\/radiorevelacionfm.cl\/?p=33181"},"modified":"2023-07-24T18:36:38","modified_gmt":"2023-07-24T21:36:38","slug":"aysen-mas-de-30-pymes-de-la-industria-del-aserrio-participaron-en-taller-de-capacitacion-en-secado-de-madera","status":"publish","type":"post","link":"https:\/\/radiorevelacionfm.cl\/?p=33181","title":{"rendered":"Ays\u00e9n: M\u00e1s de 30 pymes de la industria del aserr\u00edo participaron en taller de capacitaci\u00f3n en secado de madera"},"content":{"rendered":"<div class=\"flex_column av_one_full  flex_column_div av-zero-column-padding first  avia-builder-el-0  el_before_av_one_full  avia-builder-el-first  \" style='border-radius:0px; '><div  class='avia-image-container  av-styling-    avia-builder-el-1  avia-builder-el-no-sibling  avia-align-center '  itemprop=\"image\" itemscope=\"itemscope\" itemtype=\"https:\/\/schema.org\/ImageObject\"  ><div class='avia-image-container-inner'><div class='avia-image-overlay-wrap'><img decoding=\"async\" class='wp-image-33182 avia-img-lazy-loading-not-33182 avia_image' src=\"https:\/\/radiorevelacionfm.cl\/wp-content\/uploads\/2023\/07\/01-pti-1_optimized-1.jpg\" alt='' title='01-pti-(1)_optimized (1)' height=\"600\" width=\"1067\"  itemprop=\"thumbnailUrl\" srcset=\"https:\/\/radiorevelacionfm.cl\/wp-content\/uploads\/2023\/07\/01-pti-1_optimized-1.jpg 1067w, https:\/\/radiorevelacionfm.cl\/wp-content\/uploads\/2023\/07\/01-pti-1_optimized-1-300x169.jpg 300w, https:\/\/radiorevelacionfm.cl\/wp-content\/uploads\/2023\/07\/01-pti-1_optimized-1-1030x579.jpg 1030w, https:\/\/radiorevelacionfm.cl\/wp-content\/uploads\/2023\/07\/01-pti-1_optimized-1-768x432.jpg 768w, https:\/\/radiorevelacionfm.cl\/wp-content\/uploads\/2023\/07\/01-pti-1_optimized-1-705x396.jpg 705w, https:\/\/radiorevelacionfm.cl\/wp-content\/uploads\/2023\/07\/01-pti-1_optimized-1-450x253.jpg 450w, https:\/\/radiorevelacionfm.cl\/wp-content\/uploads\/2023\/07\/01-pti-1_optimized-1-600x337.jpg 600w\" sizes=\"(max-width: 1067px) 100vw, 1067px\" \/><\/div><\/div><\/div><\/div><div class=\"flex_column av_one_full  flex_column_div av-zero-column-padding first  avia-builder-el-2  el_after_av_one_full  el_before_av_one_full  column-top-margin\" style='border-radius:0px; '><section class=\"av_textblock_section \"  itemscope=\"itemscope\" itemtype=\"https:\/\/schema.org\/BlogPosting\" itemprop=\"blogPost\" ><div class='avia_textblock  '   itemprop=\"text\" ><p style=\"text-align: center;\"><strong><span style=\"font-size: 18pt;\">Ays\u00e9n: M\u00e1s de 30 pymes de la industria del aserr\u00edo participaron en taller de capacitaci\u00f3n en secado de madera<\/span><\/strong><\/p>\n<div id=\"gtx-trans\" style=\"position: absolute; left: -50px; top: 4.31534px;\">\n<div class=\"gtx-trans-icon\"><\/div>\n<\/div>\n<\/div><\/section><\/div><div class=\"flex_column av_one_full  flex_column_div av-zero-column-padding first  avia-builder-el-4  el_after_av_one_full  el_before_av_hr  column-top-margin\" style='border-radius:0px; '><section class=\"av_textblock_section \"  itemscope=\"itemscope\" itemtype=\"https:\/\/schema.org\/BlogPosting\" itemprop=\"blogPost\" ><div class='avia_textblock  '   itemprop=\"text\" ><p style=\"font-weight: 400; text-align: justify;\"><em>La actividad se desarroll\u00f3 en el marco del programa que ejecuta el Campus Patagonia de la Universidad Austral de Chile y que es financiado por Corfo Ays\u00e9n, con el objetivo de promover el fortalecimiento e innovaci\u00f3n en la cadena de valor de la industria del aserr\u00edo.<\/em><\/p>\n<p style=\"font-weight: 400; text-align: justify;\">Una serie de visitas y capacitaciones en terreno, realiz\u00f3 la Universidad Austral de Chile, Campus Patagonia, como parte del programa PDT \u00abFortalecimiento T\u00e9cnico y de Innovaci\u00f3n del Capital Humano de la Industria del Aserr\u00edo, mediante la Difusi\u00f3n y Transferencia Tecnol\u00f3gica para la Competitividad del Sector Forestal de la Regi\u00f3n de Ays\u00e9n\u00bb, financiado por Corfo Ays\u00e9n.<\/p>\n<p style=\"font-weight: 400; text-align: justify;\">El programa, dirigido por el Ingeniero Forestal Dr. Rodrigo Morales, busca abordar los problemas identificados en el diagn\u00f3stico del proyecto para los sectores de la muebler\u00eda y los aserraderos en las comunas de Coyhaique y Ays\u00e9n. El equipo t\u00e9cnico incluy\u00f3 a los profesionales Luis Inzunza Diez y \u00c1ngel Roa Zambrano, ambos con amplia experiencia en las industrias de aserr\u00edo y secado de madera. Agreg\u00f3 que la UACh tiene una larga trayectoria en la formaci\u00f3n y fortalecimiento del capital humano en el sector forestal del pa\u00eds<\/p>\n<p style=\"font-weight: 400; text-align: justify;\">Humberto Mar\u00edn Leiva, director de Corfo Ays\u00e9n, explic\u00f3 que uno de los ejes de gobierno es fortalecer a las pymes en el territorio, siendo la industria un actor clave para el desarrollo econ\u00f3mico en la Regi\u00f3n de Ays\u00e9n. \u201cEl aserr\u00edo es una actividad econ\u00f3mica que tiene un impacto positivo en la generaci\u00f3n de empleo y en el desarrollo de la comunidad. Es una opci\u00f3n sostenible desde el punto de vista ambiental, ya que utiliza recursos naturales renovables. Adem\u00e1s, impulsa la cadena productiva de la madera al proveer de materia prima a otras industrias como la construcci\u00f3n y el mueble, lo que fomenta la diversificaci\u00f3n econ\u00f3mica y la creaci\u00f3n de valor agregado. En Corfo, creemos firmemente en el desarrollo de iniciativas como esta, ya que permiten transferir conocimientos sobre nuevas t\u00e9cnicas de procesamiento de la madera y la adopci\u00f3n de maquinaria avanzada. Esto mejora la eficiencia y la calidad de los productos, lo que a su vez aumenta la competitividad de las empresas del sector. Es uno de los ejes de trabajo para nuestro gobierno\u201d.<\/p>\n<p style=\"font-weight: 400; text-align: justify;\"><strong>EXPERIENCIAS POSITIVAS<\/strong><\/p>\n<p style=\"font-weight: 400; text-align: justify;\">Quienes est\u00e1n participando del programa valoraron las actividades desarrolladas, destacando la importancia de estas instancias t\u00e9cnicas para potenciar su sector y formar un gremio cohesionado que les permita acceder como grupo a iniciativas promovidas por Corfo en la Regi\u00f3n de Ays\u00e9n.<\/p>\n<p style=\"font-weight: 400; text-align: justify;\">Uno de ellos, Jos\u00e9 Cer\u00f3n due\u00f1o de\u00a0<a href=\"https:\/\/www.instagram.com\/decocipres\/\" data-saferedirecturl=\"https:\/\/www.google.com\/url?q=https:\/\/www.instagram.com\/decocipres\/&amp;source=gmail&amp;ust=1690317791002000&amp;usg=AOvVaw0pMkM3CA74Z2AROR1g-b_y\">Decocipr\u00e9s<\/a>\u00a0de Puerto Ays\u00e9n, valor\u00f3 este espacio de formaci\u00f3n. \u201cTengo un peque\u00f1o negocio de muebler\u00eda en Puerto Ays\u00e9n y he tenido la oportunidad de participar como beneficiario en este proyecto liderado por Corfo en colaboraci\u00f3n con la Universidad Austral y otras entidades. Esta experiencia ha sido realmente enriquecedora. He adquirido conocimientos valiosos de los relatores y he tenido la oportunidad de realizar visitas a terreno, lo cual ha sido muy interesante. Adem\u00e1s, he tenido la oportunidad de compartir experiencias y conocimientos con otros beneficiarios que tambi\u00e9n se dedican al trabajo con la madera en nuestra regi\u00f3n. Esto es especialmente importante para todos los que estamos en este rubro, ya que nos permite aprender m\u00e1s sobre la madera local y c\u00f3mo aprovecharla de la mejor manera\u201d.<\/p>\n<p style=\"font-weight: 400; text-align: justify;\">Por su parte, Camila Flores de la empresa\u00a0<a href=\"https:\/\/www.instagram.com\/airesdelosandes\/\" data-saferedirecturl=\"https:\/\/www.google.com\/url?q=https:\/\/www.instagram.com\/airesdelosandes\/&amp;source=gmail&amp;ust=1690317791002000&amp;usg=AOvVaw3wq28md7ymAMZSEoTJTz-7\">Aires de Los Andes<\/a>, indic\u00f3 su satisfacci\u00f3n por el trabajo que se est\u00e1 desarrollando. \u201cNos encant\u00f3 asistir a las dos primeras clases sobre el secado de madera. Fue muy \u00fatil para fortalecer nuestros conocimientos y mejorar nuestras t\u00e9cnicas de secado. El profesor fue excelente, explic\u00f3 todo de manera clara y comprensible. La clase fue muy entretenida e interactiva. La visita a terreno tambi\u00e9n fue genial, nos permiti\u00f3 conocer a fondo c\u00f3mo funciona un secador de madera. Adem\u00e1s, la visita a la muebler\u00eda fue muy motivante, ya que pudimos aprender de su experiencia y aplicarla en nuestro propio emprendimiento. Estamos realmente contentos con esta experiencia y con todo el proyecto en general. Queremos seguir participando y aprendiendo para agregar a\u00fan m\u00e1s valor a nuestros muebles con t\u00e9cnicas de primer nivel\u201d.<\/p>\n<p style=\"font-weight: 400; text-align: justify;\"><strong>TERRENO Y CAPACITACI\u00d3N<\/strong><\/p>\n<p style=\"font-weight: 400; text-align: justify;\">El director del programa detall\u00f3 que las actividades iniciaron con visitas a los beneficiarios del programa PDT en Villa Lago Atravesado, Puerto Ays\u00e9n, Villa Jara y Coyhaique. El objetivo fue proporcionar un panorama m\u00e1s claro a los relatores t\u00e9cnicos de los m\u00f3dulos de capacitaci\u00f3n y detectar deficiencias en las pr\u00e1cticas y manejo de equipos en las empresas beneficiarias del proyecto.<\/p>\n<p style=\"font-weight: 400; text-align: justify;\">Posteriormente, en el Campus Patagonia de la UACh, se dict\u00f3 el primer m\u00f3dulo de capacitaci\u00f3n en Secado de la Madera, dirigido por el Relator T\u00e9cnico Luis Inzunza. M\u00e1s de 30 personas, incluyendo beneficiarios directos del programa y estudiantes de la Universidad de Ays\u00e9n y la Universidad Austral, participaron activamente en esta jornada de clases t\u00e9cnicas.<\/p>\n<p style=\"font-weight: 400; text-align: justify;\">Finalmente, se realizaron visitas a empresas de madera y muebler\u00eda en las cercan\u00edas de Coyhaique, incluyendo a los propietarios Luis Vargas y Dagoberto Uribe, ambos beneficiarios del proyecto y con reconocida trayectoria regional.<\/p>\n<\/div><\/section><\/div><div  style='height:50px' class='hr hr-invisible   avia-builder-el-6  el_after_av_one_full  el_before_av_social_share '><span class='hr-inner ' ><span class='hr-inner-style'><\/span><\/span><\/div><\/p>\n<div  class='av-social-sharing-box  avia-builder-el-7  el_after_av_hr  el_before_av_hr  '><div class='av-share-box'><h5 class='av-share-link-description av-no-toc '>Compartir esta noticia<\/h5><ul class='av-share-box-list noLightbox'><li class='av-share-link av-social-link-facebook' ><a target=\"_blank\" aria-label=\"Compartir en Facebook\" href='https:\/\/www.facebook.com\/sharer.php?u=https:\/\/radiorevelacionfm.cl\/?p=33181&#038;t=Ays%C3%A9n%3A%20M%C3%A1s%20de%2030%20pymes%20de%20la%20industria%20del%20aserr%C3%ADo%20participaron%20en%20taller%20de%20capacitaci%C3%B3n%20en%20secado%20de%20madera' aria-hidden='false' data-av_icon='\ue8f3' data-av_iconfont='entypo-fontello' title='' data-avia-related-tooltip='Compartir en Facebook' rel=\"noopener\"><span class='avia_hidden_link_text'>Compartir en Facebook<\/span><\/a><\/li><li class='av-share-link av-social-link-twitter' ><a target=\"_blank\" aria-label=\"Compartir en Twitter\" href='https:\/\/twitter.com\/share?text=Ays%C3%A9n%3A%20M%C3%A1s%20de%2030%20pymes%20de%20la%20industria%20del%20aserr%C3%ADo%20participaron%20en%20taller%20de%20capacitaci%C3%B3n%20en%20secado%20de%20madera&#038;url=https:\/\/radiorevelacionfm.cl\/?p=33181' aria-hidden='false' data-av_icon='\ue8f1' data-av_iconfont='entypo-fontello' title='' data-avia-related-tooltip='Compartir en Twitter' rel=\"noopener\"><span class='avia_hidden_link_text'>Compartir en Twitter<\/span><\/a><\/li><li class='av-share-link av-social-link-whatsapp' ><a target=\"_blank\" aria-label=\"Compartir en Whatsapp\" href='https:\/\/api.whatsapp.com\/send?text=https:\/\/radiorevelacionfm.cl\/?p=33181' aria-hidden='false' data-av_icon='\uf232' data-av_iconfont='entypo-fontello' title='' data-avia-related-tooltip='Compartir en Whatsapp' rel=\"noopener\"><span class='avia_hidden_link_text'>Compartir en Whatsapp<\/span><\/a><\/li><li class='av-share-link av-social-link-linkedin' ><a target=\"_blank\" aria-label=\"Compartir en LinkedIn\" href='https:\/\/linkedin.com\/shareArticle?mini=true&#038;title=Ays%C3%A9n%3A%20M%C3%A1s%20de%2030%20pymes%20de%20la%20industria%20del%20aserr%C3%ADo%20participaron%20en%20taller%20de%20capacitaci%C3%B3n%20en%20secado%20de%20madera&#038;url=https:\/\/radiorevelacionfm.cl\/?p=33181' aria-hidden='false' data-av_icon='\ue8fc' data-av_iconfont='entypo-fontello' title='' data-avia-related-tooltip='Compartir en LinkedIn' rel=\"noopener\"><span class='avia_hidden_link_text'>Compartir en LinkedIn<\/span><\/a><\/li><li class='av-share-link av-social-link-mail' ><a  aria-label=\"Compartir por correo\" href='mailto:?subject=Ays%C3%A9n%3A%20M%C3%A1s%20de%2030%20pymes%20de%20la%20industria%20del%20aserr%C3%ADo%20participaron%20en%20taller%20de%20capacitaci%C3%B3n%20en%20secado%20de%20madera&#038;body=https:\/\/radiorevelacionfm.cl\/?p=33181' aria-hidden='false' data-av_icon='\ue805' data-av_iconfont='entypo-fontello' title='' data-avia-related-tooltip='Compartir por correo'><span class='avia_hidden_link_text'>Compartir por correo<\/span><\/a><\/li><\/ul><\/div><\/div>\n<div  style='height:50px' class='hr hr-invisible   avia-builder-el-8  el_after_av_social_share  el_before_av_comments_list '><span class='hr-inner ' ><span class='hr-inner-style'><\/span><\/span><\/div>\n<div  class='av-buildercomment  av-blog-meta-html-info-disabled av-blog-meta-tag-disabled  '><\/div>\n","protected":false},"excerpt":{"rendered":"","protected":false},"author":1,"featured_media":33182,"comment_status":"open","ping_status":"open","sticky":false,"template":"","format":"standard","meta":{"footnotes":""},"categories":[38],"tags":[],"class_list":["post-33181","post","type-post","status-publish","format-standard","has-post-thumbnail","hentry","category-regional"],"jetpack_featured_media_url":"https:\/\/radiorevelacionfm.cl\/wp-content\/uploads\/2023\/07\/01-pti-1_optimized-1.jpg","_links":{"self":[{"href":"https:\/\/radiorevelacionfm.cl\/index.php?rest_route=\/wp\/v2\/posts\/33181","targetHints":{"allow":["GET"]}}],"collection":[{"href":"https:\/\/radiorevelacionfm.cl\/index.php?rest_route=\/wp\/v2\/posts"}],"about":[{"href":"https:\/\/radiorevelacionfm.cl\/index.php?rest_route=\/wp\/v2\/types\/post"}],"author":[{"embeddable":true,"href":"https:\/\/radiorevelacionfm.cl\/index.php?rest_route=\/wp\/v2\/users\/1"}],"replies":[{"embeddable":true,"href":"https:\/\/radiorevelacionfm.cl\/index.php?rest_route=%2Fwp%2Fv2%2Fcomments&post=33181"}],"version-history":[{"count":1,"href":"https:\/\/radiorevelacionfm.cl\/index.php?rest_route=\/wp\/v2\/posts\/33181\/revisions"}],"predecessor-version":[{"id":33183,"href":"https:\/\/radiorevelacionfm.cl\/index.php?rest_route=\/wp\/v2\/posts\/33181\/revisions\/33183"}],"wp:featuredmedia":[{"embeddable":true,"href":"https:\/\/radiorevelacionfm.cl\/index.php?rest_route=\/wp\/v2\/media\/33182"}],"wp:attachment":[{"href":"https:\/\/radiorevelacionfm.cl\/index.php?rest_route=%2Fwp%2Fv2%2Fmedia&parent=33181"}],"wp:term":[{"taxonomy":"category","embeddable":true,"href":"https:\/\/radiorevelacionfm.cl\/index.php?rest_route=%2Fwp%2Fv2%2Fcategories&post=33181"},{"taxonomy":"post_tag","embeddable":true,"href":"https:\/\/radiorevelacionfm.cl\/index.php?rest_route=%2Fwp%2Fv2%2Ftags&post=33181"}],"curies":[{"name":"wp","href":"https:\/\/api.w.org\/{rel}","templated":true}]}}