{"id":3318,"date":"2021-04-20T16:41:35","date_gmt":"2021-04-20T19:41:35","guid":{"rendered":"https:\/\/radiorevelacionfm.cl\/?p=3318"},"modified":"2021-04-20T16:41:35","modified_gmt":"2021-04-20T19:41:35","slug":"mop-generara-diseno-de-nuevos-retenes-de-carabineros-para-puerto-tranquilo-y-puerto-aguirre","status":"publish","type":"post","link":"https:\/\/radiorevelacionfm.cl\/?p=3318","title":{"rendered":"MOP generar\u00e1 dise\u00f1o de nuevos retenes de carabineros para Puerto Tranquilo y Puerto Aguirre"},"content":{"rendered":"<div class=\"flex_column av_one_full  flex_column_div av-zero-column-padding first  avia-builder-el-0  el_before_av_one_full  avia-builder-el-first  \" style='border-radius:0px; '><div  class='avia-image-container  av-styling-    avia-builder-el-1  avia-builder-el-no-sibling  avia-align-center '  itemprop=\"image\" itemscope=\"itemscope\" itemtype=\"https:\/\/schema.org\/ImageObject\"  ><div class='avia-image-container-inner'><div class='avia-image-overlay-wrap'><img decoding=\"async\" class='wp-image-0 avia-img-lazy-loading-not-0 avia_image' src=\"https:\/\/radiorevelacionfm.cl\/wp-content\/uploads\/2021\/04\/reten-tranquilo-3.jpg\" alt='' title=''   itemprop=\"thumbnailUrl\"  \/><\/div><\/div><\/div><\/div><div class=\"flex_column av_one_full  flex_column_div av-zero-column-padding first  avia-builder-el-2  el_after_av_one_full  el_before_av_one_full  column-top-margin\" style='border-radius:0px; '><section class=\"av_textblock_section \"  itemscope=\"itemscope\" itemtype=\"https:\/\/schema.org\/BlogPosting\" itemprop=\"blogPost\" ><div class='avia_textblock  '   itemprop=\"text\" ><p style=\"text-align: center;\"><span style=\"font-size: 18pt;\"><strong>MOP generar\u00e1 dise\u00f1o de nuevos retenes de carabineros para Puerto Tranquilo y Puerto Aguirre<\/strong><\/span><\/p>\n<div id=\"gtx-trans\" style=\"position: absolute; left: -50px; top: 4.31534px;\">\n<div class=\"gtx-trans-icon\"><\/div>\n<\/div>\n<\/div><\/section><\/div><div class=\"flex_column av_one_full  flex_column_div av-zero-column-padding first  avia-builder-el-4  el_after_av_one_full  el_before_av_hr  column-top-margin\" style='border-radius:0px; '><section class=\"av_textblock_section \"  itemscope=\"itemscope\" itemtype=\"https:\/\/schema.org\/BlogPosting\" itemprop=\"blogPost\" ><div class='avia_textblock  '   itemprop=\"text\" ><p style=\"text-align: justify;\">Las iniciativas que convocaron el trabajo conjunto del Consejo Regional de Ays\u00e9n, la Direcci\u00f3n Regional de Arquitectura del MOP y de Carabineros de Chile, beneficiar\u00e1n a 2.900 personas, traer\u00e1n empleo a la regi\u00f3n y suman una inversi\u00f3n de $214.964 millones.<\/p>\n<p style=\"text-align: justify;\">La Direcci\u00f3n Regional de Arquitectura del MOP realizar\u00e1 los Dise\u00f1os para construir nuevos Retenes de Carabineros en Puerto R\u00edo Tranquilo ubicado en la comuna de R\u00edo Ib\u00e1\u00f1ez y en Puerto Aguirre ubicado en la comuna de Ays\u00e9n, as\u00ed lo confirmaron \u00a0el General Hugo Zenteno V\u00e1squez Jefe de la XI Zona de Carabineros Ays\u00e9n, el Secretario Regional Ministerial de Obras P\u00fablicas N\u00e9stor Mera Mu\u00f1oz y el Consejero Regional Luis Co\u00f1uecar, luego de la reciente\u00a0 aprobaci\u00f3n de los recursos que realiz\u00f3 \u00a0el Consejo Regional de Ays\u00e9n para materializar estos Dise\u00f1os.<\/p>\n<p style=\"text-align: justify;\">Al respecto el General Hugo Zenteno V\u00e1squez, Jefe de la XI Zona de Carabineros Ays\u00e9n, valor\u00f3 la decisi\u00f3n del Consejo Regional y destac\u00f3 la hist\u00f3rica relaci\u00f3n de Carabineros con el territorio de Ays\u00e9n y su gente. \u201cDesde hace cerca de 94 a\u00f1os, Carabineros mantiene una permanente y estrecha relaci\u00f3n con el desarrollo e historia de la regi\u00f3n de Ays\u00e9n, haciendo patria, resguardando la soberan\u00eda, custodiando la frontera y brindando el apoyo y auxilio a quien lo requiera. D\u00e9cadas de funcionamiento y el riguroso clima imperante, han deteriorado los retenes R\u00edo Tranquilo y Puerto Aguirre, haciendo necesario su reemplazo a trav\u00e9s de un dise\u00f1o que responda a est\u00e1ndares actuales de habitabilidad y seguridad, mejorando las condiciones para el desarrollo de la funci\u00f3n policial junto con brindar una mejor atenci\u00f3n a la comunidad con respeto a las v\u00edctimas, a los imputados y fortalecer la soberan\u00eda, aspecto que los Consejeros Regionales han ponderado en la votaci\u00f3n de recursos para el dise\u00f1o, toda vez que Carabineros constituye la presencia del Estado al servicio de la comunidad a la cual nos debemos\u201d, expres\u00f3 el Oficial General.<\/p>\n<p style=\"text-align: justify;\">Por su parte, el presidente de la comisi\u00f3n de Seguridad P\u00fablica y Emergencias del Consejo Regional, Luis Co\u00f1uecar Lagos, dijo que el proyecto se aprob\u00f3 con ocho votos a favor y seis en contra. \u201cCreo que m\u00e1s all\u00e1 del debate que se dio en la aprobaci\u00f3n y en el dise\u00f1o de los retenes de R\u00edo Tranquilo y Puerto Aguirre, con leg\u00edtimas opiniones de los intervinientes \u2013pues estamos en democracia-, creo que se hace justicia en estas comunidades que, sin duda, merecen contar con una infraestructura p\u00fablica adecuada para quienes tienen la responsabilidad y el mandato ciudadano de cuidar y proteger la convivencia pac\u00edfica de las comunidades y que, al mismo tiempo, son parte de ellas\u201d, recalc\u00f3.<\/p>\n<p style=\"text-align: justify;\">Ambas iniciativas surgen considerando que actualmente las edificaciones presentan deterioros propios del paso del tiempo y d\u00e9ficit de dependencias en el marco de su\u00a0 funci\u00f3n como Cuartel Policial Rural,\u00a0 por lo tanto \u2013destac\u00f3 el SEREMI del MOP- \u201ccon \u00a0estos nuevos Dise\u00f1os que \u00a0forman parte del programa de gobierno 2018-2022: \u201cConstruyamos tiempos mejores para Chile\u201d, \u00a0junto con valorar y potenciar la acci\u00f3n de nuestras polic\u00edas tambi\u00e9n se considera generar la infraestructura necesaria para que tanto Carabineros de Chile como la comunidad que atiende puedan contar con recintos que cuenten con las condiciones de confort adecuado a sus necesidades, por eso \u00a0vamos a generar estos Dise\u00f1os para construir en el futuro dos infraestructuras policiales de primer nivel. Estos Dise\u00f1os generar\u00e1n empleo por 17 y 14 meses respectivamente, siendo parte de las iniciativas de nuestro gobierno para reactivar la econom\u00eda, as\u00ed que nos tiene muy contentos que nuestra Direcci\u00f3n de Arquitectura asuma este nuevo desaf\u00edo como Unidad T\u00e9cnica del proyecto que deber\u00e1 llevar a buen t\u00e9rmino, y agradecer la confianza que tanto el Gobierno Regional de Ays\u00e9n como Carabineros de Chile ha puesto en nosotros para consolidar este proyecto que tendr\u00e1 una inversi\u00f3n de 214 millones conjuntamente y que beneficiar\u00e1 a m\u00e1s de 2.900 personas, lo que para nosotros es muy significativo porque el esp\u00edritu de nuestro gobierno es generar obras con sentido y acercar la infraestructura a las comunidades para que sirvan al mejoramiento de su calidad de vida\u201d.<\/p>\n<p style=\"text-align: justify;\">\u201cLos Dise\u00f1os considerar\u00e1n realizar los estudios de arquitectura, estructura y especialidades para el \u00a0Cuartel Policial de Puerto R\u00edo Tranquilo que proyecta una superficie de 676,3 m2 y para el Cuartel Policial de Puerto Aguirre que contempla dise\u00f1ar una edificaci\u00f3n de 511m2 y los proyectos de arquitectura, estructura, el desarrollo de la mec\u00e1nica de suelos y topograf\u00eda, como tambi\u00e9n las especialidades como las \u00a0instalaciones sanitarias, gas, electricidad y corrientes d\u00e9biles, calefacci\u00f3n, eficiencia energ\u00e9tica, paisajismo, seguridad contra incendios, se\u00f1alizaci\u00f3n e iluminaci\u00f3n\u201d, indic\u00f3 \u00a0el Director Regional de Arquitectura del MOP Claudio Correa Barahona.<\/p>\n<p style=\"text-align: justify;\"><strong>\u00a0<\/strong><\/p>\n<\/div><\/section><\/div><div  style='height:50px' class='hr hr-invisible   avia-builder-el-6  el_after_av_one_full  el_before_av_social_share '><span class='hr-inner ' ><span class='hr-inner-style'><\/span><\/span><\/div><\/p>\n<div  class='av-social-sharing-box  avia-builder-el-7  el_after_av_hr  el_before_av_hr  '><div class='av-share-box'><h5 class='av-share-link-description av-no-toc '>Compartir esta noticia<\/h5><ul class='av-share-box-list noLightbox'><li class='av-share-link av-social-link-facebook' ><a target=\"_blank\" aria-label=\"Compartir en Facebook\" href='https:\/\/www.facebook.com\/sharer.php?u=https:\/\/radiorevelacionfm.cl\/?p=3318&#038;t=MOP%20generar%C3%A1%20dise%C3%B1o%20de%20nuevos%20retenes%20de%20carabineros%20para%20Puerto%20Tranquilo%20y%20Puerto%20Aguirre' aria-hidden='false' data-av_icon='\ue8f3' data-av_iconfont='entypo-fontello' title='' data-avia-related-tooltip='Compartir en Facebook' rel=\"noopener\"><span class='avia_hidden_link_text'>Compartir en Facebook<\/span><\/a><\/li><li class='av-share-link av-social-link-twitter' ><a target=\"_blank\" aria-label=\"Compartir en Twitter\" href='https:\/\/twitter.com\/share?text=MOP%20generar%C3%A1%20dise%C3%B1o%20de%20nuevos%20retenes%20de%20carabineros%20para%20Puerto%20Tranquilo%20y%20Puerto%20Aguirre&#038;url=https:\/\/radiorevelacionfm.cl\/?p=3318' aria-hidden='false' data-av_icon='\ue8f1' data-av_iconfont='entypo-fontello' title='' data-avia-related-tooltip='Compartir en Twitter' rel=\"noopener\"><span class='avia_hidden_link_text'>Compartir en Twitter<\/span><\/a><\/li><li class='av-share-link av-social-link-whatsapp' ><a target=\"_blank\" aria-label=\"Compartir en Whatsapp\" href='https:\/\/api.whatsapp.com\/send?text=https:\/\/radiorevelacionfm.cl\/?p=3318' aria-hidden='false' data-av_icon='\uf232' data-av_iconfont='entypo-fontello' title='' data-avia-related-tooltip='Compartir en Whatsapp' rel=\"noopener\"><span class='avia_hidden_link_text'>Compartir en Whatsapp<\/span><\/a><\/li><li class='av-share-link av-social-link-linkedin' ><a target=\"_blank\" aria-label=\"Compartir en LinkedIn\" href='https:\/\/linkedin.com\/shareArticle?mini=true&#038;title=MOP%20generar%C3%A1%20dise%C3%B1o%20de%20nuevos%20retenes%20de%20carabineros%20para%20Puerto%20Tranquilo%20y%20Puerto%20Aguirre&#038;url=https:\/\/radiorevelacionfm.cl\/?p=3318' aria-hidden='false' data-av_icon='\ue8fc' data-av_iconfont='entypo-fontello' title='' data-avia-related-tooltip='Compartir en LinkedIn' rel=\"noopener\"><span class='avia_hidden_link_text'>Compartir en LinkedIn<\/span><\/a><\/li><li class='av-share-link av-social-link-mail' ><a  aria-label=\"Compartir por correo\" href='mailto:?subject=MOP%20generar%C3%A1%20dise%C3%B1o%20de%20nuevos%20retenes%20de%20carabineros%20para%20Puerto%20Tranquilo%20y%20Puerto%20Aguirre&#038;body=https:\/\/radiorevelacionfm.cl\/?p=3318' aria-hidden='false' data-av_icon='\ue805' data-av_iconfont='entypo-fontello' title='' data-avia-related-tooltip='Compartir por correo'><span class='avia_hidden_link_text'>Compartir por correo<\/span><\/a><\/li><\/ul><\/div><\/div>\n<div  style='height:50px' class='hr hr-invisible   avia-builder-el-8  el_after_av_social_share  el_before_av_comments_list '><span class='hr-inner ' ><span class='hr-inner-style'><\/span><\/span><\/div>\n<div  class='av-buildercomment  av-blog-meta-html-info-disabled av-blog-meta-tag-disabled  '><\/div>\n","protected":false},"excerpt":{"rendered":"","protected":false},"author":1,"featured_media":0,"comment_status":"open","ping_status":"open","sticky":false,"template":"","format":"standard","meta":{"footnotes":""},"categories":[38],"tags":[],"class_list":["post-3318","post","type-post","status-publish","format-standard","hentry","category-regional"],"jetpack_featured_media_url":"","_links":{"self":[{"href":"https:\/\/radiorevelacionfm.cl\/index.php?rest_route=\/wp\/v2\/posts\/3318","targetHints":{"allow":["GET"]}}],"collection":[{"href":"https:\/\/radiorevelacionfm.cl\/index.php?rest_route=\/wp\/v2\/posts"}],"about":[{"href":"https:\/\/radiorevelacionfm.cl\/index.php?rest_route=\/wp\/v2\/types\/post"}],"author":[{"embeddable":true,"href":"https:\/\/radiorevelacionfm.cl\/index.php?rest_route=\/wp\/v2\/users\/1"}],"replies":[{"embeddable":true,"href":"https:\/\/radiorevelacionfm.cl\/index.php?rest_route=%2Fwp%2Fv2%2Fcomments&post=3318"}],"version-history":[{"count":1,"href":"https:\/\/radiorevelacionfm.cl\/index.php?rest_route=\/wp\/v2\/posts\/3318\/revisions"}],"predecessor-version":[{"id":3320,"href":"https:\/\/radiorevelacionfm.cl\/index.php?rest_route=\/wp\/v2\/posts\/3318\/revisions\/3320"}],"wp:attachment":[{"href":"https:\/\/radiorevelacionfm.cl\/index.php?rest_route=%2Fwp%2Fv2%2Fmedia&parent=3318"}],"wp:term":[{"taxonomy":"category","embeddable":true,"href":"https:\/\/radiorevelacionfm.cl\/index.php?rest_route=%2Fwp%2Fv2%2Fcategories&post=3318"},{"taxonomy":"post_tag","embeddable":true,"href":"https:\/\/radiorevelacionfm.cl\/index.php?rest_route=%2Fwp%2Fv2%2Ftags&post=3318"}],"curies":[{"name":"wp","href":"https:\/\/api.w.org\/{rel}","templated":true}]}}