{"id":33172,"date":"2023-07-24T11:20:28","date_gmt":"2023-07-24T14:20:28","guid":{"rendered":"https:\/\/radiorevelacionfm.cl\/?p=33172"},"modified":"2023-07-24T11:20:28","modified_gmt":"2023-07-24T14:20:28","slug":"poder-judicial-implementa-tramite-facil-para-solicitar-pago-de-deudas-de-pensiones-de-alimento-con-fondos-previsionales","status":"publish","type":"post","link":"https:\/\/radiorevelacionfm.cl\/?p=33172","title":{"rendered":"Poder judicial implementa \u00abtr\u00e1mite f\u00e1cil\u00bb para solicitar pago de deudas de pensiones de alimento con fondos previsionales"},"content":{"rendered":"<div class=\"flex_column av_one_full  flex_column_div av-zero-column-padding first  avia-builder-el-0  el_before_av_one_full  avia-builder-el-first  \" style='border-radius:0px; '><div  class='avia-image-container  av-styling-    avia-builder-el-1  avia-builder-el-no-sibling  avia-align-center '  itemprop=\"image\" itemscope=\"itemscope\" itemtype=\"https:\/\/schema.org\/ImageObject\"  ><div class='avia-image-container-inner'><div class='avia-image-overlay-wrap'><img decoding=\"async\" class='wp-image-14844 avia-img-lazy-loading-not-14844 avia_image' src=\"https:\/\/radiorevelacionfm.cl\/wp-content\/uploads\/2022\/03\/juzgado-de-familia-2_optimized.jpg\" alt='' title='juzgado-de-familia-(2)_optimized' height=\"600\" width=\"952\"  itemprop=\"thumbnailUrl\" srcset=\"https:\/\/radiorevelacionfm.cl\/wp-content\/uploads\/2022\/03\/juzgado-de-familia-2_optimized.jpg 952w, https:\/\/radiorevelacionfm.cl\/wp-content\/uploads\/2022\/03\/juzgado-de-familia-2_optimized-300x189.jpg 300w, https:\/\/radiorevelacionfm.cl\/wp-content\/uploads\/2022\/03\/juzgado-de-familia-2_optimized-768x484.jpg 768w, https:\/\/radiorevelacionfm.cl\/wp-content\/uploads\/2022\/03\/juzgado-de-familia-2_optimized-705x444.jpg 705w, https:\/\/radiorevelacionfm.cl\/wp-content\/uploads\/2022\/03\/juzgado-de-familia-2_optimized-600x378.jpg 600w\" sizes=\"(max-width: 952px) 100vw, 952px\" \/><\/div><\/div><\/div><\/div><div class=\"flex_column av_one_full  flex_column_div av-zero-column-padding first  avia-builder-el-2  el_after_av_one_full  el_before_av_one_full  column-top-margin\" style='border-radius:0px; '><section class=\"av_textblock_section \"  itemscope=\"itemscope\" itemtype=\"https:\/\/schema.org\/BlogPosting\" itemprop=\"blogPost\" ><div class='avia_textblock  '   itemprop=\"text\" ><p style=\"text-align: center;\"><strong><span style=\"font-size: 18pt;\">Poder judicial implementa \u00abtr\u00e1mite f\u00e1cil\u00bb para solicitar pago de deudas de pensiones de alimento con fondos previsionales<\/span><\/strong><\/p>\n<div id=\"gtx-trans\" style=\"position: absolute; left: -50px; top: 4.31534px;\">\n<div class=\"gtx-trans-icon\"><\/div>\n<\/div>\n<\/div><\/section><\/div><div class=\"flex_column av_one_full  flex_column_div av-zero-column-padding first  avia-builder-el-4  el_after_av_one_full  el_before_av_hr  column-top-margin\" style='border-radius:0px; '><section class=\"av_textblock_section \"  itemscope=\"itemscope\" itemtype=\"https:\/\/schema.org\/BlogPosting\" itemprop=\"blogPost\" ><div class='avia_textblock  '   itemprop=\"text\" ><p class=\"v1MsoNormal\" style=\"text-align: justify;\"><span lang=\"ES-TRAD\">A partir del pasado\u00a0<\/span><span lang=\"ES-TRAD\">jueves<\/span><span lang=\"ES-TRAD\">\u00a0<\/span><span lang=\"ES-TRAD\">20 de julio<\/span><span lang=\"ES-TRAD\">, el Poder Judicial puso a disposici\u00f3n de la comunidad el servicio \u00abTr\u00e1mite f\u00e1cil\u00bb<\/span><span lang=\"ES-TRAD\">\u00a0<\/span>(<span lang=\"ES-TRAD\"><a href=\"https:\/\/tramitefacil.pjud.cl\/\" target=\"_blank\" rel=\"noopener noreferrer\">https:\/\/tramitefacil.pjud.cl\/<\/a><\/span>)\u00a0<span lang=\"ES-TRAD\">orientado a proporcionar a representantes de ni\u00f1os, ni\u00f1as y adolescentes una forma expedita para solicitar el pago de pensiones de alimentos, mediante el retiro de recursos de los fondos de pensiones del alimentante en mora.<\/span><\/p>\n<p class=\"v1MsoNormal\" style=\"text-align: justify;\"><span lang=\"ES-TRAD\">\u00abLa inclusi\u00f3n de este nuevo servicio se inscribe en la implementaci\u00f3n de la L<\/span>ey N\u00b0 21.484, sobre Responsabilidad Parental y Pago Efectivo de Pensiones de Alimentos, normativa que entr\u00f3 en vigencia el\u00a020 de mayo\u00a0reci\u00e9n pasado y que tiene por objetivo el pago permanente de las obligaciones alimentarias de ni\u00f1os, ni\u00f1as y adolescentes para su adecuado desarrollo, facilitando la b\u00fasqueda de patrimonio y cobro a trav\u00e9s de la acci\u00f3n de los \u00f3rganos del Estado\u00bb, sostuvo Rudy Hald Ramirez, juez de Familia de Coyhaique.<\/p>\n<p class=\"v1MsoNormal\" style=\"text-align: justify;\"><b>Requisitos para solicitar el cobro<\/b><\/p>\n<p class=\"v1MsoNormal\" style=\"text-align: justify;\"><span lang=\"ES-TRAD\">-La solicitud para cobrar las deudas con fondos de AFP obligatorios deben hacerlo ante el tribunal mediante el tr\u00e1mite f\u00e1cil, atenci\u00f3n de p\u00fablico o con la asesor\u00eda de un abogado.<\/span><\/p>\n<p class=\"v1MsoNormal\" style=\"text-align: justify;\">-Para lo anterior, debe existir\u00a0una liquidaci\u00f3n ejecutoriada de la deuda que acredite\u00a0tres pensiones impagas continuas o discontinuas desde el\u00a020 de mayo\u00a0en adelante.<\/p>\n<p class=\"v1MsoNormal\" style=\"text-align: justify;\"><span lang=\"ES-TRAD\">-Para acoger la solicitud, necesariamente debe haber terminado la etapa anterior correspondiente a la investigaci\u00f3n de activos bancarios y de instrumentos de inversi\u00f3n, por lo que la parte demandante debe cerciorarse en la tramitaci\u00f3n de su causa que el tribunal haya informado los resultados de la b\u00fasqueda.<\/span><\/p>\n<p class=\"v1MsoNormal\" style=\"text-align: justify;\"><span lang=\"ES-TRAD\">-Si tras la investigaci\u00f3n de activos bancarios y de instrumentos de inversi\u00f3n se establece que el patrimonio del deudor es insuficiente para pagar la totalidad de la deuda de alimentos, entonces surge la posibilidad de obtener su pago extraordinario a trav\u00e9s de los fondos de pensiones del deudor.<\/span><\/p>\n<p class=\"v1MsoNormal\" style=\"text-align: justify;\"><span lang=\"ES-TRAD\">-La determinaci\u00f3n de cu\u00e1nto dinero de los fondos de pensi\u00f3n pueden ser utilizados para el pago se encuentra regulada en la ley de la siguiente manera: Si la parte demandada se encuentra a 15 a\u00f1os o menos de jubilar no podr\u00e1 exceder del 50% de los montos; si<\/span>\u00a0se encuentra a m\u00e1s de 15 a\u00f1os y menos de 30 a\u00f1os de jubilar no podr\u00e1 exceder del 80%; si est\u00e1 a\u00a0<span lang=\"ES-TRAD\">m\u00e1s de 30 a\u00f1os de jubilar se podr\u00e1 ocupar hasta el 90% de los dineros.<\/span><\/p>\n<p class=\"v1MsoNormal\" style=\"text-align: justify;\"><b>Cifras Registro Nacional de Deudores de Alimentos<\/b><\/p>\n<p class=\"v1MsoNormal\" style=\"text-align: justify;\">Seg\u00fan el \u00faltimo reporte de fecha 19 de julio de 2023, \u00a0la cifras de deudores de alimentos en la regi\u00f3n de Ays\u00e9n, son de 402 env\u00edos a este registro nacional, generando una deuda de $407.379.836 pesos. En tanto, a nivel nacional esta cifra supera los $102.690.191.177 de pesos.<\/p>\n<\/div><\/section><\/div><div  style='height:50px' class='hr hr-invisible   avia-builder-el-6  el_after_av_one_full  el_before_av_social_share '><span class='hr-inner ' ><span class='hr-inner-style'><\/span><\/span><\/div><\/p>\n<div  class='av-social-sharing-box  avia-builder-el-7  el_after_av_hr  el_before_av_hr  '><div class='av-share-box'><h5 class='av-share-link-description av-no-toc '>Compartir esta noticia<\/h5><ul class='av-share-box-list noLightbox'><li class='av-share-link av-social-link-facebook' ><a target=\"_blank\" aria-label=\"Compartir en Facebook\" href='https:\/\/www.facebook.com\/sharer.php?u=https:\/\/radiorevelacionfm.cl\/?p=33172&#038;t=Poder%20judicial%20implementa%20%C2%ABtr%C3%A1mite%20f%C3%A1cil%C2%BB%20para%20solicitar%20pago%20de%20deudas%20de%20pensiones%20de%20alimento%20con%20fondos%20previsionales' aria-hidden='false' data-av_icon='\ue8f3' data-av_iconfont='entypo-fontello' title='' data-avia-related-tooltip='Compartir en Facebook' rel=\"noopener\"><span class='avia_hidden_link_text'>Compartir en Facebook<\/span><\/a><\/li><li class='av-share-link av-social-link-twitter' ><a target=\"_blank\" aria-label=\"Compartir en Twitter\" href='https:\/\/twitter.com\/share?text=Poder%20judicial%20implementa%20%C2%ABtr%C3%A1mite%20f%C3%A1cil%C2%BB%20para%20solicitar%20pago%20de%20deudas%20de%20pensiones%20de%20alimento%20con%20fondos%20previsionales&#038;url=https:\/\/radiorevelacionfm.cl\/?p=33172' aria-hidden='false' data-av_icon='\ue8f1' data-av_iconfont='entypo-fontello' title='' data-avia-related-tooltip='Compartir en Twitter' rel=\"noopener\"><span class='avia_hidden_link_text'>Compartir en Twitter<\/span><\/a><\/li><li class='av-share-link av-social-link-whatsapp' ><a target=\"_blank\" aria-label=\"Compartir en Whatsapp\" href='https:\/\/api.whatsapp.com\/send?text=https:\/\/radiorevelacionfm.cl\/?p=33172' aria-hidden='false' data-av_icon='\uf232' data-av_iconfont='entypo-fontello' title='' data-avia-related-tooltip='Compartir en Whatsapp' rel=\"noopener\"><span class='avia_hidden_link_text'>Compartir en Whatsapp<\/span><\/a><\/li><li class='av-share-link av-social-link-linkedin' ><a target=\"_blank\" aria-label=\"Compartir en LinkedIn\" href='https:\/\/linkedin.com\/shareArticle?mini=true&#038;title=Poder%20judicial%20implementa%20%C2%ABtr%C3%A1mite%20f%C3%A1cil%C2%BB%20para%20solicitar%20pago%20de%20deudas%20de%20pensiones%20de%20alimento%20con%20fondos%20previsionales&#038;url=https:\/\/radiorevelacionfm.cl\/?p=33172' aria-hidden='false' data-av_icon='\ue8fc' data-av_iconfont='entypo-fontello' title='' data-avia-related-tooltip='Compartir en LinkedIn' rel=\"noopener\"><span class='avia_hidden_link_text'>Compartir en LinkedIn<\/span><\/a><\/li><li class='av-share-link av-social-link-mail' ><a  aria-label=\"Compartir por correo\" href='mailto:?subject=Poder%20judicial%20implementa%20%C2%ABtr%C3%A1mite%20f%C3%A1cil%C2%BB%20para%20solicitar%20pago%20de%20deudas%20de%20pensiones%20de%20alimento%20con%20fondos%20previsionales&#038;body=https:\/\/radiorevelacionfm.cl\/?p=33172' aria-hidden='false' data-av_icon='\ue805' data-av_iconfont='entypo-fontello' title='' data-avia-related-tooltip='Compartir por correo'><span class='avia_hidden_link_text'>Compartir por correo<\/span><\/a><\/li><\/ul><\/div><\/div>\n<div  style='height:50px' class='hr hr-invisible   avia-builder-el-8  el_after_av_social_share  el_before_av_comments_list '><span class='hr-inner ' ><span class='hr-inner-style'><\/span><\/span><\/div>\n<div  class='av-buildercomment  av-blog-meta-html-info-disabled av-blog-meta-tag-disabled  '><\/div>\n","protected":false},"excerpt":{"rendered":"","protected":false},"author":1,"featured_media":14844,"comment_status":"open","ping_status":"open","sticky":false,"template":"","format":"standard","meta":{"footnotes":""},"categories":[55],"tags":[],"class_list":["post-33172","post","type-post","status-publish","format-standard","has-post-thumbnail","hentry","category-justicia"],"jetpack_featured_media_url":"https:\/\/radiorevelacionfm.cl\/wp-content\/uploads\/2022\/03\/juzgado-de-familia-2_optimized.jpg","_links":{"self":[{"href":"https:\/\/radiorevelacionfm.cl\/index.php?rest_route=\/wp\/v2\/posts\/33172","targetHints":{"allow":["GET"]}}],"collection":[{"href":"https:\/\/radiorevelacionfm.cl\/index.php?rest_route=\/wp\/v2\/posts"}],"about":[{"href":"https:\/\/radiorevelacionfm.cl\/index.php?rest_route=\/wp\/v2\/types\/post"}],"author":[{"embeddable":true,"href":"https:\/\/radiorevelacionfm.cl\/index.php?rest_route=\/wp\/v2\/users\/1"}],"replies":[{"embeddable":true,"href":"https:\/\/radiorevelacionfm.cl\/index.php?rest_route=%2Fwp%2Fv2%2Fcomments&post=33172"}],"version-history":[{"count":1,"href":"https:\/\/radiorevelacionfm.cl\/index.php?rest_route=\/wp\/v2\/posts\/33172\/revisions"}],"predecessor-version":[{"id":33173,"href":"https:\/\/radiorevelacionfm.cl\/index.php?rest_route=\/wp\/v2\/posts\/33172\/revisions\/33173"}],"wp:featuredmedia":[{"embeddable":true,"href":"https:\/\/radiorevelacionfm.cl\/index.php?rest_route=\/wp\/v2\/media\/14844"}],"wp:attachment":[{"href":"https:\/\/radiorevelacionfm.cl\/index.php?rest_route=%2Fwp%2Fv2%2Fmedia&parent=33172"}],"wp:term":[{"taxonomy":"category","embeddable":true,"href":"https:\/\/radiorevelacionfm.cl\/index.php?rest_route=%2Fwp%2Fv2%2Fcategories&post=33172"},{"taxonomy":"post_tag","embeddable":true,"href":"https:\/\/radiorevelacionfm.cl\/index.php?rest_route=%2Fwp%2Fv2%2Ftags&post=33172"}],"curies":[{"name":"wp","href":"https:\/\/api.w.org\/{rel}","templated":true}]}}