{"id":33166,"date":"2023-07-24T11:07:53","date_gmt":"2023-07-24T14:07:53","guid":{"rendered":"https:\/\/radiorevelacionfm.cl\/?p=33166"},"modified":"2023-07-24T11:07:53","modified_gmt":"2023-07-24T14:07:53","slug":"obras-del-nuevo-anfiteatro-de-cochrane-presenta-un-70-de-avance-en-su-construccion","status":"publish","type":"post","link":"https:\/\/radiorevelacionfm.cl\/?p=33166","title":{"rendered":"Obras del nuevo anfiteatro de Cochrane presenta un 70% de avance en su construcci\u00f3n"},"content":{"rendered":"<div class=\"flex_column av_one_full  flex_column_div av-zero-column-padding first  avia-builder-el-0  el_before_av_one_full  avia-builder-el-first  \" style='border-radius:0px; '><div  class='avia-image-container  av-styling-    avia-builder-el-1  avia-builder-el-no-sibling  avia-align-center '  itemprop=\"image\" itemscope=\"itemscope\" itemtype=\"https:\/\/schema.org\/ImageObject\"  ><div class='avia-image-container-inner'><div class='avia-image-overlay-wrap'><img decoding=\"async\" class='wp-image-33167 avia-img-lazy-loading-not-33167 avia_image' src=\"https:\/\/radiorevelacionfm.cl\/wp-content\/uploads\/2023\/07\/Anfiteatro-3-1-1.jpeg\" alt='' title='Anfiteatro-3 (1) (1)' height=\"600\" width=\"1105\"  itemprop=\"thumbnailUrl\" srcset=\"https:\/\/radiorevelacionfm.cl\/wp-content\/uploads\/2023\/07\/Anfiteatro-3-1-1.jpeg 1105w, https:\/\/radiorevelacionfm.cl\/wp-content\/uploads\/2023\/07\/Anfiteatro-3-1-1-300x163.jpeg 300w, https:\/\/radiorevelacionfm.cl\/wp-content\/uploads\/2023\/07\/Anfiteatro-3-1-1-1030x559.jpeg 1030w, https:\/\/radiorevelacionfm.cl\/wp-content\/uploads\/2023\/07\/Anfiteatro-3-1-1-768x417.jpeg 768w, https:\/\/radiorevelacionfm.cl\/wp-content\/uploads\/2023\/07\/Anfiteatro-3-1-1-705x383.jpeg 705w, https:\/\/radiorevelacionfm.cl\/wp-content\/uploads\/2023\/07\/Anfiteatro-3-1-1-450x244.jpeg 450w, https:\/\/radiorevelacionfm.cl\/wp-content\/uploads\/2023\/07\/Anfiteatro-3-1-1-600x326.jpeg 600w\" sizes=\"(max-width: 1105px) 100vw, 1105px\" \/><\/div><\/div><\/div><\/div><div class=\"flex_column av_one_full  flex_column_div av-zero-column-padding first  avia-builder-el-2  el_after_av_one_full  el_before_av_one_full  column-top-margin\" style='border-radius:0px; '><section class=\"av_textblock_section \"  itemscope=\"itemscope\" itemtype=\"https:\/\/schema.org\/BlogPosting\" itemprop=\"blogPost\" ><div class='avia_textblock  '   itemprop=\"text\" ><p style=\"text-align: center;\"><strong><span style=\"font-size: 18pt;\">Obras del nuevo anfiteatro de Cochrane presenta un 70% de avance en su construcci\u00f3n<\/span><\/strong><\/p>\n<div id=\"gtx-trans\" style=\"position: absolute; left: -50px; top: 4.31534px;\">\n<div class=\"gtx-trans-icon\"><\/div>\n<\/div>\n<\/div><\/section><\/div><div class=\"flex_column av_one_full  flex_column_div av-zero-column-padding first  avia-builder-el-4  el_after_av_one_full  el_before_av_hr  column-top-margin\" style='border-radius:0px; '><section class=\"av_textblock_section \"  itemscope=\"itemscope\" itemtype=\"https:\/\/schema.org\/BlogPosting\" itemprop=\"blogPost\" ><div class='avia_textblock  '   itemprop=\"text\" ><p style=\"text-align: justify;\">El alcalde de Cochrane, Jorge Calder\u00f3n N\u00fa\u00f1ez, inspeccion\u00f3 el pasado mi\u00e9rcoles los avances en las obras de construcci\u00f3n del nuevo anfiteatro de la comuna que estar\u00e1 emplazado en el Parque Vicente Previske, el cual a la fecha presenta un 70% de progreso en su edificaci\u00f3n y se espera que sea inaugurado a finales de este a\u00f1o.<span id=\"more-114914\"><\/span><\/p>\n<p style=\"text-align: justify;\">La autoridad cont\u00f3 con la compa\u00f1\u00eda del jefe de obras de la municipalidad, Michael Arias, donde revisaron en detalle el avance de esta ambiciosa construcci\u00f3n que permitir\u00e1 contar con un amplio espacio para el desarrollo de actividades al aire libre durante la \u00e9poca estival y que podr\u00e1 ser usado por distintas organizaciones sociales y comunales.<\/p>\n<p style=\"text-align: justify;\">Sobre los progresos de este trabajo, el alcalde Jorge Calder\u00f3n declar\u00f3 que \u201cconstatamos un avance cercano al 70%. Por lo tanto, esperamos que en un par de meses m\u00e1s tengamos la posibilidad de tener a disposici\u00f3n esta obra tan importante que genera empleo y dinamismo econ\u00f3mico en nuestra comuna y que, al mismo tiempo, nos va a permitir embellecer esta parte relevante a un costado del terminal de buses de Cochrane y nuestro Centro Cultural\u201d.<\/p>\n<p style=\"text-align: justify;\">En esa misma l\u00ednea, el edil indic\u00f3 que el proyecto \u201cnace en el municipio y ha sido financiado por el Gobierno Regional y, nos est\u00e1 permitiendo recuperar un espacio importante de nuestro parque Vicente Previske\u201d. Finalmente, el alcalde sostuvo que \u201cesperamos pronto poner a disposici\u00f3n de nuestra comunidad un espacio que nos permita realizar diversas actividades art\u00edsticas y culturales en nuestra comuna\u201d.<\/p>\n<p style=\"text-align: justify;\">El nuevo anfiteatro de Cochrane tendr\u00e1 una capacidad para 500 personas sentadas en sus respectivas butacas y estar\u00e1 rodeado de \u00e1reas verdes a un costado del arroyo Tamango, el terminal de buses y el cerro La Cruz.<\/p>\n<\/div><\/section><\/div><div  style='height:50px' class='hr hr-invisible   avia-builder-el-6  el_after_av_one_full  el_before_av_social_share '><span class='hr-inner ' ><span class='hr-inner-style'><\/span><\/span><\/div><\/p>\n<div  class='av-social-sharing-box  avia-builder-el-7  el_after_av_hr  el_before_av_hr  '><div class='av-share-box'><h5 class='av-share-link-description av-no-toc '>Compartir esta noticia<\/h5><ul class='av-share-box-list noLightbox'><li class='av-share-link av-social-link-facebook' ><a target=\"_blank\" aria-label=\"Compartir en Facebook\" href='https:\/\/www.facebook.com\/sharer.php?u=https:\/\/radiorevelacionfm.cl\/?p=33166&#038;t=Obras%20del%20nuevo%20anfiteatro%20de%20Cochrane%20presenta%20un%2070%25%20de%20avance%20en%20su%20construcci%C3%B3n' aria-hidden='false' data-av_icon='\ue8f3' data-av_iconfont='entypo-fontello' title='' data-avia-related-tooltip='Compartir en Facebook' rel=\"noopener\"><span class='avia_hidden_link_text'>Compartir en Facebook<\/span><\/a><\/li><li class='av-share-link av-social-link-twitter' ><a target=\"_blank\" aria-label=\"Compartir en Twitter\" href='https:\/\/twitter.com\/share?text=Obras%20del%20nuevo%20anfiteatro%20de%20Cochrane%20presenta%20un%2070%25%20de%20avance%20en%20su%20construcci%C3%B3n&#038;url=https:\/\/radiorevelacionfm.cl\/?p=33166' aria-hidden='false' data-av_icon='\ue8f1' data-av_iconfont='entypo-fontello' title='' data-avia-related-tooltip='Compartir en Twitter' rel=\"noopener\"><span class='avia_hidden_link_text'>Compartir en Twitter<\/span><\/a><\/li><li class='av-share-link av-social-link-whatsapp' ><a target=\"_blank\" aria-label=\"Compartir en Whatsapp\" href='https:\/\/api.whatsapp.com\/send?text=https:\/\/radiorevelacionfm.cl\/?p=33166' aria-hidden='false' data-av_icon='\uf232' data-av_iconfont='entypo-fontello' title='' data-avia-related-tooltip='Compartir en Whatsapp' rel=\"noopener\"><span class='avia_hidden_link_text'>Compartir en Whatsapp<\/span><\/a><\/li><li class='av-share-link av-social-link-linkedin' ><a target=\"_blank\" aria-label=\"Compartir en LinkedIn\" href='https:\/\/linkedin.com\/shareArticle?mini=true&#038;title=Obras%20del%20nuevo%20anfiteatro%20de%20Cochrane%20presenta%20un%2070%25%20de%20avance%20en%20su%20construcci%C3%B3n&#038;url=https:\/\/radiorevelacionfm.cl\/?p=33166' aria-hidden='false' data-av_icon='\ue8fc' data-av_iconfont='entypo-fontello' title='' data-avia-related-tooltip='Compartir en LinkedIn' rel=\"noopener\"><span class='avia_hidden_link_text'>Compartir en LinkedIn<\/span><\/a><\/li><li class='av-share-link av-social-link-mail' ><a  aria-label=\"Compartir por correo\" href='mailto:?subject=Obras%20del%20nuevo%20anfiteatro%20de%20Cochrane%20presenta%20un%2070%25%20de%20avance%20en%20su%20construcci%C3%B3n&#038;body=https:\/\/radiorevelacionfm.cl\/?p=33166' aria-hidden='false' data-av_icon='\ue805' data-av_iconfont='entypo-fontello' title='' data-avia-related-tooltip='Compartir por correo'><span class='avia_hidden_link_text'>Compartir por correo<\/span><\/a><\/li><\/ul><\/div><\/div>\n<div  style='height:50px' class='hr hr-invisible   avia-builder-el-8  el_after_av_social_share  el_before_av_comments_list '><span class='hr-inner ' ><span class='hr-inner-style'><\/span><\/span><\/div>\n<div  class='av-buildercomment  av-blog-meta-html-info-disabled av-blog-meta-tag-disabled  '><\/div>\n","protected":false},"excerpt":{"rendered":"","protected":false},"author":1,"featured_media":33167,"comment_status":"open","ping_status":"open","sticky":false,"template":"","format":"standard","meta":{"footnotes":""},"categories":[38],"tags":[],"class_list":["post-33166","post","type-post","status-publish","format-standard","has-post-thumbnail","hentry","category-regional"],"jetpack_featured_media_url":"https:\/\/radiorevelacionfm.cl\/wp-content\/uploads\/2023\/07\/Anfiteatro-3-1-1.jpeg","_links":{"self":[{"href":"https:\/\/radiorevelacionfm.cl\/index.php?rest_route=\/wp\/v2\/posts\/33166","targetHints":{"allow":["GET"]}}],"collection":[{"href":"https:\/\/radiorevelacionfm.cl\/index.php?rest_route=\/wp\/v2\/posts"}],"about":[{"href":"https:\/\/radiorevelacionfm.cl\/index.php?rest_route=\/wp\/v2\/types\/post"}],"author":[{"embeddable":true,"href":"https:\/\/radiorevelacionfm.cl\/index.php?rest_route=\/wp\/v2\/users\/1"}],"replies":[{"embeddable":true,"href":"https:\/\/radiorevelacionfm.cl\/index.php?rest_route=%2Fwp%2Fv2%2Fcomments&post=33166"}],"version-history":[{"count":1,"href":"https:\/\/radiorevelacionfm.cl\/index.php?rest_route=\/wp\/v2\/posts\/33166\/revisions"}],"predecessor-version":[{"id":33168,"href":"https:\/\/radiorevelacionfm.cl\/index.php?rest_route=\/wp\/v2\/posts\/33166\/revisions\/33168"}],"wp:featuredmedia":[{"embeddable":true,"href":"https:\/\/radiorevelacionfm.cl\/index.php?rest_route=\/wp\/v2\/media\/33167"}],"wp:attachment":[{"href":"https:\/\/radiorevelacionfm.cl\/index.php?rest_route=%2Fwp%2Fv2%2Fmedia&parent=33166"}],"wp:term":[{"taxonomy":"category","embeddable":true,"href":"https:\/\/radiorevelacionfm.cl\/index.php?rest_route=%2Fwp%2Fv2%2Fcategories&post=33166"},{"taxonomy":"post_tag","embeddable":true,"href":"https:\/\/radiorevelacionfm.cl\/index.php?rest_route=%2Fwp%2Fv2%2Ftags&post=33166"}],"curies":[{"name":"wp","href":"https:\/\/api.w.org\/{rel}","templated":true}]}}