{"id":33163,"date":"2023-07-23T20:35:02","date_gmt":"2023-07-23T23:35:02","guid":{"rendered":"https:\/\/radiorevelacionfm.cl\/?p=33163"},"modified":"2023-07-23T20:35:02","modified_gmt":"2023-07-23T23:35:02","slug":"con-degustacion-de-comidas-culmina-proyecto-encuentros-de-cocina-familiar-comunitaria-en-coyhaique","status":"publish","type":"post","link":"https:\/\/radiorevelacionfm.cl\/?p=33163","title":{"rendered":"Con degustaci\u00f3n de comidas culmina proyecto \u201cEncuentros de Cocina Familiar Comunitaria\u201d en Coyhaique"},"content":{"rendered":"<div class=\"flex_column av_one_full  flex_column_div av-zero-column-padding first  avia-builder-el-0  el_before_av_one_full  avia-builder-el-first  \" style='border-radius:0px; '><div  class='avia-image-container  av-styling-    avia-builder-el-1  avia-builder-el-no-sibling  avia-align-center '  itemprop=\"image\" itemscope=\"itemscope\" itemtype=\"https:\/\/schema.org\/ImageObject\"  ><div class='avia-image-container-inner'><div class='avia-image-overlay-wrap'><img decoding=\"async\" class='wp-image-33164 avia-img-lazy-loading-not-33164 avia_image' src=\"https:\/\/radiorevelacionfm.cl\/wp-content\/uploads\/2023\/07\/ffoip1-3-1_optimized.jpeg\" alt='' title='ffoip1-(3)-(1)_optimized' height=\"600\" width=\"901\"  itemprop=\"thumbnailUrl\" srcset=\"https:\/\/radiorevelacionfm.cl\/wp-content\/uploads\/2023\/07\/ffoip1-3-1_optimized.jpeg 901w, https:\/\/radiorevelacionfm.cl\/wp-content\/uploads\/2023\/07\/ffoip1-3-1_optimized-300x200.jpeg 300w, https:\/\/radiorevelacionfm.cl\/wp-content\/uploads\/2023\/07\/ffoip1-3-1_optimized-768x511.jpeg 768w, https:\/\/radiorevelacionfm.cl\/wp-content\/uploads\/2023\/07\/ffoip1-3-1_optimized-705x469.jpeg 705w, https:\/\/radiorevelacionfm.cl\/wp-content\/uploads\/2023\/07\/ffoip1-3-1_optimized-450x300.jpeg 450w, https:\/\/radiorevelacionfm.cl\/wp-content\/uploads\/2023\/07\/ffoip1-3-1_optimized-600x400.jpeg 600w\" sizes=\"(max-width: 901px) 100vw, 901px\" \/><\/div><\/div><\/div><\/div><div class=\"flex_column av_one_full  flex_column_div av-zero-column-padding first  avia-builder-el-2  el_after_av_one_full  el_before_av_one_full  column-top-margin\" style='border-radius:0px; '><section class=\"av_textblock_section \"  itemscope=\"itemscope\" itemtype=\"https:\/\/schema.org\/BlogPosting\" itemprop=\"blogPost\" ><div class='avia_textblock  '   itemprop=\"text\" ><p style=\"text-align: center;\"><strong><span style=\"font-size: 18pt;\">Con degustaci\u00f3n de comidas culmina proyecto \u201cEncuentros de Cocina Familiar Comunitaria\u201d en Coyhaique<\/span><\/strong><\/p>\n<div id=\"gtx-trans\" style=\"position: absolute; left: -50px; top: 4.31534px;\">\n<div class=\"gtx-trans-icon\"><\/div>\n<\/div>\n<\/div><\/section><\/div><div class=\"flex_column av_one_full  flex_column_div av-zero-column-padding first  avia-builder-el-4  el_after_av_one_full  el_before_av_hr  column-top-margin\" style='border-radius:0px; '><section class=\"av_textblock_section \"  itemscope=\"itemscope\" itemtype=\"https:\/\/schema.org\/BlogPosting\" itemprop=\"blogPost\" ><div class='avia_textblock  '   itemprop=\"text\" ><p style=\"text-align: justify;\">El d\u00eda jueves 21 de julio SEREMI de Gobierno, junto a la Divisi\u00f3n de Organizaciones Sociales y al encargado del Fondo de Fortalecimiento de Organizaciones Sociales de Inter\u00e9s P\u00fablico FFOIP 2023, realiz\u00f3 el cierre del proyecto \u201cEncuentros de Cocina Familiar Comunitaria\u201d, en la sede de la Junta de Vecinos Villa La Frontera de la Patagonia, proyecto que benefici\u00f3 en su mayor\u00eda a jefas de hogar y a due\u00f1as de casa del sector alto de Coyhaique.<\/p>\n<p style=\"text-align: justify;\">El proyecto que se adjudic\u00f3 este fondo buscaba promover el encuentro y reuni\u00f3n de las vecinas, mediante la realizaci\u00f3n de cuatro talleres para mujeres, en torno a la elaboraci\u00f3n de comidas t\u00edpicas, espacios donde intercambiar saberes y preparaciones, poniendo en valor la importancia de una alimentaci\u00f3n equilibrada, nutritiva, atendiendo las necesidades econ\u00f3micas personales, familiares y comunitarias existentes.<\/p>\n<p style=\"text-align: justify;\">Tatiana Pl\u00e1, Seremi de Gobierno valor\u00f3 la iniciativa: \u201cFueron 27 agrupaciones que se adjudicaron el Fondo de Fortalecimiento de Organizaciones Sociales de Inter\u00e9s P\u00fablico FFOIP 2023 en la regi\u00f3n, una de ellas fue esta Junta de Vecinos que present\u00f3 el proyecto de Cocina Familiar Comunitaria, quienes nos invitaron al cierre de su iniciativa a probar las comidas que aprendieron a preparar junto a la profesora, a la presidenta de la Junta de Vecinos y a las socias que est\u00e1n muy contentas con el proyecto, con este Fondo que les permite fortalecer su organizaci\u00f3n. Nosotros como Gobierno estamos comprometidos con el trabajo con las organizaciones sociales de inter\u00e9s p\u00fablico\u201d.<\/p>\n<p style=\"text-align: justify;\">Preparar alimentos en comunidad tiene varios beneficios, como mejorar los h\u00e1bitos alimenticios y de higiene, as\u00ed como las normas de seguridad, ayudando a todas las beneficiarias a organizarse mejor, a gestionar su tiempo, adem\u00e1s de recuperar y relevar valores gastron\u00f3micos locales.<\/p>\n<p style=\"text-align: justify;\">Ixia B\u00f3rquez, presidenta de la Junta de Vecinos Villa Frontera de la Patagonia, se\u00f1al\u00f3: \u201cQueremos agradecer a la Seremi de Gobierno y a su equipo por la oportunidad que nos dio de poder ser parte de su fondo de fortalecimiento, sin duda para las 10 mujeres que participaron fue una manera de salir de su rutina, compartir experiencias y de paso aprender t\u00e9cnicas y usos de los alimentos que muchas veces no ocup\u00e1bamos y forman parte de desechos org\u00e1nicos que podemos reutilizar en otras preparaciones o incluso para nuestras plantas. Todas las vecinas quedaron muy animadas y agradecidas obviamente pidiendo que esta oportunidad se repita. Tambi\u00e9n en forma muy personal agradecida de lo amigable que fue la postulaci\u00f3n al Fondo y la disposici\u00f3n y paciencia que tuvieron para responder cada duda que se nos present\u00f3\u201d.<\/p>\n<p style=\"text-align: justify;\">Cabe se\u00f1alar, que los talleres ten\u00edan como objetivo, reunirse en comunidad para conocer y relevar preparaciones gastron\u00f3micas locales y sus beneficios, adem\u00e1s de realizar una receta del plato local m\u00e1s preparado por las vecinas.<\/p>\n<\/div><\/section><\/div><div  style='height:50px' class='hr hr-invisible   avia-builder-el-6  el_after_av_one_full  el_before_av_social_share '><span class='hr-inner ' ><span class='hr-inner-style'><\/span><\/span><\/div><\/p>\n<div  class='av-social-sharing-box  avia-builder-el-7  el_after_av_hr  el_before_av_hr  '><div class='av-share-box'><h5 class='av-share-link-description av-no-toc '>Compartir esta noticia<\/h5><ul class='av-share-box-list noLightbox'><li class='av-share-link av-social-link-facebook' ><a target=\"_blank\" aria-label=\"Compartir en Facebook\" href='https:\/\/www.facebook.com\/sharer.php?u=https:\/\/radiorevelacionfm.cl\/?p=33163&#038;t=Con%20degustaci%C3%B3n%20de%20comidas%20culmina%20proyecto%20%E2%80%9CEncuentros%20de%20Cocina%20Familiar%20Comunitaria%E2%80%9D%20en%20Coyhaique' aria-hidden='false' data-av_icon='\ue8f3' data-av_iconfont='entypo-fontello' title='' data-avia-related-tooltip='Compartir en Facebook' rel=\"noopener\"><span class='avia_hidden_link_text'>Compartir en Facebook<\/span><\/a><\/li><li class='av-share-link av-social-link-twitter' ><a target=\"_blank\" aria-label=\"Compartir en Twitter\" href='https:\/\/twitter.com\/share?text=Con%20degustaci%C3%B3n%20de%20comidas%20culmina%20proyecto%20%E2%80%9CEncuentros%20de%20Cocina%20Familiar%20Comunitaria%E2%80%9D%20en%20Coyhaique&#038;url=https:\/\/radiorevelacionfm.cl\/?p=33163' aria-hidden='false' data-av_icon='\ue8f1' data-av_iconfont='entypo-fontello' title='' data-avia-related-tooltip='Compartir en Twitter' rel=\"noopener\"><span class='avia_hidden_link_text'>Compartir en Twitter<\/span><\/a><\/li><li class='av-share-link av-social-link-whatsapp' ><a target=\"_blank\" aria-label=\"Compartir en Whatsapp\" href='https:\/\/api.whatsapp.com\/send?text=https:\/\/radiorevelacionfm.cl\/?p=33163' aria-hidden='false' data-av_icon='\uf232' data-av_iconfont='entypo-fontello' title='' data-avia-related-tooltip='Compartir en Whatsapp' rel=\"noopener\"><span class='avia_hidden_link_text'>Compartir en Whatsapp<\/span><\/a><\/li><li class='av-share-link av-social-link-linkedin' ><a target=\"_blank\" aria-label=\"Compartir en LinkedIn\" href='https:\/\/linkedin.com\/shareArticle?mini=true&#038;title=Con%20degustaci%C3%B3n%20de%20comidas%20culmina%20proyecto%20%E2%80%9CEncuentros%20de%20Cocina%20Familiar%20Comunitaria%E2%80%9D%20en%20Coyhaique&#038;url=https:\/\/radiorevelacionfm.cl\/?p=33163' aria-hidden='false' data-av_icon='\ue8fc' data-av_iconfont='entypo-fontello' title='' data-avia-related-tooltip='Compartir en LinkedIn' rel=\"noopener\"><span class='avia_hidden_link_text'>Compartir en LinkedIn<\/span><\/a><\/li><li class='av-share-link av-social-link-mail' ><a  aria-label=\"Compartir por correo\" href='mailto:?subject=Con%20degustaci%C3%B3n%20de%20comidas%20culmina%20proyecto%20%E2%80%9CEncuentros%20de%20Cocina%20Familiar%20Comunitaria%E2%80%9D%20en%20Coyhaique&#038;body=https:\/\/radiorevelacionfm.cl\/?p=33163' aria-hidden='false' data-av_icon='\ue805' data-av_iconfont='entypo-fontello' title='' data-avia-related-tooltip='Compartir por correo'><span class='avia_hidden_link_text'>Compartir por correo<\/span><\/a><\/li><\/ul><\/div><\/div>\n<div  style='height:50px' class='hr hr-invisible   avia-builder-el-8  el_after_av_social_share  el_before_av_comments_list '><span class='hr-inner ' ><span class='hr-inner-style'><\/span><\/span><\/div>\n<div  class='av-buildercomment  av-blog-meta-html-info-disabled av-blog-meta-tag-disabled  '><\/div>\n","protected":false},"excerpt":{"rendered":"","protected":false},"author":1,"featured_media":33164,"comment_status":"open","ping_status":"open","sticky":false,"template":"","format":"standard","meta":{"footnotes":""},"categories":[38],"tags":[],"class_list":["post-33163","post","type-post","status-publish","format-standard","has-post-thumbnail","hentry","category-regional"],"jetpack_featured_media_url":"https:\/\/radiorevelacionfm.cl\/wp-content\/uploads\/2023\/07\/ffoip1-3-1_optimized.jpeg","_links":{"self":[{"href":"https:\/\/radiorevelacionfm.cl\/index.php?rest_route=\/wp\/v2\/posts\/33163","targetHints":{"allow":["GET"]}}],"collection":[{"href":"https:\/\/radiorevelacionfm.cl\/index.php?rest_route=\/wp\/v2\/posts"}],"about":[{"href":"https:\/\/radiorevelacionfm.cl\/index.php?rest_route=\/wp\/v2\/types\/post"}],"author":[{"embeddable":true,"href":"https:\/\/radiorevelacionfm.cl\/index.php?rest_route=\/wp\/v2\/users\/1"}],"replies":[{"embeddable":true,"href":"https:\/\/radiorevelacionfm.cl\/index.php?rest_route=%2Fwp%2Fv2%2Fcomments&post=33163"}],"version-history":[{"count":1,"href":"https:\/\/radiorevelacionfm.cl\/index.php?rest_route=\/wp\/v2\/posts\/33163\/revisions"}],"predecessor-version":[{"id":33165,"href":"https:\/\/radiorevelacionfm.cl\/index.php?rest_route=\/wp\/v2\/posts\/33163\/revisions\/33165"}],"wp:featuredmedia":[{"embeddable":true,"href":"https:\/\/radiorevelacionfm.cl\/index.php?rest_route=\/wp\/v2\/media\/33164"}],"wp:attachment":[{"href":"https:\/\/radiorevelacionfm.cl\/index.php?rest_route=%2Fwp%2Fv2%2Fmedia&parent=33163"}],"wp:term":[{"taxonomy":"category","embeddable":true,"href":"https:\/\/radiorevelacionfm.cl\/index.php?rest_route=%2Fwp%2Fv2%2Fcategories&post=33163"},{"taxonomy":"post_tag","embeddable":true,"href":"https:\/\/radiorevelacionfm.cl\/index.php?rest_route=%2Fwp%2Fv2%2Ftags&post=33163"}],"curies":[{"name":"wp","href":"https:\/\/api.w.org\/{rel}","templated":true}]}}