{"id":33160,"date":"2023-07-23T17:36:40","date_gmt":"2023-07-23T20:36:40","guid":{"rendered":"https:\/\/radiorevelacionfm.cl\/?p=33160"},"modified":"2023-07-23T17:36:40","modified_gmt":"2023-07-23T20:36:40","slug":"en-puerto-aysen-se-desarrollo-el-1er-taller-sobre-normativa-laboral-para-empresas-del-litoral","status":"publish","type":"post","link":"https:\/\/radiorevelacionfm.cl\/?p=33160","title":{"rendered":"En Puerto Ays\u00e9n se desarroll\u00f3 el 1er Taller sobre normativa laboral para empresas del litoral"},"content":{"rendered":"<div class=\"flex_column av_one_full  flex_column_div av-zero-column-padding first  avia-builder-el-0  el_before_av_one_full  avia-builder-el-first  \" style='border-radius:0px; '><div  class='avia-image-container  av-styling-    avia-builder-el-1  avia-builder-el-no-sibling  avia-align-center '  itemprop=\"image\" itemscope=\"itemscope\" itemtype=\"https:\/\/schema.org\/ImageObject\"  ><div class='avia-image-container-inner'><div class='avia-image-overlay-wrap'><img decoding=\"async\" class='wp-image-33161 avia-img-lazy-loading-not-33161 avia_image' src=\"https:\/\/radiorevelacionfm.cl\/wp-content\/uploads\/2023\/07\/corpaysen_conversatoriolaboral-b2-1_optimized.jpg\" alt='' title='corpaysen_conversatoriolaboral-b2-(1)_optimized' height=\"600\" width=\"885\"  itemprop=\"thumbnailUrl\" srcset=\"https:\/\/radiorevelacionfm.cl\/wp-content\/uploads\/2023\/07\/corpaysen_conversatoriolaboral-b2-1_optimized.jpg 885w, https:\/\/radiorevelacionfm.cl\/wp-content\/uploads\/2023\/07\/corpaysen_conversatoriolaboral-b2-1_optimized-300x203.jpg 300w, https:\/\/radiorevelacionfm.cl\/wp-content\/uploads\/2023\/07\/corpaysen_conversatoriolaboral-b2-1_optimized-768x521.jpg 768w, https:\/\/radiorevelacionfm.cl\/wp-content\/uploads\/2023\/07\/corpaysen_conversatoriolaboral-b2-1_optimized-705x478.jpg 705w, https:\/\/radiorevelacionfm.cl\/wp-content\/uploads\/2023\/07\/corpaysen_conversatoriolaboral-b2-1_optimized-450x305.jpg 450w, https:\/\/radiorevelacionfm.cl\/wp-content\/uploads\/2023\/07\/corpaysen_conversatoriolaboral-b2-1_optimized-600x407.jpg 600w\" sizes=\"(max-width: 885px) 100vw, 885px\" \/><\/div><\/div><\/div><\/div><div class=\"flex_column av_one_full  flex_column_div av-zero-column-padding first  avia-builder-el-2  el_after_av_one_full  el_before_av_one_full  column-top-margin\" style='border-radius:0px; '><section class=\"av_textblock_section \"  itemscope=\"itemscope\" itemtype=\"https:\/\/schema.org\/BlogPosting\" itemprop=\"blogPost\" ><div class='avia_textblock  '   itemprop=\"text\" ><p style=\"text-align: center;\"><strong><span style=\"font-size: 18pt;\">En Puerto Ays\u00e9n se desarroll\u00f3 el 1er Taller sobre normativa laboral para empresas del litoral<\/span><\/strong><\/p>\n<div id=\"gtx-trans\" style=\"position: absolute; left: -50px; top: 4.31534px;\">\n<div class=\"gtx-trans-icon\"><\/div>\n<\/div>\n<\/div><\/section><\/div><div class=\"flex_column av_one_full  flex_column_div av-zero-column-padding first  avia-builder-el-4  el_after_av_one_full  el_before_av_hr  column-top-margin\" style='border-radius:0px; '><section class=\"av_textblock_section \"  itemscope=\"itemscope\" itemtype=\"https:\/\/schema.org\/BlogPosting\" itemprop=\"blogPost\" ><div class='avia_textblock  '   itemprop=\"text\" ><p class=\"v1MsoNormal\" style=\"text-align: justify;\"><span lang=\"ES-MX\">En la sede del Sindicato de Fr\u00edosur de Puerto Ays\u00e9n se desarroll\u00f3 el Taller denominado\u00a0\u00abAys\u00e9n Emplea: cumplimiento y conocimiento de la normativa laboral para empresas del litoral\u00bb, organizado entre Corpaysen y el Seremi de Trabajo y Previsi\u00f3n Social, contando con la participaci\u00f3n de dirigentes y empresas, realizando un conversatorio en torno a la contrataci\u00f3n de trabajadores\/as migrantes y jornadas excepcionales, con exposiciones de la coordinadora jur\u00eddica de la Direcci\u00f3n del Trabajo, Ver\u00f3nica B\u00f3rquez.\u00a0\u00a0<\/span><\/p>\n<p class=\"v1MsoNormal\" style=\"text-align: justify;\"><span lang=\"ES\">La actividad se inserta en el marco del trabajo decente y del di\u00e1logo social, as\u00ed lo afirm\u00f3 el Seremi de Trabajo y Previsi\u00f3n Social, Rodrigo D\u00edaz, \u00abAgradecer esta instancia, que se realiza por el di\u00e1logo social para llegar a los empleadores, donde Corpaysen y la C\u00e1mara de Comercio de Ays\u00e9n son fundamentales para poder llegar con la Direcci\u00f3n del Trabajo, con la misma oficina provincial de Ays\u00e9n, y poder informar estos temas que fueron a solicitud de ellos. Esto nos permite acercarnos a las personas, al sector productivo, a los que viven del mar, eso es lo que nos encomend\u00f3 el Presidente Boric, nuestro Gobierno, donde dimos a conocer tambi\u00e9n el Despega MIPE de Sence, as\u00ed es que muy contento y espero que esto se vuelva a repetir\u00bb.<\/span><\/p>\n<p class=\"v1MsoNormal\" style=\"text-align: justify;\"><span lang=\"ES\">El prop\u00f3sito de esta jornada participativa fue mencionado por \u00c1lvaro Contreras, coordinador de Corpays\u00e9n, \u00abEl principal motivo de porqu\u00e9 se realiz\u00f3 esta actividad fue gracias a la iniciativa que tuvo el Seremi del Trabajo de juntarse con la corporaci\u00f3n y conocer cu\u00e1les eran los requerimientos que ten\u00edan nuestros socios. El modo que nosotros decimos que era lo m\u00e1s sensato realizar este tipo de actividades, era consultando a los mismos socios de Corpaysen, cu\u00e1les eran las necesidades que ten\u00edan en torno al conocimiento de legislaci\u00f3n y cumplimiento de la legislaci\u00f3n laboral. Yo creo que fue una jornada muy exitosa, tuvimos dos charlas-talleres porque tambi\u00e9n se dio mucha conversaci\u00f3n entre medio de ella, una respecto a la contrataci\u00f3n de migrantes y al final, sobre la jornada laboral excepcional, que en particular es muy interesante para las empresas como Friosur o Mowi, que tienen ese tipo de jornada laboral\u00bb.<\/span><\/p>\n<p class=\"v1MsoNormal\" style=\"text-align: justify;\"><span lang=\"ES\">Una de las participantes fue Teresita Vallejos, jefa de personas de MOWI, quien afirm\u00f3 sobre la pertinencia de estas instancias de capacitaci\u00f3n, \u00abS\u00faper importante para nosotros, porque son temas vigentes a la industria en general. Para nosotros el tema de los migrantes es muy actual para todos, el poder estar siempre actualiz\u00e1ndonos en cuanto a la normativa. La idea nuestra es siempre estar de la mano con lo que exige la normativa laboral y cumpliendo. Sobre el tema de las jornadas excepcionales, que las ocupamos en la industria acu\u00edcola, donde las normativas se van actualizando y vamos tambi\u00e9n aclarando dudas. S\u00faper conforme, ojal\u00e1 que se repitan estas reuniones y vayan saliendo otros temas\u00bb.<\/span><\/p>\n<p class=\"v1MsoNormal\" style=\"text-align: justify;\"><span lang=\"ES\">Otra de las asistentes fue Luz Eliana Contreras, jefa de remuneraciones de pesquera Friosur quien mencion\u00f3, \u00abAgradecer a Corpaysen esta invitaci\u00f3n, agradecer los talleres participativos, que es lo que a nosotros nos interesa, estar siempre vigentes en la normativa laboral, previsional y agradecer la convocatoria, encuentro que fue participativa. Seguir participando en estos talleres y convocando a m\u00e1s instituciones, que nos puedan ir ayudando y aclarando dudas sobre todo\u00bb.<\/span><\/p>\n<p class=\"v1MsoNormal\" style=\"text-align: justify;\"><span lang=\"ES\">En el taller se generaron interesantes conversaciones sobre la normativa laboral y sus aspectos pr\u00e1cticos. Al respecto, el Inspector Provincial del Trabajo de Ays\u00e9n, Luis Godoy, coment\u00f3 sobre el rol de la Direcci\u00f3n del Trabajo y de este tipo de actividades con la comunidad, \u00abDarles a conocer a la comunidad que la Direcci\u00f3n del Trabajo como tal no solo es un ente fiscalizador, sino tambi\u00e9n es un ente que capacita a los usuarios, a los Empleadores, a los trabajadores, a las organizaciones sindicales, les da a conocer la normativa laboral, con la finalidad para los trabajadores que ellos sepan cu\u00e1les son sus derechos, sepan qu\u00e9 beneficios tienen, qu\u00e9 documentaci\u00f3n deben poseer en esta relaci\u00f3n laboral y, a los empleadores, entregarle la normativa a objeto que minimicen las posibles observaciones que se pudieran constatar en fiscalizaciones que se realizan en terreno\u00bb.<\/span><\/p>\n<p class=\"v1MsoNormal\" style=\"text-align: justify;\"><span lang=\"ES\">Para el segundo semestre se espera realizar otro conversatorio coordinado\u00a0por el Seremi de Trabajo y Previsi\u00f3n Social y Corpaysen, los cuales son abiertos a todas las empresas del litoral, siendo uno de los posibles temas, la implementaci\u00f3n de la ley de las 40 Horas, el cual fue abordado en l\u00edneas general por el Seremi Rodrigo D\u00edaz.\u00a0<\/span><\/p>\n<\/div><\/section><\/div><div  style='height:50px' class='hr hr-invisible   avia-builder-el-6  el_after_av_one_full  el_before_av_social_share '><span class='hr-inner ' ><span class='hr-inner-style'><\/span><\/span><\/div><\/p>\n<div  class='av-social-sharing-box  avia-builder-el-7  el_after_av_hr  el_before_av_hr  '><div class='av-share-box'><h5 class='av-share-link-description av-no-toc '>Compartir esta noticia<\/h5><ul class='av-share-box-list noLightbox'><li class='av-share-link av-social-link-facebook' ><a target=\"_blank\" aria-label=\"Compartir en Facebook\" href='https:\/\/www.facebook.com\/sharer.php?u=https:\/\/radiorevelacionfm.cl\/?p=33160&#038;t=En%20Puerto%20Ays%C3%A9n%20se%20desarroll%C3%B3%20el%201er%20Taller%20sobre%20normativa%20laboral%20para%20empresas%20del%20litoral' aria-hidden='false' data-av_icon='\ue8f3' data-av_iconfont='entypo-fontello' title='' data-avia-related-tooltip='Compartir en Facebook' rel=\"noopener\"><span class='avia_hidden_link_text'>Compartir en Facebook<\/span><\/a><\/li><li class='av-share-link av-social-link-twitter' ><a target=\"_blank\" aria-label=\"Compartir en Twitter\" href='https:\/\/twitter.com\/share?text=En%20Puerto%20Ays%C3%A9n%20se%20desarroll%C3%B3%20el%201er%20Taller%20sobre%20normativa%20laboral%20para%20empresas%20del%20litoral&#038;url=https:\/\/radiorevelacionfm.cl\/?p=33160' aria-hidden='false' data-av_icon='\ue8f1' data-av_iconfont='entypo-fontello' title='' data-avia-related-tooltip='Compartir en Twitter' rel=\"noopener\"><span class='avia_hidden_link_text'>Compartir en Twitter<\/span><\/a><\/li><li class='av-share-link av-social-link-whatsapp' ><a target=\"_blank\" aria-label=\"Compartir en Whatsapp\" href='https:\/\/api.whatsapp.com\/send?text=https:\/\/radiorevelacionfm.cl\/?p=33160' aria-hidden='false' data-av_icon='\uf232' data-av_iconfont='entypo-fontello' title='' data-avia-related-tooltip='Compartir en Whatsapp' rel=\"noopener\"><span class='avia_hidden_link_text'>Compartir en Whatsapp<\/span><\/a><\/li><li class='av-share-link av-social-link-linkedin' ><a target=\"_blank\" aria-label=\"Compartir en LinkedIn\" href='https:\/\/linkedin.com\/shareArticle?mini=true&#038;title=En%20Puerto%20Ays%C3%A9n%20se%20desarroll%C3%B3%20el%201er%20Taller%20sobre%20normativa%20laboral%20para%20empresas%20del%20litoral&#038;url=https:\/\/radiorevelacionfm.cl\/?p=33160' aria-hidden='false' data-av_icon='\ue8fc' data-av_iconfont='entypo-fontello' title='' data-avia-related-tooltip='Compartir en LinkedIn' rel=\"noopener\"><span class='avia_hidden_link_text'>Compartir en LinkedIn<\/span><\/a><\/li><li class='av-share-link av-social-link-mail' ><a  aria-label=\"Compartir por correo\" href='mailto:?subject=En%20Puerto%20Ays%C3%A9n%20se%20desarroll%C3%B3%20el%201er%20Taller%20sobre%20normativa%20laboral%20para%20empresas%20del%20litoral&#038;body=https:\/\/radiorevelacionfm.cl\/?p=33160' aria-hidden='false' data-av_icon='\ue805' data-av_iconfont='entypo-fontello' title='' data-avia-related-tooltip='Compartir por correo'><span class='avia_hidden_link_text'>Compartir por correo<\/span><\/a><\/li><\/ul><\/div><\/div>\n<div  style='height:50px' class='hr hr-invisible   avia-builder-el-8  el_after_av_social_share  el_before_av_comments_list '><span class='hr-inner ' ><span class='hr-inner-style'><\/span><\/span><\/div>\n<div  class='av-buildercomment  av-blog-meta-html-info-disabled av-blog-meta-tag-disabled  '><\/div>\n","protected":false},"excerpt":{"rendered":"","protected":false},"author":1,"featured_media":33161,"comment_status":"open","ping_status":"open","sticky":false,"template":"","format":"standard","meta":{"footnotes":""},"categories":[56],"tags":[],"class_list":["post-33160","post","type-post","status-publish","format-standard","has-post-thumbnail","hentry","category-trabajo"],"jetpack_featured_media_url":"https:\/\/radiorevelacionfm.cl\/wp-content\/uploads\/2023\/07\/corpaysen_conversatoriolaboral-b2-1_optimized.jpg","_links":{"self":[{"href":"https:\/\/radiorevelacionfm.cl\/index.php?rest_route=\/wp\/v2\/posts\/33160","targetHints":{"allow":["GET"]}}],"collection":[{"href":"https:\/\/radiorevelacionfm.cl\/index.php?rest_route=\/wp\/v2\/posts"}],"about":[{"href":"https:\/\/radiorevelacionfm.cl\/index.php?rest_route=\/wp\/v2\/types\/post"}],"author":[{"embeddable":true,"href":"https:\/\/radiorevelacionfm.cl\/index.php?rest_route=\/wp\/v2\/users\/1"}],"replies":[{"embeddable":true,"href":"https:\/\/radiorevelacionfm.cl\/index.php?rest_route=%2Fwp%2Fv2%2Fcomments&post=33160"}],"version-history":[{"count":1,"href":"https:\/\/radiorevelacionfm.cl\/index.php?rest_route=\/wp\/v2\/posts\/33160\/revisions"}],"predecessor-version":[{"id":33162,"href":"https:\/\/radiorevelacionfm.cl\/index.php?rest_route=\/wp\/v2\/posts\/33160\/revisions\/33162"}],"wp:featuredmedia":[{"embeddable":true,"href":"https:\/\/radiorevelacionfm.cl\/index.php?rest_route=\/wp\/v2\/media\/33161"}],"wp:attachment":[{"href":"https:\/\/radiorevelacionfm.cl\/index.php?rest_route=%2Fwp%2Fv2%2Fmedia&parent=33160"}],"wp:term":[{"taxonomy":"category","embeddable":true,"href":"https:\/\/radiorevelacionfm.cl\/index.php?rest_route=%2Fwp%2Fv2%2Fcategories&post=33160"},{"taxonomy":"post_tag","embeddable":true,"href":"https:\/\/radiorevelacionfm.cl\/index.php?rest_route=%2Fwp%2Fv2%2Ftags&post=33160"}],"curies":[{"name":"wp","href":"https:\/\/api.w.org\/{rel}","templated":true}]}}