{"id":33154,"date":"2023-07-22T16:54:12","date_gmt":"2023-07-22T19:54:12","guid":{"rendered":"https:\/\/radiorevelacionfm.cl\/?p=33154"},"modified":"2023-07-22T16:54:12","modified_gmt":"2023-07-22T19:54:12","slug":"aseguran-que-protestas-en-quellon-no-ha-generado-problemas-de-desabastecimiento-en-aysen","status":"publish","type":"post","link":"https:\/\/radiorevelacionfm.cl\/?p=33154","title":{"rendered":"Aseguran que protestas en Quell\u00f3n no ha generado problemas de desabastecimiento en Ays\u00e9n"},"content":{"rendered":"<div class=\"flex_column av_one_full  flex_column_div av-zero-column-padding first  avia-builder-el-0  el_before_av_one_full  avia-builder-el-first  \" style='border-radius:0px; '><div  class='avia-image-container  av-styling-    avia-builder-el-1  avia-builder-el-no-sibling  avia-align-center '  itemprop=\"image\" itemscope=\"itemscope\" itemtype=\"https:\/\/schema.org\/ImageObject\"  ><div class='avia-image-container-inner'><div class='avia-image-overlay-wrap'><img decoding=\"async\" class='wp-image-33155 avia-img-lazy-loading-not-33155 avia_image' src=\"https:\/\/radiorevelacionfm.cl\/wp-content\/uploads\/2023\/07\/Movilizacion-Quellon-1-1.jpg\" alt='' title='Movilizacion Quellon (1) (1)' height=\"600\" width=\"1104\"  itemprop=\"thumbnailUrl\" srcset=\"https:\/\/radiorevelacionfm.cl\/wp-content\/uploads\/2023\/07\/Movilizacion-Quellon-1-1.jpg 1104w, https:\/\/radiorevelacionfm.cl\/wp-content\/uploads\/2023\/07\/Movilizacion-Quellon-1-1-300x163.jpg 300w, https:\/\/radiorevelacionfm.cl\/wp-content\/uploads\/2023\/07\/Movilizacion-Quellon-1-1-1030x560.jpg 1030w, https:\/\/radiorevelacionfm.cl\/wp-content\/uploads\/2023\/07\/Movilizacion-Quellon-1-1-768x417.jpg 768w, https:\/\/radiorevelacionfm.cl\/wp-content\/uploads\/2023\/07\/Movilizacion-Quellon-1-1-705x383.jpg 705w, https:\/\/radiorevelacionfm.cl\/wp-content\/uploads\/2023\/07\/Movilizacion-Quellon-1-1-450x245.jpg 450w, https:\/\/radiorevelacionfm.cl\/wp-content\/uploads\/2023\/07\/Movilizacion-Quellon-1-1-600x326.jpg 600w\" sizes=\"(max-width: 1104px) 100vw, 1104px\" \/><\/div><\/div><\/div><\/div><div class=\"flex_column av_one_full  flex_column_div av-zero-column-padding first  avia-builder-el-2  el_after_av_one_full  el_before_av_one_full  column-top-margin\" style='border-radius:0px; '><section class=\"av_textblock_section \"  itemscope=\"itemscope\" itemtype=\"https:\/\/schema.org\/BlogPosting\" itemprop=\"blogPost\" ><div class='avia_textblock  '   itemprop=\"text\" ><p style=\"text-align: center;\"><strong><span style=\"font-size: 18pt;\">Aseguran que protestas en Quell\u00f3n no ha generado problemas de desabastecimiento en Ays\u00e9n<\/span><\/strong><\/p>\n<div id=\"gtx-trans\" style=\"position: absolute; left: -50px; top: 4.31534px;\">\n<div class=\"gtx-trans-icon\"><\/div>\n<\/div>\n<\/div><\/section><\/div><div class=\"flex_column av_one_full  flex_column_div av-zero-column-padding first  avia-builder-el-4  el_after_av_one_full  el_before_av_hr  column-top-margin\" style='border-radius:0px; '><section class=\"av_textblock_section \"  itemscope=\"itemscope\" itemtype=\"https:\/\/schema.org\/BlogPosting\" itemprop=\"blogPost\" ><div class='avia_textblock  '   itemprop=\"text\" ><p style=\"text-align: justify;\">Pescadores de Quell\u00f3n han iniciado manifestaciones debido a la paralizaci\u00f3n moment\u00e1nea que ha tenido el acuerdo de zonas contiguas, esto producto de un recurso de protecci\u00f3n interpuesto por algunos pescadores de Ays\u00e9n con patrocinio de la Municipalidad porte\u00f1a.<\/p>\n<p style=\"text-align: justify;\">Esta movilizaci\u00f3n significar\u00eda tambi\u00e9n que los camiones con destino a Puerto Ays\u00e9n y Coyhaique no puedan continuar su ruta. Ante ello, el Gobierno ha tomado algunas acciones, tal como lo inform\u00f3 el Delegado Presidencial Provincial, Jorge D\u00edaz.<\/p>\n<p style=\"text-align: justify;\">\u201cLa Seremi de Transportes convers\u00f3 con la empresa naviera que tiene las dos embarcaciones, Jacaf y Queulat, para que el track de navegaci\u00f3n fuera desde y hacia Puerto Montt desde Melinka, con toda la ruta cordillera y la ruta corta, de tal manera que, no se vean perjudicadas las mercader\u00edas y los transportistas que vienen desde el norte hacia la regi\u00f3n de Ays\u00e9n. Por lo tanto, desde el punto de vista del proceso de transporte naviero, est\u00e1 garantizado para quienes se embarcan en Puerto Montt, con todo el periplo que acostumbran ambas naves\u201d.<\/p>\n<p style=\"text-align: justify;\">Respecto a la posibilidad de que pescadores de Guaitecas se sumen a las protestas de sus pares de Quell\u00f3n, el Delegado Presidencial Provincial de Ays\u00e9n, dijo que, \u201chasta el momento nosotros hemos estado conversando tanto con el Alcalde como con algunos dirigentes, a prop\u00f3sito de una actividad que tenemos de Gobierno en Terreno el lunes y martes en Melinka y no hemos recibido ninguna informaci\u00f3n contraria a la molestia que por supuesto hay en algunos dirigentes a prop\u00f3sito de esta situaci\u00f3n. Pero yo entiendo que ellos, respetuosos del estado de derecho, entienden que es una situaci\u00f3n que est\u00e1 en la Corte de Apelaciones y tendremos que esperar esa resoluci\u00f3n y ojal\u00e1 lo antes posible para que todo se normalice\u201d.<\/p>\n<p style=\"text-align: justify;\">En la Corte de Apelaciones de Coyhaique hoy existe un recurso de protecci\u00f3n, donde este organismo ha dictaminado orden de no innovar, lo que hasta el d\u00eda de hoy tiene impedido a los pescadores de la regi\u00f3n de Los Lagos extraer desde el litoral de Ays\u00e9n los tres recursos fijados en el acuerdo de zonas contiguas.<\/p>\n<p style=\"text-align: justify;\">A ello se sum\u00f3, \u201cun t\u00e9ngase presente, que son nuevos antecedentes para mejor resolver y por lo tanto lo que estamos esperando ahora que, la Corte de Apelaciones en la sesi\u00f3n del lunes pueda ver esto, nosotros no sabemos, porque esa es facultad de los Ministros de la Corte de Apelaciones de Coyhaique. Pero esperamos que puedan ver el recurso y el t\u00e9ngase presente, para poder fallar respecto de esos nuevos antecedentes\u201d, agreg\u00f3 Jorge D\u00edaz.<\/p>\n<\/div><\/section><\/div><div  style='height:50px' class='hr hr-invisible   avia-builder-el-6  el_after_av_one_full  el_before_av_social_share '><span class='hr-inner ' ><span class='hr-inner-style'><\/span><\/span><\/div><\/p>\n<div  class='av-social-sharing-box  avia-builder-el-7  el_after_av_hr  el_before_av_hr  '><div class='av-share-box'><h5 class='av-share-link-description av-no-toc '>Compartir esta noticia<\/h5><ul class='av-share-box-list noLightbox'><li class='av-share-link av-social-link-facebook' ><a target=\"_blank\" aria-label=\"Compartir en Facebook\" href='https:\/\/www.facebook.com\/sharer.php?u=https:\/\/radiorevelacionfm.cl\/?p=33154&#038;t=Aseguran%20que%20protestas%20en%20Quell%C3%B3n%20no%20ha%20generado%20problemas%20de%20desabastecimiento%20en%20Ays%C3%A9n' aria-hidden='false' data-av_icon='\ue8f3' data-av_iconfont='entypo-fontello' title='' data-avia-related-tooltip='Compartir en Facebook' rel=\"noopener\"><span class='avia_hidden_link_text'>Compartir en Facebook<\/span><\/a><\/li><li class='av-share-link av-social-link-twitter' ><a target=\"_blank\" aria-label=\"Compartir en Twitter\" href='https:\/\/twitter.com\/share?text=Aseguran%20que%20protestas%20en%20Quell%C3%B3n%20no%20ha%20generado%20problemas%20de%20desabastecimiento%20en%20Ays%C3%A9n&#038;url=https:\/\/radiorevelacionfm.cl\/?p=33154' aria-hidden='false' data-av_icon='\ue8f1' data-av_iconfont='entypo-fontello' title='' data-avia-related-tooltip='Compartir en Twitter' rel=\"noopener\"><span class='avia_hidden_link_text'>Compartir en Twitter<\/span><\/a><\/li><li class='av-share-link av-social-link-whatsapp' ><a target=\"_blank\" aria-label=\"Compartir en Whatsapp\" href='https:\/\/api.whatsapp.com\/send?text=https:\/\/radiorevelacionfm.cl\/?p=33154' aria-hidden='false' data-av_icon='\uf232' data-av_iconfont='entypo-fontello' title='' data-avia-related-tooltip='Compartir en Whatsapp' rel=\"noopener\"><span class='avia_hidden_link_text'>Compartir en Whatsapp<\/span><\/a><\/li><li class='av-share-link av-social-link-linkedin' ><a target=\"_blank\" aria-label=\"Compartir en LinkedIn\" href='https:\/\/linkedin.com\/shareArticle?mini=true&#038;title=Aseguran%20que%20protestas%20en%20Quell%C3%B3n%20no%20ha%20generado%20problemas%20de%20desabastecimiento%20en%20Ays%C3%A9n&#038;url=https:\/\/radiorevelacionfm.cl\/?p=33154' aria-hidden='false' data-av_icon='\ue8fc' data-av_iconfont='entypo-fontello' title='' data-avia-related-tooltip='Compartir en LinkedIn' rel=\"noopener\"><span class='avia_hidden_link_text'>Compartir en LinkedIn<\/span><\/a><\/li><li class='av-share-link av-social-link-mail' ><a  aria-label=\"Compartir por correo\" href='mailto:?subject=Aseguran%20que%20protestas%20en%20Quell%C3%B3n%20no%20ha%20generado%20problemas%20de%20desabastecimiento%20en%20Ays%C3%A9n&#038;body=https:\/\/radiorevelacionfm.cl\/?p=33154' aria-hidden='false' data-av_icon='\ue805' data-av_iconfont='entypo-fontello' title='' data-avia-related-tooltip='Compartir por correo'><span class='avia_hidden_link_text'>Compartir por correo<\/span><\/a><\/li><\/ul><\/div><\/div>\n<div  style='height:50px' class='hr hr-invisible   avia-builder-el-8  el_after_av_social_share  el_before_av_comments_list '><span class='hr-inner ' ><span class='hr-inner-style'><\/span><\/span><\/div>\n<div  class='av-buildercomment  av-blog-meta-html-info-disabled av-blog-meta-tag-disabled  '><\/div>\n","protected":false},"excerpt":{"rendered":"","protected":false},"author":1,"featured_media":33155,"comment_status":"open","ping_status":"open","sticky":false,"template":"","format":"standard","meta":{"footnotes":""},"categories":[60],"tags":[],"class_list":["post-33154","post","type-post","status-publish","format-standard","has-post-thumbnail","hentry","category-pesca"],"jetpack_featured_media_url":"https:\/\/radiorevelacionfm.cl\/wp-content\/uploads\/2023\/07\/Movilizacion-Quellon-1-1.jpg","_links":{"self":[{"href":"https:\/\/radiorevelacionfm.cl\/index.php?rest_route=\/wp\/v2\/posts\/33154","targetHints":{"allow":["GET"]}}],"collection":[{"href":"https:\/\/radiorevelacionfm.cl\/index.php?rest_route=\/wp\/v2\/posts"}],"about":[{"href":"https:\/\/radiorevelacionfm.cl\/index.php?rest_route=\/wp\/v2\/types\/post"}],"author":[{"embeddable":true,"href":"https:\/\/radiorevelacionfm.cl\/index.php?rest_route=\/wp\/v2\/users\/1"}],"replies":[{"embeddable":true,"href":"https:\/\/radiorevelacionfm.cl\/index.php?rest_route=%2Fwp%2Fv2%2Fcomments&post=33154"}],"version-history":[{"count":1,"href":"https:\/\/radiorevelacionfm.cl\/index.php?rest_route=\/wp\/v2\/posts\/33154\/revisions"}],"predecessor-version":[{"id":33156,"href":"https:\/\/radiorevelacionfm.cl\/index.php?rest_route=\/wp\/v2\/posts\/33154\/revisions\/33156"}],"wp:featuredmedia":[{"embeddable":true,"href":"https:\/\/radiorevelacionfm.cl\/index.php?rest_route=\/wp\/v2\/media\/33155"}],"wp:attachment":[{"href":"https:\/\/radiorevelacionfm.cl\/index.php?rest_route=%2Fwp%2Fv2%2Fmedia&parent=33154"}],"wp:term":[{"taxonomy":"category","embeddable":true,"href":"https:\/\/radiorevelacionfm.cl\/index.php?rest_route=%2Fwp%2Fv2%2Fcategories&post=33154"},{"taxonomy":"post_tag","embeddable":true,"href":"https:\/\/radiorevelacionfm.cl\/index.php?rest_route=%2Fwp%2Fv2%2Ftags&post=33154"}],"curies":[{"name":"wp","href":"https:\/\/api.w.org\/{rel}","templated":true}]}}