{"id":33151,"date":"2023-07-22T15:44:26","date_gmt":"2023-07-22T18:44:26","guid":{"rendered":"https:\/\/radiorevelacionfm.cl\/?p=33151"},"modified":"2023-07-22T15:44:26","modified_gmt":"2023-07-22T18:44:26","slug":"con-discusion-sobre-medio-ambiente-e-inteligencia-artificial-culminan-talleres-regionales-para-actualizar-politica-de-inteligencia-artificial","status":"publish","type":"post","link":"https:\/\/radiorevelacionfm.cl\/?p=33151","title":{"rendered":"Con discusi\u00f3n sobre medio ambiente e inteligencia artificial culminan talleres regionales para actualizar pol\u00edtica de Inteligencia Artificial"},"content":{"rendered":"<div class=\"flex_column av_one_full  flex_column_div av-zero-column-padding first  avia-builder-el-0  el_before_av_one_full  avia-builder-el-first  \" style='border-radius:0px; '><div  class='avia-image-container  av-styling-    avia-builder-el-1  avia-builder-el-no-sibling  avia-align-center '  itemprop=\"image\" itemscope=\"itemscope\" itemtype=\"https:\/\/schema.org\/ImageObject\"  ><div class='avia-image-container-inner'><div class='avia-image-overlay-wrap'><img decoding=\"async\" class='wp-image-33152 avia-img-lazy-loading-not-33152 avia_image' src=\"https:\/\/radiorevelacionfm.cl\/wp-content\/uploads\/2023\/07\/20230718_120657_hdr-1_optimized-1.jpg\" alt='' title='20230718_120657_hdr-(1)_optimized (1)' height=\"600\" width=\"1066\"  itemprop=\"thumbnailUrl\" srcset=\"https:\/\/radiorevelacionfm.cl\/wp-content\/uploads\/2023\/07\/20230718_120657_hdr-1_optimized-1.jpg 1066w, https:\/\/radiorevelacionfm.cl\/wp-content\/uploads\/2023\/07\/20230718_120657_hdr-1_optimized-1-300x169.jpg 300w, https:\/\/radiorevelacionfm.cl\/wp-content\/uploads\/2023\/07\/20230718_120657_hdr-1_optimized-1-1030x580.jpg 1030w, https:\/\/radiorevelacionfm.cl\/wp-content\/uploads\/2023\/07\/20230718_120657_hdr-1_optimized-1-768x432.jpg 768w, https:\/\/radiorevelacionfm.cl\/wp-content\/uploads\/2023\/07\/20230718_120657_hdr-1_optimized-1-705x397.jpg 705w, https:\/\/radiorevelacionfm.cl\/wp-content\/uploads\/2023\/07\/20230718_120657_hdr-1_optimized-1-450x253.jpg 450w, https:\/\/radiorevelacionfm.cl\/wp-content\/uploads\/2023\/07\/20230718_120657_hdr-1_optimized-1-600x338.jpg 600w\" sizes=\"(max-width: 1066px) 100vw, 1066px\" \/><\/div><\/div><\/div><\/div><div class=\"flex_column av_one_full  flex_column_div av-zero-column-padding first  avia-builder-el-2  el_after_av_one_full  el_before_av_one_full  column-top-margin\" style='border-radius:0px; '><section class=\"av_textblock_section \"  itemscope=\"itemscope\" itemtype=\"https:\/\/schema.org\/BlogPosting\" itemprop=\"blogPost\" ><div class='avia_textblock  '   itemprop=\"text\" ><p style=\"text-align: center;\"><strong><span style=\"font-size: 18pt;\">Con discusi\u00f3n sobre medio ambiente e inteligencia artificial culminan talleres regionales para actualizar pol\u00edtica de Inteligencia Artificial<\/span><\/strong><\/p>\n<div id=\"gtx-trans\" style=\"position: absolute; left: -50px; top: 4.31534px;\">\n<div class=\"gtx-trans-icon\"><\/div>\n<\/div>\n<\/div><\/section><\/div><div class=\"flex_column av_one_full  flex_column_div av-zero-column-padding first  avia-builder-el-4  el_after_av_one_full  el_before_av_hr  column-top-margin\" style='border-radius:0px; '><section class=\"av_textblock_section \"  itemscope=\"itemscope\" itemtype=\"https:\/\/schema.org\/BlogPosting\" itemprop=\"blogPost\" ><div class='avia_textblock  '   itemprop=\"text\" ><p dir=\"ltr\" style=\"text-align: justify;\">Alrededor de 30 personas de Ays\u00e9n y Magallanes, tanto de manera presencial como virtual, participaron del taller organizado por el Ministerio de Ciencia, Tecnolog\u00eda, Conocimiento e Innovaci\u00f3n (CTCI) y UNESCO.<\/p>\n<p dir=\"ltr\" style=\"text-align: justify;\">Liderada por la seremi de Ciencia de la Macrozona Austral, Ver\u00f3nica Vallejos, autoridades, acad\u00e9micos, representantes del mundo p\u00fablico, privado y sociedad civil, se reunieron para conversar sobre \u00abEl Futuro del Medio Ambiente e Inteligencia Artificial\u00bb (IA), abordando las oportunidades y riesgos de utilizar esta herramienta en fen\u00f3menos propios del territorio como desastres naturales, resiliencia y crisis clim\u00e1tica.<\/p>\n<p dir=\"ltr\" style=\"text-align: justify;\">La actividad inici\u00f3 con una charla dictada por del profesor asociado de la UMAG, Eduardo Pe\u00f1a, quien desde el mundo de la academia indic\u00f3 que el concepto de Inteligencia Artificial posee d\u00e9cadas de an\u00e1lisis y trabajo, y es importante \u00abir con cuidado respecto de las pol\u00edticas, las normativas, el uso, lo que significa la \u00e9tica de utilizaci\u00f3n de esta tecnolog\u00eda\u00bb.<\/p>\n<p dir=\"ltr\" style=\"text-align: justify;\">En la jornada, los asistentes se dividieron en grupos de trabajo para compartir sus opiniones respecto a qu\u00e9 entend\u00edan por Inteligencia Artificial, c\u00f3mo la imaginaban en el funcionamiento del Estado y el uso general de esta herramienta al 2050, as\u00ed como las posibles acciones para evitar futuros no deseados. Tambi\u00e9n se les consult\u00f3 su visi\u00f3n presente del desarrollo de la inteligencia artificial y los desaf\u00edos que impone.<\/p>\n<p dir=\"ltr\" style=\"text-align: justify;\">La Seremi de Ciencia, Ver\u00f3nica Vallejos, agradeci\u00f3 el inter\u00e9s de los participantes, sobre todo en un tema que nos afecta a todos y todas. \u00abEstamos actualizando la Pol\u00edtica de IA, y para ello el ministerio organiz\u00f3 talleres participativos en cada macrozona para tener una visi\u00f3n m\u00e1s amplia del tema. En nuestro caso, abordamos el tema medio ambiental, porque es un valor relevante en ambas regiones, y si la inteligencia artificial puede ayudarnos a comprender de mejor manera c\u00f3mo nos vinculamos con \u00e9l, c\u00f3mo respondemos a los riesgos que se presentan, principalmente frente a la crisis clim\u00e1tica que enfrentamos, y c\u00f3mo tomamos mejores decisiones, debemos utilizarla, pero siempre considerando los temas \u00e9ticos y respetando los derechos humanos\u00bb.<\/p>\n<p dir=\"ltr\" style=\"text-align: justify;\">Este taller se suma a los otros cinco que se realizaron a lo largo del pa\u00eds, en los cuales adem\u00e1s se han considerado los desaf\u00edos relacionados con educaci\u00f3n, alfabetizaci\u00f3n digital, c\u00f3mo se relacionan las personas con las tecnolog\u00edas, adem\u00e1s del \u00e1rea econ\u00f3mica y social.<\/p>\n<p dir=\"ltr\" style=\"text-align: justify;\">\u00abPensar en conjunto la sociedad que queremos, con marcos \u00e9ticos, con perspectiva de derecho, orientada al bien com\u00fan, inclusiva, que permita el desarrollo de la IA considerando contextos locales es fundamental y eso es lo que queremos lograr con la actualizaci\u00f3n de la Pol\u00edtica Nacional de Inteligencia Artificial\u00bb, explic\u00f3 desde Santiago la subsecretaria Carolina Gainza.<\/p>\n<p dir=\"ltr\" style=\"text-align: justify;\">El proceso participativo finaliza el 27 de julio con un taller virtual a nivel nacional. Los resultados obtenidos servir\u00e1n de insumo para la actualizaci\u00f3n de la pol\u00edtica, la cual ser\u00e1 presentada al Consejo de Autoridades en la pr\u00f3xima Cumbre de Inteligencia Artificial que organiza el MinCiencia, junto a la oficina de UNESCO Montevideo y el CAF, Banco de Desarrollo de Am\u00e9rica Latina, que se llevar\u00e1 a cabo en Chile en octubre de este a\u00f1o.<\/p>\n<\/div><\/section><\/div><div  style='height:50px' class='hr hr-invisible   avia-builder-el-6  el_after_av_one_full  el_before_av_social_share '><span class='hr-inner ' ><span class='hr-inner-style'><\/span><\/span><\/div><\/p>\n<div  class='av-social-sharing-box  avia-builder-el-7  el_after_av_hr  el_before_av_hr  '><div class='av-share-box'><h5 class='av-share-link-description av-no-toc '>Compartir esta noticia<\/h5><ul class='av-share-box-list noLightbox'><li class='av-share-link av-social-link-facebook' ><a target=\"_blank\" aria-label=\"Compartir en Facebook\" href='https:\/\/www.facebook.com\/sharer.php?u=https:\/\/radiorevelacionfm.cl\/?p=33151&#038;t=Con%20discusi%C3%B3n%20sobre%20medio%20ambiente%20e%20inteligencia%20artificial%20culminan%20talleres%20regionales%20para%20actualizar%20pol%C3%ADtica%20de%20Inteligencia%20Artificial' aria-hidden='false' data-av_icon='\ue8f3' data-av_iconfont='entypo-fontello' title='' data-avia-related-tooltip='Compartir en Facebook' rel=\"noopener\"><span class='avia_hidden_link_text'>Compartir en Facebook<\/span><\/a><\/li><li class='av-share-link av-social-link-twitter' ><a target=\"_blank\" aria-label=\"Compartir en Twitter\" href='https:\/\/twitter.com\/share?text=Con%20discusi%C3%B3n%20sobre%20medio%20ambiente%20e%20inteligencia%20artificial%20culminan%20talleres%20regionales%20para%20actualizar%20pol%C3%ADtica%20de%20Inteligencia%20Artificial&#038;url=https:\/\/radiorevelacionfm.cl\/?p=33151' aria-hidden='false' data-av_icon='\ue8f1' data-av_iconfont='entypo-fontello' title='' data-avia-related-tooltip='Compartir en Twitter' rel=\"noopener\"><span class='avia_hidden_link_text'>Compartir en Twitter<\/span><\/a><\/li><li class='av-share-link av-social-link-whatsapp' ><a target=\"_blank\" aria-label=\"Compartir en Whatsapp\" href='https:\/\/api.whatsapp.com\/send?text=https:\/\/radiorevelacionfm.cl\/?p=33151' aria-hidden='false' data-av_icon='\uf232' data-av_iconfont='entypo-fontello' title='' data-avia-related-tooltip='Compartir en Whatsapp' rel=\"noopener\"><span class='avia_hidden_link_text'>Compartir en Whatsapp<\/span><\/a><\/li><li class='av-share-link av-social-link-linkedin' ><a target=\"_blank\" aria-label=\"Compartir en LinkedIn\" href='https:\/\/linkedin.com\/shareArticle?mini=true&#038;title=Con%20discusi%C3%B3n%20sobre%20medio%20ambiente%20e%20inteligencia%20artificial%20culminan%20talleres%20regionales%20para%20actualizar%20pol%C3%ADtica%20de%20Inteligencia%20Artificial&#038;url=https:\/\/radiorevelacionfm.cl\/?p=33151' aria-hidden='false' data-av_icon='\ue8fc' data-av_iconfont='entypo-fontello' title='' data-avia-related-tooltip='Compartir en LinkedIn' rel=\"noopener\"><span class='avia_hidden_link_text'>Compartir en LinkedIn<\/span><\/a><\/li><li class='av-share-link av-social-link-mail' ><a  aria-label=\"Compartir por correo\" href='mailto:?subject=Con%20discusi%C3%B3n%20sobre%20medio%20ambiente%20e%20inteligencia%20artificial%20culminan%20talleres%20regionales%20para%20actualizar%20pol%C3%ADtica%20de%20Inteligencia%20Artificial&#038;body=https:\/\/radiorevelacionfm.cl\/?p=33151' aria-hidden='false' data-av_icon='\ue805' data-av_iconfont='entypo-fontello' title='' data-avia-related-tooltip='Compartir por correo'><span class='avia_hidden_link_text'>Compartir por correo<\/span><\/a><\/li><\/ul><\/div><\/div>\n<div  style='height:50px' class='hr hr-invisible   avia-builder-el-8  el_after_av_social_share  el_before_av_comments_list '><span class='hr-inner ' ><span class='hr-inner-style'><\/span><\/span><\/div>\n<div  class='av-buildercomment  av-blog-meta-html-info-disabled av-blog-meta-tag-disabled  '><\/div>\n","protected":false},"excerpt":{"rendered":"","protected":false},"author":1,"featured_media":33152,"comment_status":"open","ping_status":"open","sticky":false,"template":"","format":"standard","meta":{"footnotes":""},"categories":[53],"tags":[],"class_list":["post-33151","post","type-post","status-publish","format-standard","has-post-thumbnail","hentry","category-ciencia"],"jetpack_featured_media_url":"https:\/\/radiorevelacionfm.cl\/wp-content\/uploads\/2023\/07\/20230718_120657_hdr-1_optimized-1.jpg","_links":{"self":[{"href":"https:\/\/radiorevelacionfm.cl\/index.php?rest_route=\/wp\/v2\/posts\/33151","targetHints":{"allow":["GET"]}}],"collection":[{"href":"https:\/\/radiorevelacionfm.cl\/index.php?rest_route=\/wp\/v2\/posts"}],"about":[{"href":"https:\/\/radiorevelacionfm.cl\/index.php?rest_route=\/wp\/v2\/types\/post"}],"author":[{"embeddable":true,"href":"https:\/\/radiorevelacionfm.cl\/index.php?rest_route=\/wp\/v2\/users\/1"}],"replies":[{"embeddable":true,"href":"https:\/\/radiorevelacionfm.cl\/index.php?rest_route=%2Fwp%2Fv2%2Fcomments&post=33151"}],"version-history":[{"count":1,"href":"https:\/\/radiorevelacionfm.cl\/index.php?rest_route=\/wp\/v2\/posts\/33151\/revisions"}],"predecessor-version":[{"id":33153,"href":"https:\/\/radiorevelacionfm.cl\/index.php?rest_route=\/wp\/v2\/posts\/33151\/revisions\/33153"}],"wp:featuredmedia":[{"embeddable":true,"href":"https:\/\/radiorevelacionfm.cl\/index.php?rest_route=\/wp\/v2\/media\/33152"}],"wp:attachment":[{"href":"https:\/\/radiorevelacionfm.cl\/index.php?rest_route=%2Fwp%2Fv2%2Fmedia&parent=33151"}],"wp:term":[{"taxonomy":"category","embeddable":true,"href":"https:\/\/radiorevelacionfm.cl\/index.php?rest_route=%2Fwp%2Fv2%2Fcategories&post=33151"},{"taxonomy":"post_tag","embeddable":true,"href":"https:\/\/radiorevelacionfm.cl\/index.php?rest_route=%2Fwp%2Fv2%2Ftags&post=33151"}],"curies":[{"name":"wp","href":"https:\/\/api.w.org\/{rel}","templated":true}]}}