{"id":3315,"date":"2021-04-20T16:06:28","date_gmt":"2021-04-20T19:06:28","guid":{"rendered":"https:\/\/radiorevelacionfm.cl\/?p=3315"},"modified":"2021-04-20T16:06:28","modified_gmt":"2021-04-20T19:06:28","slug":"desercion-en-kinder-aumento-en-un-130-en-los-ultimos-dos-anos-en-el-pais","status":"publish","type":"post","link":"https:\/\/radiorevelacionfm.cl\/?p=3315","title":{"rendered":"Deserci\u00f3n en K\u00ednder aument\u00f3 en un 130 % en los \u00faltimos dos a\u00f1os en el pa\u00eds"},"content":{"rendered":"<div class=\"flex_column av_one_full  flex_column_div av-zero-column-padding first  avia-builder-el-0  el_before_av_one_full  avia-builder-el-first  \" style='border-radius:0px; '><div  class='avia-image-container  av-styling-    avia-builder-el-1  avia-builder-el-no-sibling  avia-align-center '  itemprop=\"image\" itemscope=\"itemscope\" itemtype=\"https:\/\/schema.org\/ImageObject\"  ><div class='avia-image-container-inner'><div class='avia-image-overlay-wrap'><img decoding=\"async\" class='wp-image-0 avia-img-lazy-loading-not-0 avia_image' src=\"https:\/\/radiorevelacionfm.cl\/wp-content\/uploads\/2021\/04\/Ninos-1.jpg\" alt='' title=''   itemprop=\"thumbnailUrl\"  \/><\/div><\/div><\/div><\/div><div class=\"flex_column av_one_full  flex_column_div av-zero-column-padding first  avia-builder-el-2  el_after_av_one_full  el_before_av_one_full  column-top-margin\" style='border-radius:0px; '><section class=\"av_textblock_section \"  itemscope=\"itemscope\" itemtype=\"https:\/\/schema.org\/BlogPosting\" itemprop=\"blogPost\" ><div class='avia_textblock  '   itemprop=\"text\" ><p style=\"text-align: center;\"><strong><span style=\"font-size: 18pt;\">Deserci\u00f3n en K\u00ednder aument\u00f3 en un 130 % en los \u00faltimos dos a\u00f1os en el pa\u00eds<\/span><\/strong><\/p>\n<div id=\"gtx-trans\" style=\"position: absolute; left: -50px; top: 4.31534px;\">\n<div class=\"gtx-trans-icon\"><\/div>\n<\/div>\n<\/div><\/section><\/div><div class=\"flex_column av_one_full  flex_column_div av-zero-column-padding first  avia-builder-el-4  el_after_av_one_full  el_before_av_hr  column-top-margin\" style='border-radius:0px; '><section class=\"av_textblock_section \"  itemscope=\"itemscope\" itemtype=\"https:\/\/schema.org\/BlogPosting\" itemprop=\"blogPost\" ><div class='avia_textblock  '   itemprop=\"text\" ><p style=\"font-weight: 400; text-align: justify;\">La pandemia afect\u00f3 a todo el sistema escolar y uno de los principales factores de riesgo asociados a estos efectos es el abandono de los estudios por parte de miles de ni\u00f1os, ni\u00f1as y j\u00f3venes. En el \u00faltimo a\u00f1o 39.498 alumnos de 1\u00b0 b\u00e1sico a 4\u00b0 medio desertaron del sistema escolar, y se gener\u00f3 una situaci\u00f3n a\u00fan m\u00e1s cr\u00edtica en los m\u00e1s peque\u00f1os: este a\u00f1o se registr\u00f3 el mayor n\u00famero de abandono en la educaci\u00f3n parvularia en una d\u00e9cada, pasando de 4.960 ni\u00f1os que abandonaron el sistema en 2012 a 8.647 que lo hicieron en 2021.<\/p>\n<p style=\"font-weight: 400; text-align: justify;\">Las mismas cifras reflejan que desde 2019 la cantidad de estudiantes de prek\u00ednder que abandonaron el sistema se duplic\u00f3, pasando de 1.878 a 3.960 ni\u00f1os y ni\u00f1as, realidad a\u00fan m\u00e1s preocupante en el nivel de k\u00ednder donde hubo un aumento de la deserci\u00f3n de un 130% \u00a0entre 2019 \u00a0y 2021 (pasando de 1.965 a 4.687 ni\u00f1os).<\/p>\n<p style=\"font-weight: 400; text-align: justify;\">Si bien en 1\u00b0 b\u00e1sico tambi\u00e9n aument\u00f3 la deserci\u00f3n en un 44%, en este nivel acad\u00e9mico la tasa de incidencia se mantuvo relativamente estable, pasando de 0,9% a 1,3%.<\/p>\n<p style=\"font-weight: 400; text-align: justify;\">\u00a0\u201cLo que m\u00e1s llama la atenci\u00f3n es la diferencia en las tasas de deserci\u00f3n entre nivel parvulario y 1\u00b0 b\u00e1sico, lo que puede explicarse con que este \u00faltimo es obligatorio. Por lo mismo, estamos tramitando en el Congreso, hace ya dos a\u00f1os, un proyecto que hace que el nivel de k\u00ednder tambi\u00e9n tenga un car\u00e1cter de obligatorio. Esta iniciativa puede ser una gran respuesta a los niveles de abandono en esta etapa formativa de los ni\u00f1os\u201d, asegura el ministro de Educaci\u00f3n, Ra\u00fal Figueroa.<\/p>\n<p style=\"font-weight: 400; text-align: justify;\">El proyecto de ley de K\u00ednder obligatorio busca aumentar de 12 a 13 a\u00f1os la escolaridad obligatoria, con el objetivo de que las familias comprendan que este nivel es fundamental para el desarrollo de los j\u00f3venes del futuro, porque as\u00ed podr\u00e1n tener trayectorias educativas exitosas. Actualmente el proyecto de ley fue aprobado por unanimidad en su primer tr\u00e1mite, pero est\u00e1 entrampado en el Senado al realizar modificaciones, que en la pr\u00e1ctica eliminar\u00edan la obligatoriedad. Ahora el proyecto est\u00e1 en comisi\u00f3n mixta y se espera que tras su aprobaci\u00f3n vuelva a la comisi\u00f3n.<\/p>\n<p style=\"font-weight: 400; text-align: justify;\"><strong>Situaci\u00f3n en Ays\u00e9n<\/strong><\/p>\n<p style=\"font-weight: 400; text-align: justify;\">El Seremi de Educaci\u00f3n Sergio Becerra Mera inform\u00f3 que en la Regi\u00f3n de Ays\u00e9n, observadas las cifras de deserci\u00f3n en el nivel parvulario durante\u00a0 el periodo 2019-2021,\u00a0 se observa que la tasa de incidencia de la deserci\u00f3n en Pre K\u00ednder alcanza en 2021 un 1.1 % con 13 ni\u00f1os que dejaron de asistir al jard\u00edn Infantil. En tanto, en K\u00ednder la deserci\u00f3n alcanza un 1,0% con 14 ni\u00f1os que dejaron de ir al jard\u00edn infantil. Asimismo, la deserci\u00f3n en 1\u00b0 A\u00f1o B\u00e1sico alcanza en la regi\u00f3n el 1,3 % con 19 alumnos que dejaron de ir a clases en 2021.<\/p>\n<p style=\"font-weight: 400; text-align: justify;\">\u201cEstas cifras regionales nos preocupan y mucho, especialmente con lo que ocurre en el nivel parvulario, toda vez que es en esta etapa donde se puede nivelar la cancha y salvar las brechas educativas. La educaci\u00f3n parvularia es donde se juega el desarrollo posterior de nuestros ni\u00f1os. Por tanto, es clave que ellos asistan al jard\u00edn infantil\u201d.<\/p>\n<\/div><\/section><\/div><div  style='height:50px' class='hr hr-invisible   avia-builder-el-6  el_after_av_one_full  el_before_av_social_share '><span class='hr-inner ' ><span class='hr-inner-style'><\/span><\/span><\/div><\/p>\n<div  class='av-social-sharing-box  avia-builder-el-7  el_after_av_hr  el_before_av_hr  '><div class='av-share-box'><h5 class='av-share-link-description av-no-toc '>Compartir esta noticia<\/h5><ul class='av-share-box-list noLightbox'><li class='av-share-link av-social-link-facebook' ><a target=\"_blank\" aria-label=\"Compartir en Facebook\" href='https:\/\/www.facebook.com\/sharer.php?u=https:\/\/radiorevelacionfm.cl\/?p=3315&#038;t=Deserci%C3%B3n%20en%20K%C3%ADnder%20aument%C3%B3%20en%20un%20130%20%25%20en%20los%20%C3%BAltimos%20dos%20a%C3%B1os%20en%20el%20pa%C3%ADs' aria-hidden='false' data-av_icon='\ue8f3' data-av_iconfont='entypo-fontello' title='' data-avia-related-tooltip='Compartir en Facebook' rel=\"noopener\"><span class='avia_hidden_link_text'>Compartir en Facebook<\/span><\/a><\/li><li class='av-share-link av-social-link-twitter' ><a target=\"_blank\" aria-label=\"Compartir en Twitter\" href='https:\/\/twitter.com\/share?text=Deserci%C3%B3n%20en%20K%C3%ADnder%20aument%C3%B3%20en%20un%20130%20%25%20en%20los%20%C3%BAltimos%20dos%20a%C3%B1os%20en%20el%20pa%C3%ADs&#038;url=https:\/\/radiorevelacionfm.cl\/?p=3315' aria-hidden='false' data-av_icon='\ue8f1' data-av_iconfont='entypo-fontello' title='' data-avia-related-tooltip='Compartir en Twitter' rel=\"noopener\"><span class='avia_hidden_link_text'>Compartir en Twitter<\/span><\/a><\/li><li class='av-share-link av-social-link-whatsapp' ><a target=\"_blank\" aria-label=\"Compartir en Whatsapp\" href='https:\/\/api.whatsapp.com\/send?text=https:\/\/radiorevelacionfm.cl\/?p=3315' aria-hidden='false' data-av_icon='\uf232' data-av_iconfont='entypo-fontello' title='' data-avia-related-tooltip='Compartir en Whatsapp' rel=\"noopener\"><span class='avia_hidden_link_text'>Compartir en Whatsapp<\/span><\/a><\/li><li class='av-share-link av-social-link-linkedin' ><a target=\"_blank\" aria-label=\"Compartir en LinkedIn\" href='https:\/\/linkedin.com\/shareArticle?mini=true&#038;title=Deserci%C3%B3n%20en%20K%C3%ADnder%20aument%C3%B3%20en%20un%20130%20%25%20en%20los%20%C3%BAltimos%20dos%20a%C3%B1os%20en%20el%20pa%C3%ADs&#038;url=https:\/\/radiorevelacionfm.cl\/?p=3315' aria-hidden='false' data-av_icon='\ue8fc' data-av_iconfont='entypo-fontello' title='' data-avia-related-tooltip='Compartir en LinkedIn' rel=\"noopener\"><span class='avia_hidden_link_text'>Compartir en LinkedIn<\/span><\/a><\/li><li class='av-share-link av-social-link-mail' ><a  aria-label=\"Compartir por correo\" href='mailto:?subject=Deserci%C3%B3n%20en%20K%C3%ADnder%20aument%C3%B3%20en%20un%20130%20%25%20en%20los%20%C3%BAltimos%20dos%20a%C3%B1os%20en%20el%20pa%C3%ADs&#038;body=https:\/\/radiorevelacionfm.cl\/?p=3315' aria-hidden='false' data-av_icon='\ue805' data-av_iconfont='entypo-fontello' title='' data-avia-related-tooltip='Compartir por correo'><span class='avia_hidden_link_text'>Compartir por correo<\/span><\/a><\/li><\/ul><\/div><\/div>\n<div  style='height:50px' class='hr hr-invisible   avia-builder-el-8  el_after_av_social_share  el_before_av_comments_list '><span class='hr-inner ' ><span class='hr-inner-style'><\/span><\/span><\/div>\n<div  class='av-buildercomment  av-blog-meta-html-info-disabled av-blog-meta-tag-disabled  '><\/div>\n","protected":false},"excerpt":{"rendered":"","protected":false},"author":1,"featured_media":0,"comment_status":"open","ping_status":"open","sticky":false,"template":"","format":"standard","meta":{"footnotes":""},"categories":[49],"tags":[],"class_list":["post-3315","post","type-post","status-publish","format-standard","hentry","category-educacion"],"jetpack_featured_media_url":"","_links":{"self":[{"href":"https:\/\/radiorevelacionfm.cl\/index.php?rest_route=\/wp\/v2\/posts\/3315","targetHints":{"allow":["GET"]}}],"collection":[{"href":"https:\/\/radiorevelacionfm.cl\/index.php?rest_route=\/wp\/v2\/posts"}],"about":[{"href":"https:\/\/radiorevelacionfm.cl\/index.php?rest_route=\/wp\/v2\/types\/post"}],"author":[{"embeddable":true,"href":"https:\/\/radiorevelacionfm.cl\/index.php?rest_route=\/wp\/v2\/users\/1"}],"replies":[{"embeddable":true,"href":"https:\/\/radiorevelacionfm.cl\/index.php?rest_route=%2Fwp%2Fv2%2Fcomments&post=3315"}],"version-history":[{"count":1,"href":"https:\/\/radiorevelacionfm.cl\/index.php?rest_route=\/wp\/v2\/posts\/3315\/revisions"}],"predecessor-version":[{"id":3317,"href":"https:\/\/radiorevelacionfm.cl\/index.php?rest_route=\/wp\/v2\/posts\/3315\/revisions\/3317"}],"wp:attachment":[{"href":"https:\/\/radiorevelacionfm.cl\/index.php?rest_route=%2Fwp%2Fv2%2Fmedia&parent=3315"}],"wp:term":[{"taxonomy":"category","embeddable":true,"href":"https:\/\/radiorevelacionfm.cl\/index.php?rest_route=%2Fwp%2Fv2%2Fcategories&post=3315"},{"taxonomy":"post_tag","embeddable":true,"href":"https:\/\/radiorevelacionfm.cl\/index.php?rest_route=%2Fwp%2Fv2%2Ftags&post=3315"}],"curies":[{"name":"wp","href":"https:\/\/api.w.org\/{rel}","templated":true}]}}