{"id":33146,"date":"2023-07-22T12:53:34","date_gmt":"2023-07-22T15:53:34","guid":{"rendered":"https:\/\/radiorevelacionfm.cl\/?p=33146"},"modified":"2023-07-22T12:53:34","modified_gmt":"2023-07-22T15:53:34","slug":"en-guaitecas-inician-escuela-de-formacion-deportiva-denominada-estrellas-del-manana","status":"publish","type":"post","link":"https:\/\/radiorevelacionfm.cl\/?p=33146","title":{"rendered":"En Guaitecas inician escuela de formaci\u00f3n deportiva denominada \u201cEstrellas del Ma\u00f1ana\u201d"},"content":{"rendered":"<div class=\"flex_column av_one_full  flex_column_div av-zero-column-padding first  avia-builder-el-0  el_before_av_one_full  avia-builder-el-first  \" style='border-radius:0px; '><div  class='avia-image-container  av-styling-    avia-builder-el-1  avia-builder-el-no-sibling  avia-align-center '  itemprop=\"image\" itemscope=\"itemscope\" itemtype=\"https:\/\/schema.org\/ImageObject\"  ><div class='avia-image-container-inner'><div class='avia-image-overlay-wrap'><img decoding=\"async\" class='wp-image-33148 avia-img-lazy-loading-not-33148 avia_image' src=\"https:\/\/radiorevelacionfm.cl\/wp-content\/uploads\/2023\/07\/img-20230713-m-1-1_optimized-1.jpg\" alt='' title='img-20230713-m-(1)-(1)_optimized (1)' height=\"600\" width=\"899\"  itemprop=\"thumbnailUrl\" srcset=\"https:\/\/radiorevelacionfm.cl\/wp-content\/uploads\/2023\/07\/img-20230713-m-1-1_optimized-1.jpg 899w, https:\/\/radiorevelacionfm.cl\/wp-content\/uploads\/2023\/07\/img-20230713-m-1-1_optimized-1-300x200.jpg 300w, https:\/\/radiorevelacionfm.cl\/wp-content\/uploads\/2023\/07\/img-20230713-m-1-1_optimized-1-768x513.jpg 768w, https:\/\/radiorevelacionfm.cl\/wp-content\/uploads\/2023\/07\/img-20230713-m-1-1_optimized-1-705x471.jpg 705w, https:\/\/radiorevelacionfm.cl\/wp-content\/uploads\/2023\/07\/img-20230713-m-1-1_optimized-1-450x300.jpg 450w, https:\/\/radiorevelacionfm.cl\/wp-content\/uploads\/2023\/07\/img-20230713-m-1-1_optimized-1-600x400.jpg 600w\" sizes=\"(max-width: 899px) 100vw, 899px\" \/><\/div><\/div><\/div><\/div><div class=\"flex_column av_one_full  flex_column_div av-zero-column-padding first  avia-builder-el-2  el_after_av_one_full  el_before_av_one_full  column-top-margin\" style='border-radius:0px; '><section class=\"av_textblock_section \"  itemscope=\"itemscope\" itemtype=\"https:\/\/schema.org\/BlogPosting\" itemprop=\"blogPost\" ><div class='avia_textblock  '   itemprop=\"text\" ><p style=\"text-align: center;\"><strong><span style=\"font-size: 18pt;\">En Guaitecas inician escuela de formaci\u00f3n deportiva denominada \u201cEstrellas del Ma\u00f1ana\u201d<\/span><\/strong><\/p>\n<div id=\"gtx-trans\" style=\"position: absolute; left: -50px; top: 4.31534px;\">\n<div class=\"gtx-trans-icon\"><\/div>\n<\/div>\n<\/div><\/section><\/div><div class=\"flex_column av_one_full  flex_column_div av-zero-column-padding first  avia-builder-el-4  el_after_av_one_full  el_before_av_hr  column-top-margin\" style='border-radius:0px; '><section class=\"av_textblock_section \"  itemscope=\"itemscope\" itemtype=\"https:\/\/schema.org\/BlogPosting\" itemprop=\"blogPost\" ><div class='avia_textblock  '   itemprop=\"text\" ><p style=\"text-align: justify;\">La Municipalidad de Guaitecas dio inicio esta semana a una escuela deportiva denominada \u201cEstrellas del Ma\u00f1ana\u201d, gracias a un proyecto que se adjudic\u00f3 en el 8% del Fondo Nacional de Desarrollo Regional, FNDR 2023, del Gobierno Regional.<\/p>\n<p style=\"text-align: justify;\">Se trata de una iniciativa por casi 12 millones de pesos, que contempla actividades formativas, principalmente para ni\u00f1os y j\u00f3venes de la comuna, en disciplinas como el b\u00e1squetbol, voleibol y futsal, como explic\u00f3 el encargado de la Unidad de Deportes del municipio, Mauro Andrade.<\/p>\n<p style=\"text-align: justify;\">\u201cEs un proyecto de formaci\u00f3n, que tiene por nombre Estrellas del Ma\u00f1ana y es un proyecto adjudicado a trav\u00e9s del 8% del FNDR 2023, del Gobierno regional e incluye tres disciplinas, que son: b\u00e1squetbol, voleibol y futsal. Tenemos un profesor de educaci\u00f3n f\u00edsica que lo va a ejecutar y es de ahora julio a diciembre e inicialmente tenemos programado trabajar de lunes a mi\u00e9rcoles y los s\u00e1bados y domingos, dejando los d\u00edas jueves y viernes para que el profesor pueda planificar\u201d, dijo el funcionario municipal, quien a\u00f1adi\u00f3 que para este proyecto se utilizar\u00e1 principalmente el gimnasio de Melinka y en los tiempos que el clima lo permita, el resto de la infraestructura deportiva que hay en la comuna.<\/p>\n<p style=\"text-align: justify;\">En relaci\u00f3n al proyecto adjudicado en el fondo del 8% del Gobierno Regional, Andrade se\u00f1al\u00f3 que adem\u00e1s la iniciativa contempla giras fuera de la comuna y pretende ser el inicio de una escuela de formaci\u00f3n deportiva que exista permanentemente en la comuna de Guaitecas.<\/p>\n<p style=\"text-align: justify;\">\u201cSurgi\u00f3 la idea de impulsar esta iniciativa, que es una escuela formativa, pues pretendemos mantenerlo en el tiempo y que esta escuela sea los cimientos para construir algo m\u00e1s grande a futuro y en su formulaci\u00f3n estuvimos involucrados todos del equipo municipal. El proyecto es por un monto cercano a los 12 millones de pesos y contempla la implementaci\u00f3n, los monitores y adem\u00e1s est\u00e1n comprometidas algunas salidas fuera de la comuna a competir, una vez que los equipos est\u00e9n consolidados, as\u00ed que es un proyecto muy lindo, ambicioso y es una apuesta grande y esperamos que todo salga lo mejor posible y creemos que est\u00e1n las condiciones para que as\u00ed sea\u201d, indic\u00f3.<\/p>\n<p style=\"text-align: justify;\">Por \u00faltimo, Mauro Andrade se\u00f1al\u00f3 que este proyecto no viene a reemplazar los talleres que se ofrecen a la comunidad sino a complementarlos, por lo que se seguir\u00e1n desarrollando los talleres en el \u00e1mbito recreativo y deportivo que surgieron con la habilitaci\u00f3n de la Unidad de Deportes de la Municipalidad de Guaitecas.<\/p>\n<p style=\"text-align: justify;\">\u201cSon totalmente paralelos. Los talleres contin\u00faan funcionando, las actividades de mantendr\u00e1n y este proyecto viene a engrosar la parrilla deportiva que hay en la comuna y adem\u00e1s habr\u00e1 otras actividades que se vienen en el deporte formativo, por lo que vamos a tener una buena parrilla para que la comunidad pueda hacer actividades en distintas disciplinas y en varios rangos etarios\u201d, dijo finalmente Mauro Andrade.<\/p>\n<\/div><\/section><\/div><div  style='height:50px' class='hr hr-invisible   avia-builder-el-6  el_after_av_one_full  el_before_av_social_share '><span class='hr-inner ' ><span class='hr-inner-style'><\/span><\/span><\/div><\/p>\n<div  class='av-social-sharing-box  avia-builder-el-7  el_after_av_hr  el_before_av_hr  '><div class='av-share-box'><h5 class='av-share-link-description av-no-toc '>Compartir esta noticia<\/h5><ul class='av-share-box-list noLightbox'><li class='av-share-link av-social-link-facebook' ><a target=\"_blank\" aria-label=\"Compartir en Facebook\" href='https:\/\/www.facebook.com\/sharer.php?u=https:\/\/radiorevelacionfm.cl\/?p=33146&#038;t=En%20Guaitecas%20inician%20escuela%20de%20formaci%C3%B3n%20deportiva%20denominada%20%E2%80%9CEstrellas%20del%20Ma%C3%B1ana%E2%80%9D' aria-hidden='false' data-av_icon='\ue8f3' data-av_iconfont='entypo-fontello' title='' data-avia-related-tooltip='Compartir en Facebook' rel=\"noopener\"><span class='avia_hidden_link_text'>Compartir en Facebook<\/span><\/a><\/li><li class='av-share-link av-social-link-twitter' ><a target=\"_blank\" aria-label=\"Compartir en Twitter\" href='https:\/\/twitter.com\/share?text=En%20Guaitecas%20inician%20escuela%20de%20formaci%C3%B3n%20deportiva%20denominada%20%E2%80%9CEstrellas%20del%20Ma%C3%B1ana%E2%80%9D&#038;url=https:\/\/radiorevelacionfm.cl\/?p=33146' aria-hidden='false' data-av_icon='\ue8f1' data-av_iconfont='entypo-fontello' title='' data-avia-related-tooltip='Compartir en Twitter' rel=\"noopener\"><span class='avia_hidden_link_text'>Compartir en Twitter<\/span><\/a><\/li><li class='av-share-link av-social-link-whatsapp' ><a target=\"_blank\" aria-label=\"Compartir en Whatsapp\" href='https:\/\/api.whatsapp.com\/send?text=https:\/\/radiorevelacionfm.cl\/?p=33146' aria-hidden='false' data-av_icon='\uf232' data-av_iconfont='entypo-fontello' title='' data-avia-related-tooltip='Compartir en Whatsapp' rel=\"noopener\"><span class='avia_hidden_link_text'>Compartir en Whatsapp<\/span><\/a><\/li><li class='av-share-link av-social-link-linkedin' ><a target=\"_blank\" aria-label=\"Compartir en LinkedIn\" href='https:\/\/linkedin.com\/shareArticle?mini=true&#038;title=En%20Guaitecas%20inician%20escuela%20de%20formaci%C3%B3n%20deportiva%20denominada%20%E2%80%9CEstrellas%20del%20Ma%C3%B1ana%E2%80%9D&#038;url=https:\/\/radiorevelacionfm.cl\/?p=33146' aria-hidden='false' data-av_icon='\ue8fc' data-av_iconfont='entypo-fontello' title='' data-avia-related-tooltip='Compartir en LinkedIn' rel=\"noopener\"><span class='avia_hidden_link_text'>Compartir en LinkedIn<\/span><\/a><\/li><li class='av-share-link av-social-link-mail' ><a  aria-label=\"Compartir por correo\" href='mailto:?subject=En%20Guaitecas%20inician%20escuela%20de%20formaci%C3%B3n%20deportiva%20denominada%20%E2%80%9CEstrellas%20del%20Ma%C3%B1ana%E2%80%9D&#038;body=https:\/\/radiorevelacionfm.cl\/?p=33146' aria-hidden='false' data-av_icon='\ue805' data-av_iconfont='entypo-fontello' title='' data-avia-related-tooltip='Compartir por correo'><span class='avia_hidden_link_text'>Compartir por correo<\/span><\/a><\/li><\/ul><\/div><\/div>\n<div  style='height:50px' class='hr hr-invisible   avia-builder-el-8  el_after_av_social_share  el_before_av_comments_list '><span class='hr-inner ' ><span class='hr-inner-style'><\/span><\/span><\/div>\n<div  class='av-buildercomment  av-blog-meta-html-info-disabled av-blog-meta-tag-disabled  '><\/div>\n","protected":false},"excerpt":{"rendered":"","protected":false},"author":1,"featured_media":33148,"comment_status":"open","ping_status":"open","sticky":false,"template":"","format":"standard","meta":{"footnotes":""},"categories":[40],"tags":[],"class_list":["post-33146","post","type-post","status-publish","format-standard","has-post-thumbnail","hentry","category-deportes"],"jetpack_featured_media_url":"https:\/\/radiorevelacionfm.cl\/wp-content\/uploads\/2023\/07\/img-20230713-m-1-1_optimized-1.jpg","_links":{"self":[{"href":"https:\/\/radiorevelacionfm.cl\/index.php?rest_route=\/wp\/v2\/posts\/33146","targetHints":{"allow":["GET"]}}],"collection":[{"href":"https:\/\/radiorevelacionfm.cl\/index.php?rest_route=\/wp\/v2\/posts"}],"about":[{"href":"https:\/\/radiorevelacionfm.cl\/index.php?rest_route=\/wp\/v2\/types\/post"}],"author":[{"embeddable":true,"href":"https:\/\/radiorevelacionfm.cl\/index.php?rest_route=\/wp\/v2\/users\/1"}],"replies":[{"embeddable":true,"href":"https:\/\/radiorevelacionfm.cl\/index.php?rest_route=%2Fwp%2Fv2%2Fcomments&post=33146"}],"version-history":[{"count":1,"href":"https:\/\/radiorevelacionfm.cl\/index.php?rest_route=\/wp\/v2\/posts\/33146\/revisions"}],"predecessor-version":[{"id":33149,"href":"https:\/\/radiorevelacionfm.cl\/index.php?rest_route=\/wp\/v2\/posts\/33146\/revisions\/33149"}],"wp:featuredmedia":[{"embeddable":true,"href":"https:\/\/radiorevelacionfm.cl\/index.php?rest_route=\/wp\/v2\/media\/33148"}],"wp:attachment":[{"href":"https:\/\/radiorevelacionfm.cl\/index.php?rest_route=%2Fwp%2Fv2%2Fmedia&parent=33146"}],"wp:term":[{"taxonomy":"category","embeddable":true,"href":"https:\/\/radiorevelacionfm.cl\/index.php?rest_route=%2Fwp%2Fv2%2Fcategories&post=33146"},{"taxonomy":"post_tag","embeddable":true,"href":"https:\/\/radiorevelacionfm.cl\/index.php?rest_route=%2Fwp%2Fv2%2Ftags&post=33146"}],"curies":[{"name":"wp","href":"https:\/\/api.w.org\/{rel}","templated":true}]}}