{"id":33140,"date":"2023-07-22T21:58:23","date_gmt":"2023-07-23T00:58:23","guid":{"rendered":"https:\/\/radiorevelacionfm.cl\/?p=33140"},"modified":"2023-07-22T21:58:23","modified_gmt":"2023-07-23T00:58:23","slug":"comprometen-esfuerzos-sectoriales-y-regionales-para-abordar-proyecto-de-caracter-definitivo-para-el-camino-entre-melinka-y-repollal","status":"publish","type":"post","link":"https:\/\/radiorevelacionfm.cl\/?p=33140","title":{"rendered":"Comprometen esfuerzos sectoriales y regionales para abordar proyecto de car\u00e1cter definitivo para el camino entre Melinka y Repollal"},"content":{"rendered":"<div class=\"flex_column av_one_full  flex_column_div av-zero-column-padding first  avia-builder-el-0  el_before_av_one_full  avia-builder-el-first  \" style='border-radius:0px; '><div  class='avia-image-container  av-styling-    avia-builder-el-1  avia-builder-el-no-sibling  avia-align-center '  itemprop=\"image\" itemscope=\"itemscope\" itemtype=\"https:\/\/schema.org\/ImageObject\"  ><div class='avia-image-container-inner'><div class='avia-image-overlay-wrap'><img decoding=\"async\" class='wp-image-33141 avia-img-lazy-loading-not-33141 avia_image' src=\"https:\/\/radiorevelacionfm.cl\/wp-content\/uploads\/2023\/07\/Camino-Melinka-Repollal-2-1.jpg\" alt='' title='Camino-Melinka-Repollal (2) (1)' height=\"600\" width=\"800\"  itemprop=\"thumbnailUrl\" srcset=\"https:\/\/radiorevelacionfm.cl\/wp-content\/uploads\/2023\/07\/Camino-Melinka-Repollal-2-1.jpg 800w, https:\/\/radiorevelacionfm.cl\/wp-content\/uploads\/2023\/07\/Camino-Melinka-Repollal-2-1-300x225.jpg 300w, https:\/\/radiorevelacionfm.cl\/wp-content\/uploads\/2023\/07\/Camino-Melinka-Repollal-2-1-768x576.jpg 768w, https:\/\/radiorevelacionfm.cl\/wp-content\/uploads\/2023\/07\/Camino-Melinka-Repollal-2-1-705x529.jpg 705w, https:\/\/radiorevelacionfm.cl\/wp-content\/uploads\/2023\/07\/Camino-Melinka-Repollal-2-1-450x338.jpg 450w, https:\/\/radiorevelacionfm.cl\/wp-content\/uploads\/2023\/07\/Camino-Melinka-Repollal-2-1-600x450.jpg 600w\" sizes=\"(max-width: 800px) 100vw, 800px\" \/><\/div><\/div><\/div><\/div><div class=\"flex_column av_one_full  flex_column_div av-zero-column-padding first  avia-builder-el-2  el_after_av_one_full  el_before_av_one_full  column-top-margin\" style='border-radius:0px; '><section class=\"av_textblock_section \"  itemscope=\"itemscope\" itemtype=\"https:\/\/schema.org\/BlogPosting\" itemprop=\"blogPost\" ><div class='avia_textblock  '   itemprop=\"text\" ><p style=\"text-align: center;\"><strong><span style=\"font-size: 18pt;\">Comprometen esfuerzos sectoriales y regionales para abordar proyecto de car\u00e1cter definitivo para el camino entre Melinka y Repollal<\/span><\/strong><\/p>\n<div id=\"gtx-trans\" style=\"position: absolute; left: -50px; top: 4.31534px;\">\n<div class=\"gtx-trans-icon\"><\/div>\n<\/div>\n<\/div><\/section><\/div><div class=\"flex_column av_one_full  flex_column_div av-zero-column-padding first  avia-builder-el-4  el_after_av_one_full  el_before_av_hr  column-top-margin\" style='border-radius:0px; '><section class=\"av_textblock_section \"  itemscope=\"itemscope\" itemtype=\"https:\/\/schema.org\/BlogPosting\" itemprop=\"blogPost\" ><div class='avia_textblock  '   itemprop=\"text\" ><p style=\"text-align: justify;\">El alcalde de Guaitecas Marcos Silva articul\u00f3 el compromiso y el trabajo de varias instituciones p\u00fablicas para abordar un proyecto que permita mejorar en forma definitiva el camino entre Melinka y Repollal.<\/p>\n<p style=\"text-align: justify;\">As\u00ed, hace unos d\u00edas se reuni\u00f3 con representantes de la Direcci\u00f3n de Vialidad, con la Seremi de Desarrollo Social y del Gobierno Regional, buscando alternativas para abordar este ambicioso proyecto.<\/p>\n<p style=\"text-align: justify;\">Una alternativa, indic\u00f3 el alcalde Silva, es financiarlo con recursos regionales, opci\u00f3n que pudiese ser m\u00e1s r\u00e1pida que a trav\u00e9s de un proyecto que asuma el Ministerio de Obras P\u00fablicas.<\/p>\n<p style=\"text-align: justify;\">\u201cEl compromiso que hemos adquirido con diversos servicios p\u00fablicos es que se enmarque dentro del Plan Especial Guaitecas, que nace con la articulaci\u00f3n de la Seremi de Bienes Nacionales, SERVIU, Obras Hidr\u00e1ulicas, la SUBDERE y otros y ver c\u00f3mo, entre todos los actores vamos generando inversi\u00f3n p\u00fablica en la comuna y en este caso tenemos la v\u00eda larga, a trav\u00e9s de un proyecto sectorial, que sea evaluado por el MIDESO y tenemos otra v\u00eda, gracias tambi\u00e9n al compromiso de algunos consejeros regionales que estuvieron en Melinka y que est\u00e1n interesados en acortar los tiempos y esta vuelta corta puede ser a trav\u00e9s de proyectos que pudi\u00e9ramos acordar con el Gobierno Regional o a trav\u00e9s de un s\u00f3lo proyecto que nos permita absorber mano de obra y mejorar la conectividad entre Melinka y Repollal\u201d, dijo el alcalde de Guaitecas Marcos Silva, quien indic\u00f3 este tipo de encuentros alientan a seguir trabajando en las soluciones a las grandes necesidades que tiene la comuna, como es su conectividad interna.<\/p>\n<p style=\"text-align: justify;\">En torno a c\u00f3mo abortar esta iniciativa, el alcalde Marcos Silva se\u00f1al\u00f3 que una alternativa es que la Direcci\u00f3n de Vialidad desarrolle el proyecto t\u00e9cnico y se busque a nivel regional los recursos para su ejecuci\u00f3n, ya sea en su totalidad o parcializado.<\/p>\n<p style=\"text-align: justify;\">\u201cEst\u00e1 el compromiso de Vialidad de trabajar en el proyecto t\u00e9cnico, que indique los kil\u00f3metros a mejorar, en ensanchamiento, el n\u00famero de alcantarillas, barreras, captaci\u00f3n de aguas lluvia y cu\u00e1nto cuesta este proyecto y a partir de eso dividirlo en un s\u00f3lo gran proyecto, en dos o tres y que nos permita en el corto tiempo tener una soluci\u00f3n definitiva en el camino entre Melinka y Repollal, que los m\u00e1s probable sea con adoquines\u201d.<\/p>\n<p style=\"text-align: justify;\">El alcalde de Guaitecas record\u00f3 que en la comuna se elaboraron adoquines y otros materiales para mejorar las calles de la Melinka, por lo que hay una experiencia a la que se puede recurrir para abordar este ambicioso proyecto vial.<\/p>\n<p style=\"text-align: justify;\">\u201cCuando parte la chancadora en Melinka se implement\u00f3 en el pozo lastre la construcci\u00f3n de adoquines, soleras y solerillas y hubo mucha gente trabajando en eso y hoy en d\u00eda, muchas de las calles de Melinka que tienen adoquines es tambi\u00e9n gracias al esfuerzo de muchas mujeres y hombres que trabajaron en este proyecto, entonces hoy d\u00eda podemos recurrir a la misma metodolog\u00eda o en su defecto, adquirir los adoquines afuera y la mejorar del camino entre Melinka y Repollal con mano de obra local\u201d, se\u00f1al\u00f3 finalmente el alcalde de Guaitecas Marcos Silva, quien a\u00f1adi\u00f3 que entre los actores involucrados hay consenso en relaci\u00f3n a que una soluci\u00f3n definitiva al camino entre Melinka y Repollal a la larga ser\u00e1 m\u00e1s barata que seguir invirtiendo todos los a\u00f1os en su mantenci\u00f3n.<\/p>\n<\/div><\/section><\/div><div  style='height:50px' class='hr hr-invisible   avia-builder-el-6  el_after_av_one_full  el_before_av_social_share '><span class='hr-inner ' ><span class='hr-inner-style'><\/span><\/span><\/div><\/p>\n<div  class='av-social-sharing-box  avia-builder-el-7  el_after_av_hr  el_before_av_hr  '><div class='av-share-box'><h5 class='av-share-link-description av-no-toc '>Compartir esta noticia<\/h5><ul class='av-share-box-list noLightbox'><li class='av-share-link av-social-link-facebook' ><a target=\"_blank\" aria-label=\"Compartir en Facebook\" href='https:\/\/www.facebook.com\/sharer.php?u=https:\/\/radiorevelacionfm.cl\/?p=33140&#038;t=Comprometen%20esfuerzos%20sectoriales%20y%20regionales%20para%20abordar%20proyecto%20de%20car%C3%A1cter%20definitivo%20para%20el%20camino%20entre%20Melinka%20y%20Repollal' aria-hidden='false' data-av_icon='\ue8f3' data-av_iconfont='entypo-fontello' title='' data-avia-related-tooltip='Compartir en Facebook' rel=\"noopener\"><span class='avia_hidden_link_text'>Compartir en Facebook<\/span><\/a><\/li><li class='av-share-link av-social-link-twitter' ><a target=\"_blank\" aria-label=\"Compartir en Twitter\" href='https:\/\/twitter.com\/share?text=Comprometen%20esfuerzos%20sectoriales%20y%20regionales%20para%20abordar%20proyecto%20de%20car%C3%A1cter%20definitivo%20para%20el%20camino%20entre%20Melinka%20y%20Repollal&#038;url=https:\/\/radiorevelacionfm.cl\/?p=33140' aria-hidden='false' data-av_icon='\ue8f1' data-av_iconfont='entypo-fontello' title='' data-avia-related-tooltip='Compartir en Twitter' rel=\"noopener\"><span class='avia_hidden_link_text'>Compartir en Twitter<\/span><\/a><\/li><li class='av-share-link av-social-link-whatsapp' ><a target=\"_blank\" aria-label=\"Compartir en Whatsapp\" href='https:\/\/api.whatsapp.com\/send?text=https:\/\/radiorevelacionfm.cl\/?p=33140' aria-hidden='false' data-av_icon='\uf232' data-av_iconfont='entypo-fontello' title='' data-avia-related-tooltip='Compartir en Whatsapp' rel=\"noopener\"><span class='avia_hidden_link_text'>Compartir en Whatsapp<\/span><\/a><\/li><li class='av-share-link av-social-link-linkedin' ><a target=\"_blank\" aria-label=\"Compartir en LinkedIn\" href='https:\/\/linkedin.com\/shareArticle?mini=true&#038;title=Comprometen%20esfuerzos%20sectoriales%20y%20regionales%20para%20abordar%20proyecto%20de%20car%C3%A1cter%20definitivo%20para%20el%20camino%20entre%20Melinka%20y%20Repollal&#038;url=https:\/\/radiorevelacionfm.cl\/?p=33140' aria-hidden='false' data-av_icon='\ue8fc' data-av_iconfont='entypo-fontello' title='' data-avia-related-tooltip='Compartir en LinkedIn' rel=\"noopener\"><span class='avia_hidden_link_text'>Compartir en LinkedIn<\/span><\/a><\/li><li class='av-share-link av-social-link-mail' ><a  aria-label=\"Compartir por correo\" href='mailto:?subject=Comprometen%20esfuerzos%20sectoriales%20y%20regionales%20para%20abordar%20proyecto%20de%20car%C3%A1cter%20definitivo%20para%20el%20camino%20entre%20Melinka%20y%20Repollal&#038;body=https:\/\/radiorevelacionfm.cl\/?p=33140' aria-hidden='false' data-av_icon='\ue805' data-av_iconfont='entypo-fontello' title='' data-avia-related-tooltip='Compartir por correo'><span class='avia_hidden_link_text'>Compartir por correo<\/span><\/a><\/li><\/ul><\/div><\/div>\n<div  style='height:50px' class='hr hr-invisible   avia-builder-el-8  el_after_av_social_share  el_before_av_comments_list '><span class='hr-inner ' ><span class='hr-inner-style'><\/span><\/span><\/div>\n<div  class='av-buildercomment  av-blog-meta-html-info-disabled av-blog-meta-tag-disabled  '><\/div>\n","protected":false},"excerpt":{"rendered":"","protected":false},"author":1,"featured_media":33141,"comment_status":"open","ping_status":"open","sticky":false,"template":"","format":"standard","meta":{"footnotes":""},"categories":[38],"tags":[],"class_list":["post-33140","post","type-post","status-publish","format-standard","has-post-thumbnail","hentry","category-regional"],"jetpack_featured_media_url":"https:\/\/radiorevelacionfm.cl\/wp-content\/uploads\/2023\/07\/Camino-Melinka-Repollal-2-1.jpg","_links":{"self":[{"href":"https:\/\/radiorevelacionfm.cl\/index.php?rest_route=\/wp\/v2\/posts\/33140","targetHints":{"allow":["GET"]}}],"collection":[{"href":"https:\/\/radiorevelacionfm.cl\/index.php?rest_route=\/wp\/v2\/posts"}],"about":[{"href":"https:\/\/radiorevelacionfm.cl\/index.php?rest_route=\/wp\/v2\/types\/post"}],"author":[{"embeddable":true,"href":"https:\/\/radiorevelacionfm.cl\/index.php?rest_route=\/wp\/v2\/users\/1"}],"replies":[{"embeddable":true,"href":"https:\/\/radiorevelacionfm.cl\/index.php?rest_route=%2Fwp%2Fv2%2Fcomments&post=33140"}],"version-history":[{"count":1,"href":"https:\/\/radiorevelacionfm.cl\/index.php?rest_route=\/wp\/v2\/posts\/33140\/revisions"}],"predecessor-version":[{"id":33142,"href":"https:\/\/radiorevelacionfm.cl\/index.php?rest_route=\/wp\/v2\/posts\/33140\/revisions\/33142"}],"wp:featuredmedia":[{"embeddable":true,"href":"https:\/\/radiorevelacionfm.cl\/index.php?rest_route=\/wp\/v2\/media\/33141"}],"wp:attachment":[{"href":"https:\/\/radiorevelacionfm.cl\/index.php?rest_route=%2Fwp%2Fv2%2Fmedia&parent=33140"}],"wp:term":[{"taxonomy":"category","embeddable":true,"href":"https:\/\/radiorevelacionfm.cl\/index.php?rest_route=%2Fwp%2Fv2%2Fcategories&post=33140"},{"taxonomy":"post_tag","embeddable":true,"href":"https:\/\/radiorevelacionfm.cl\/index.php?rest_route=%2Fwp%2Fv2%2Ftags&post=33140"}],"curies":[{"name":"wp","href":"https:\/\/api.w.org\/{rel}","templated":true}]}}