{"id":33133,"date":"2023-07-21T22:27:36","date_gmt":"2023-07-22T01:27:36","guid":{"rendered":"https:\/\/radiorevelacionfm.cl\/?p=33133"},"modified":"2023-07-21T22:27:36","modified_gmt":"2023-07-22T01:27:36","slug":"carabineros-del-reten-entrada-baker-colabora-en-liberacion-de-caballar-de-gendarmeria-argentina-atrapado-en-guarda-ganado","status":"publish","type":"post","link":"https:\/\/radiorevelacionfm.cl\/?p=33133","title":{"rendered":"Carabineros del Ret\u00e9n Entrada Baker colabora en liberaci\u00f3n de caballar de Gendarmer\u00eda Argentina atrapado en guarda ganado"},"content":{"rendered":"<div class=\"flex_column av_one_full  flex_column_div av-zero-column-padding first  avia-builder-el-0  el_before_av_one_full  avia-builder-el-first  \" style='border-radius:0px; '><div  class='avia-image-container  av-styling-    avia-builder-el-1  avia-builder-el-no-sibling  avia-align-center '  itemprop=\"image\" itemscope=\"itemscope\" itemtype=\"https:\/\/schema.org\/ImageObject\"  ><div class='avia-image-container-inner'><div class='avia-image-overlay-wrap'><img decoding=\"async\" class='wp-image-33134 avia-img-lazy-loading-not-33134 avia_image' src=\"https:\/\/radiorevelacionfm.cl\/wp-content\/uploads\/2023\/07\/f1brrfbwcaavcc0-1-1_optimized.jpg\" alt='' title='f1brrfbwcaavcc0-(1)-(1)_optimized' height=\"600\" width=\"797\"  itemprop=\"thumbnailUrl\" srcset=\"https:\/\/radiorevelacionfm.cl\/wp-content\/uploads\/2023\/07\/f1brrfbwcaavcc0-1-1_optimized.jpg 797w, https:\/\/radiorevelacionfm.cl\/wp-content\/uploads\/2023\/07\/f1brrfbwcaavcc0-1-1_optimized-300x226.jpg 300w, https:\/\/radiorevelacionfm.cl\/wp-content\/uploads\/2023\/07\/f1brrfbwcaavcc0-1-1_optimized-768x578.jpg 768w, https:\/\/radiorevelacionfm.cl\/wp-content\/uploads\/2023\/07\/f1brrfbwcaavcc0-1-1_optimized-705x531.jpg 705w, https:\/\/radiorevelacionfm.cl\/wp-content\/uploads\/2023\/07\/f1brrfbwcaavcc0-1-1_optimized-450x339.jpg 450w, https:\/\/radiorevelacionfm.cl\/wp-content\/uploads\/2023\/07\/f1brrfbwcaavcc0-1-1_optimized-600x452.jpg 600w\" sizes=\"(max-width: 797px) 100vw, 797px\" \/><\/div><\/div><\/div><\/div><div class=\"flex_column av_one_full  flex_column_div av-zero-column-padding first  avia-builder-el-2  el_after_av_one_full  el_before_av_one_full  column-top-margin\" style='border-radius:0px; '><section class=\"av_textblock_section \"  itemscope=\"itemscope\" itemtype=\"https:\/\/schema.org\/BlogPosting\" itemprop=\"blogPost\" ><div class='avia_textblock  '   itemprop=\"text\" ><p style=\"text-align: center;\"><span style=\"font-size: 18pt;\"><strong>Carabineros del Ret\u00e9n Entrada Baker colabora en liberaci\u00f3n de caballar de Gendarmer\u00eda Argentina atrapado en guarda ganado<\/strong><\/span><\/p>\n<div id=\"gtx-trans\" style=\"position: absolute; left: -50px; top: 4.31534px;\">\n<div class=\"gtx-trans-icon\"><\/div>\n<\/div>\n<\/div><\/section><\/div><div class=\"flex_column av_one_full  flex_column_div av-zero-column-padding first  avia-builder-el-4  el_after_av_one_full  el_before_av_hr  column-top-margin\" style='border-radius:0px; '><section class=\"av_textblock_section \"  itemscope=\"itemscope\" itemtype=\"https:\/\/schema.org\/BlogPosting\" itemprop=\"blogPost\" ><div class='avia_textblock  '   itemprop=\"text\" ><p class=\"v1MsoNormal\" style=\"text-align: justify;\"><span lang=\"ES-CL\">Un arduo trabajo desarroll\u00f3 Carabineros del Ret\u00e9n Entrada Baker (F) en colaboraci\u00f3n a Gendarmer\u00eda Nacional Argentina, con la finalidad de liberar un caballar de cargo de la polic\u00eda del vecino pa\u00eds, el cual qued\u00f3 atrapado sobre una estructura met\u00e1lica existente en el l\u00edmite pol\u00edtico internacional.<\/span><\/p>\n<p class=\"v1MsoNormal\" style=\"text-align: justify;\"><span lang=\"ES-CL\">Lo anterior se gest\u00f3 luego de un contacto telef\u00f3nico a trav\u00e9s de whatsapp por parte de la polic\u00eda trasandina, en que el que el Jefe del Puesto Paso Internacional Roballos, Argentina, daba cuenta que momentos antes funcionarios de la polic\u00eda del vecino pa\u00eds se percataron que el ejemplar de cargo fiscal de su unidad, se encontraba atrapado de sus miembros posteriores y uno anterior, permaneciendo atrapado sobre un guarda ganado existente en el km 74 de la ruta internacional X-83.<\/span><\/p>\n<p class=\"v1MsoNormal\" style=\"text-align: justify;\"><span lang=\"ES-CL\">Ante ello, Carabineros del Ret\u00e9n Entrada Baker no dud\u00f3 en prestar cooperaci\u00f3n y reuni\u00f3 al personal, herramientas e implementos necesarios, acudiendo al lugar distante a 11 km de este destacamento fronterizo.<\/span><\/p>\n<p class=\"v1MsoNormal\" style=\"text-align: justify;\"><span lang=\"ES-CL\">Carabineros del servicio de patrullaje se traslad\u00f3 con herramientas el\u00e9ctricas, en tanto que Gendarmer\u00eda Nacional Argentina hizo lo propio con un grupo electr\u00f3geno, lugar en que el personal del Ret\u00e9n Entrada Baker vend\u00f3 los ojos del caballar con la finalidad de mantenerlo en calma, evitar lesiones de gravedad y poder desarrollar los trabajos de manera segura.<\/span><\/p>\n<p class=\"v1MsoNormal\" style=\"text-align: justify;\"><span lang=\"ES-CL\">Bajo un fuerte viento y con temperaturas de -13\u00b0 C, los carabineros -mediante el uso de herramientas el\u00e9ctricas- lograron cortar parte de la estructura met\u00e1lica, permitiendo liberar sano salvo al animal, sin lesiones de gravedad.<\/span><\/p>\n<p class=\"v1MsoNormal\" style=\"text-align: justify;\"><span lang=\"ES-CL\">Dicha acci\u00f3n desarrollada por Carabineros del Ret\u00e9n Entrada Baker (F) fue ampliamente agradecida y valorada por Gendarmer\u00eda Nacional Argentina, lo cual es el reflejo del esp\u00edritu de cooperaci\u00f3n existente entre ambas polic\u00edas que hacen patria a ambos lados del l\u00edmite pol\u00edtico internacional.<\/span><\/p>\n<p style=\"text-align: justify;\"><span lang=\"ES-CL\">En estos inh\u00f3spitos rincones de la Patagonia chilena, los carabineros del Ret\u00e9n Entrada Baker (F) cumplen funciones de integraci\u00f3n, soberan\u00eda y prevenci\u00f3n de delitos transnacionales como contrabando, tr\u00e1fico de drogas e ingreso ilegal de personas al pa\u00eds.\u00a0<\/span><\/p>\n<\/div><\/section><\/div><div  style='height:50px' class='hr hr-invisible   avia-builder-el-6  el_after_av_one_full  el_before_av_social_share '><span class='hr-inner ' ><span class='hr-inner-style'><\/span><\/span><\/div><\/p>\n<div  class='av-social-sharing-box  avia-builder-el-7  el_after_av_hr  el_before_av_hr  '><div class='av-share-box'><h5 class='av-share-link-description av-no-toc '>Compartir esta noticia<\/h5><ul class='av-share-box-list noLightbox'><li class='av-share-link av-social-link-facebook' ><a target=\"_blank\" aria-label=\"Compartir en Facebook\" href='https:\/\/www.facebook.com\/sharer.php?u=https:\/\/radiorevelacionfm.cl\/?p=33133&#038;t=Carabineros%20del%20Ret%C3%A9n%20Entrada%20Baker%20colabora%20en%20liberaci%C3%B3n%20de%20caballar%20de%20Gendarmer%C3%ADa%20Argentina%20atrapado%20en%20guarda%20ganado' aria-hidden='false' data-av_icon='\ue8f3' data-av_iconfont='entypo-fontello' title='' data-avia-related-tooltip='Compartir en Facebook' rel=\"noopener\"><span class='avia_hidden_link_text'>Compartir en Facebook<\/span><\/a><\/li><li class='av-share-link av-social-link-twitter' ><a target=\"_blank\" aria-label=\"Compartir en Twitter\" href='https:\/\/twitter.com\/share?text=Carabineros%20del%20Ret%C3%A9n%20Entrada%20Baker%20colabora%20en%20liberaci%C3%B3n%20de%20caballar%20de%20Gendarmer%C3%ADa%20Argentina%20atrapado%20en%20guarda%20ganado&#038;url=https:\/\/radiorevelacionfm.cl\/?p=33133' aria-hidden='false' data-av_icon='\ue8f1' data-av_iconfont='entypo-fontello' title='' data-avia-related-tooltip='Compartir en Twitter' rel=\"noopener\"><span class='avia_hidden_link_text'>Compartir en Twitter<\/span><\/a><\/li><li class='av-share-link av-social-link-whatsapp' ><a target=\"_blank\" aria-label=\"Compartir en Whatsapp\" href='https:\/\/api.whatsapp.com\/send?text=https:\/\/radiorevelacionfm.cl\/?p=33133' aria-hidden='false' data-av_icon='\uf232' data-av_iconfont='entypo-fontello' title='' data-avia-related-tooltip='Compartir en Whatsapp' rel=\"noopener\"><span class='avia_hidden_link_text'>Compartir en Whatsapp<\/span><\/a><\/li><li class='av-share-link av-social-link-linkedin' ><a target=\"_blank\" aria-label=\"Compartir en LinkedIn\" href='https:\/\/linkedin.com\/shareArticle?mini=true&#038;title=Carabineros%20del%20Ret%C3%A9n%20Entrada%20Baker%20colabora%20en%20liberaci%C3%B3n%20de%20caballar%20de%20Gendarmer%C3%ADa%20Argentina%20atrapado%20en%20guarda%20ganado&#038;url=https:\/\/radiorevelacionfm.cl\/?p=33133' aria-hidden='false' data-av_icon='\ue8fc' data-av_iconfont='entypo-fontello' title='' data-avia-related-tooltip='Compartir en LinkedIn' rel=\"noopener\"><span class='avia_hidden_link_text'>Compartir en LinkedIn<\/span><\/a><\/li><li class='av-share-link av-social-link-mail' ><a  aria-label=\"Compartir por correo\" href='mailto:?subject=Carabineros%20del%20Ret%C3%A9n%20Entrada%20Baker%20colabora%20en%20liberaci%C3%B3n%20de%20caballar%20de%20Gendarmer%C3%ADa%20Argentina%20atrapado%20en%20guarda%20ganado&#038;body=https:\/\/radiorevelacionfm.cl\/?p=33133' aria-hidden='false' data-av_icon='\ue805' data-av_iconfont='entypo-fontello' title='' data-avia-related-tooltip='Compartir por correo'><span class='avia_hidden_link_text'>Compartir por correo<\/span><\/a><\/li><\/ul><\/div><\/div>\n<div  style='height:50px' class='hr hr-invisible   avia-builder-el-8  el_after_av_social_share  el_before_av_comments_list '><span class='hr-inner ' ><span class='hr-inner-style'><\/span><\/span><\/div>\n<div  class='av-buildercomment  av-blog-meta-html-info-disabled av-blog-meta-tag-disabled  '><\/div>\n","protected":false},"excerpt":{"rendered":"","protected":false},"author":1,"featured_media":33134,"comment_status":"open","ping_status":"open","sticky":false,"template":"","format":"standard","meta":{"footnotes":""},"categories":[36],"tags":[],"class_list":["post-33133","post","type-post","status-publish","format-standard","has-post-thumbnail","hentry","category-policial"],"jetpack_featured_media_url":"https:\/\/radiorevelacionfm.cl\/wp-content\/uploads\/2023\/07\/f1brrfbwcaavcc0-1-1_optimized.jpg","_links":{"self":[{"href":"https:\/\/radiorevelacionfm.cl\/index.php?rest_route=\/wp\/v2\/posts\/33133","targetHints":{"allow":["GET"]}}],"collection":[{"href":"https:\/\/radiorevelacionfm.cl\/index.php?rest_route=\/wp\/v2\/posts"}],"about":[{"href":"https:\/\/radiorevelacionfm.cl\/index.php?rest_route=\/wp\/v2\/types\/post"}],"author":[{"embeddable":true,"href":"https:\/\/radiorevelacionfm.cl\/index.php?rest_route=\/wp\/v2\/users\/1"}],"replies":[{"embeddable":true,"href":"https:\/\/radiorevelacionfm.cl\/index.php?rest_route=%2Fwp%2Fv2%2Fcomments&post=33133"}],"version-history":[{"count":1,"href":"https:\/\/radiorevelacionfm.cl\/index.php?rest_route=\/wp\/v2\/posts\/33133\/revisions"}],"predecessor-version":[{"id":33135,"href":"https:\/\/radiorevelacionfm.cl\/index.php?rest_route=\/wp\/v2\/posts\/33133\/revisions\/33135"}],"wp:featuredmedia":[{"embeddable":true,"href":"https:\/\/radiorevelacionfm.cl\/index.php?rest_route=\/wp\/v2\/media\/33134"}],"wp:attachment":[{"href":"https:\/\/radiorevelacionfm.cl\/index.php?rest_route=%2Fwp%2Fv2%2Fmedia&parent=33133"}],"wp:term":[{"taxonomy":"category","embeddable":true,"href":"https:\/\/radiorevelacionfm.cl\/index.php?rest_route=%2Fwp%2Fv2%2Fcategories&post=33133"},{"taxonomy":"post_tag","embeddable":true,"href":"https:\/\/radiorevelacionfm.cl\/index.php?rest_route=%2Fwp%2Fv2%2Ftags&post=33133"}],"curies":[{"name":"wp","href":"https:\/\/api.w.org\/{rel}","templated":true}]}}