{"id":33130,"date":"2023-07-21T21:33:57","date_gmt":"2023-07-22T00:33:57","guid":{"rendered":"https:\/\/radiorevelacionfm.cl\/?p=33130"},"modified":"2023-07-21T21:33:57","modified_gmt":"2023-07-22T00:33:57","slug":"con-el-549-de-los-votos-el-academico-enrique-urra-es-elegido-como-nuevo-rector-de-la-universidad-de-aysen","status":"publish","type":"post","link":"https:\/\/radiorevelacionfm.cl\/?p=33130","title":{"rendered":"Con el 54,9 % de los votos el acad\u00e9mico Enrique Urra es elegido como nuevo rector de la Universidad de Ays\u00e9n"},"content":{"rendered":"<div class=\"flex_column av_one_full  flex_column_div av-zero-column-padding first  avia-builder-el-0  el_before_av_one_full  avia-builder-el-first  \" style='border-radius:0px; '><div  class='avia-image-container  av-styling-    avia-builder-el-1  avia-builder-el-no-sibling  avia-align-center '  itemprop=\"image\" itemscope=\"itemscope\" itemtype=\"https:\/\/schema.org\/ImageObject\"  ><div class='avia-image-container-inner'><div class='avia-image-overlay-wrap'><img decoding=\"async\" class='wp-image-33131 avia-img-lazy-loading-not-33131 avia_image' src=\"https:\/\/radiorevelacionfm.cl\/wp-content\/uploads\/2023\/07\/Enrique-urra-1-1.jpeg\" alt='' title='Enrique urra (1) (1)' height=\"600\" width=\"900\"  itemprop=\"thumbnailUrl\" srcset=\"https:\/\/radiorevelacionfm.cl\/wp-content\/uploads\/2023\/07\/Enrique-urra-1-1.jpeg 900w, https:\/\/radiorevelacionfm.cl\/wp-content\/uploads\/2023\/07\/Enrique-urra-1-1-300x200.jpeg 300w, https:\/\/radiorevelacionfm.cl\/wp-content\/uploads\/2023\/07\/Enrique-urra-1-1-768x512.jpeg 768w, https:\/\/radiorevelacionfm.cl\/wp-content\/uploads\/2023\/07\/Enrique-urra-1-1-705x470.jpeg 705w, https:\/\/radiorevelacionfm.cl\/wp-content\/uploads\/2023\/07\/Enrique-urra-1-1-450x300.jpeg 450w, https:\/\/radiorevelacionfm.cl\/wp-content\/uploads\/2023\/07\/Enrique-urra-1-1-600x400.jpeg 600w\" sizes=\"(max-width: 900px) 100vw, 900px\" \/><\/div><\/div><\/div><\/div><div class=\"flex_column av_one_full  flex_column_div av-zero-column-padding first  avia-builder-el-2  el_after_av_one_full  el_before_av_one_full  column-top-margin\" style='border-radius:0px; '><section class=\"av_textblock_section \"  itemscope=\"itemscope\" itemtype=\"https:\/\/schema.org\/BlogPosting\" itemprop=\"blogPost\" ><div class='avia_textblock  '   itemprop=\"text\" ><p style=\"text-align: center;\"><span style=\"font-size: 18pt;\"><strong>Con el 54,9 % de los votos el acad\u00e9mico Enrique Urra es elegido como nuevo rector de la Universidad de Ays\u00e9n<\/strong><\/span><\/p>\n<div id=\"gtx-trans\" style=\"position: absolute; left: -50px; top: 4.31534px;\">\n<div class=\"gtx-trans-icon\"><\/div>\n<\/div>\n<\/div><\/section><\/div><div class=\"flex_column av_one_full  flex_column_div av-zero-column-padding first  avia-builder-el-4  el_after_av_one_full  el_before_av_hr  column-top-margin\" style='border-radius:0px; '><section class=\"av_textblock_section \"  itemscope=\"itemscope\" itemtype=\"https:\/\/schema.org\/BlogPosting\" itemprop=\"blogPost\" ><div class='avia_textblock  '   itemprop=\"text\" ><p style=\"text-align: justify;\">En primera vuelta, el acad\u00e9mico del departamento de Ciencias Naturales y Tecnolog\u00eda Enrique Urra Coloma, se convirti\u00f3 en la segunda autoridad democr\u00e1ticamente elegida para liderar la casa de estudios estatal, por el periodo 2023- 2027.<\/p>\n<p style=\"text-align: justify;\">Con un total de 28 de los votos a su favor, Enrique Urra se impuso en un proceso electoral caracterizado por una alta participaci\u00f3n, transparencia y el respeto a la pluralidad de las ideas.<\/p>\n<p style=\"text-align: justify;\">La votaci\u00f3n que se desarroll\u00f3 durante toda la jornada en el Campus Lillo de la casa de estudios, cont\u00f3 con la participaci\u00f3n de un total de 51 acad\u00e9micos y acad\u00e9micas del padr\u00f3n electoral. El futuro rector obtuvo un total de 28 votos, mientras que la acad\u00e9mica Carrasco obtuvo un total de 23 votos.<\/p>\n<p style=\"text-align: justify;\">Luego de conocido el resultado, el acad\u00e9mico valor\u00f3 el proceso democr\u00e1tico vivido en la casa de estudios. \u201cEstamos s\u00faper contentos de que la propuesta que hemos dise\u00f1ado haya sido del inter\u00e9s de la academia, pero tambi\u00e9n de la comunidad universitaria, hicimos distintas instancias para poder debatir, creo que fue un proceso democr\u00e1tico propio de una universidad, que deja un precedente de c\u00f3mo vamos desarrollando este tipo de procesos a nivel institucional. Con este resultado nos vamos con una gran responsabilidad para poder sacar todo lo que se necesita adelante y desde ya toda la disposici\u00f3n de la nueva rector\u00eda para poder trabajar en conjunto con la comunidad universitaria\u201d.<\/p>\n<p style=\"text-align: justify;\">Durante el proceso de campa\u00f1a, el futuro rector dio a conocer tres ejes sobre los que se basar\u00e1 su gobierno universitario: organizaci\u00f3n sustentable y responsable; formaci\u00f3n y desarrollo acad\u00e9mico y posicionamiento: universidad desde y hacia el medio.<\/p>\n<p style=\"text-align: justify;\">Asimismo, en las jornadas de presentaci\u00f3n de su candidatura, ya dio a conocer a parte de quienes lo acompa\u00f1ar\u00e1n su gobierno universitario, en el que destaca la incorporaci\u00f3n de la figura del pro-rector, cargo que asumir\u00eda el acad\u00e9mico e investigador Dr. Gabriel N\u00fa\u00f1ez. Asimismo, incorpor\u00f3 a su equipo de gesti\u00f3n al acad\u00e9mico e investigador Fabi\u00e1n Ja\u00f1a como Director de Investigaci\u00f3n, adem\u00e1s del acad\u00e9mico e investigador, Johnny Valencia como posible Director de Planificaci\u00f3n y Aseguramiento de la Calidad, adem\u00e1s de la profesional Lorena Millar y actual Coordinadora General de la Red Stem G\u00e9nero de las universidades estatales, como Directora de Vinculaci\u00f3n con el Medio. Asimismo, en el cargo de director de Administraci\u00f3n y Finanzas, Juan Pablo Espinoza, quien se mantendr\u00eda en el mismo cargo.<\/p>\n<p style=\"text-align: justify;\">Enrique Urra oriundo de Valpara\u00edso, es Ingeniero Civil Inform\u00e1tico y doctor en Ingenier\u00eda Inform\u00e1tica, de la Pontificia Universidad Cat\u00f3lica de Valpara\u00edso. El a\u00f1o 2018 se integr\u00f3 a la Universidad de Ays\u00e9n como acad\u00e9mico del Departamento de Ciencias Naturales y Tecnolog\u00eda, ocasi\u00f3n en la que es electo jefe de departamento, cargo que desempe\u00f1a hasta el a\u00f1o 2019, cuando asume como directivo del equipo de la rectora Natacha Pino, liderando el \u00e1rea de Planificaci\u00f3n y Aseguramiento de la Calidad de la Universidad. En dicho cargo, impuls\u00f3 la instalaci\u00f3n del \u00e1rea de tecnolog\u00edas y gesti\u00f3n de informaci\u00f3n y el \u00e1rea de planificaci\u00f3n y coordinaci\u00f3n institucional. Su trabajo de investigaci\u00f3n actual, en el contexto de la optimizaci\u00f3n, se enfoca en la aplicaci\u00f3n de modelos de memoria atributiva en hiper-heur\u00edsticas para problemas de investigaci\u00f3n de operaciones, como el problema de la mochila. Adem\u00e1s, en el \u00e1rea de ingenier\u00eda de software, est\u00e1 trabajando en marcos de trabajo y librer\u00edas de software para el dise\u00f1o e implementaci\u00f3n de algoritmos heur\u00edsticos altamente detallados.<\/p>\n<p style=\"text-align: justify;\">El nuevo rector de la UAys\u00e9n, asumir\u00e1 sus funciones los primeros d\u00edas de septiembre, periodo en el que adem\u00e1s se llevar\u00e1 a cabo la ceremonia oficial de cambio de mando.<\/p>\n<p style=\"text-align: justify;\">M\u00e1s informaci\u00f3n sobre los ejes program\u00e1ticos del nuevo rector de la\u00a0 Universidad de Ays\u00e9n en el siguiente enlace: <a href=\"https:\/\/acrobat.adobe.com\/link\/track?uri=urn:aaid:scds:US:d0cace8a-27db-3851-b997-6e62f31201cc\">https:\/\/acrobat.adobe.com\/link\/track?uri=urn:aaid:scds:US:d0cace8a-27db-3851-b997-6e62f31201cc<\/a><\/p>\n<\/div><\/section><\/div><div  style='height:50px' class='hr hr-invisible   avia-builder-el-6  el_after_av_one_full  el_before_av_social_share '><span class='hr-inner ' ><span class='hr-inner-style'><\/span><\/span><\/div><\/p>\n<div  class='av-social-sharing-box  avia-builder-el-7  el_after_av_hr  el_before_av_hr  '><div class='av-share-box'><h5 class='av-share-link-description av-no-toc '>Compartir esta noticia<\/h5><ul class='av-share-box-list noLightbox'><li class='av-share-link av-social-link-facebook' ><a target=\"_blank\" aria-label=\"Compartir en Facebook\" href='https:\/\/www.facebook.com\/sharer.php?u=https:\/\/radiorevelacionfm.cl\/?p=33130&#038;t=Con%20el%2054%2C9%20%25%20de%20los%20votos%20el%20acad%C3%A9mico%20Enrique%20Urra%20es%20elegido%20como%20nuevo%20rector%20de%20la%20Universidad%20de%20Ays%C3%A9n' aria-hidden='false' data-av_icon='\ue8f3' data-av_iconfont='entypo-fontello' title='' data-avia-related-tooltip='Compartir en Facebook' rel=\"noopener\"><span class='avia_hidden_link_text'>Compartir en Facebook<\/span><\/a><\/li><li class='av-share-link av-social-link-twitter' ><a target=\"_blank\" aria-label=\"Compartir en Twitter\" href='https:\/\/twitter.com\/share?text=Con%20el%2054%2C9%20%25%20de%20los%20votos%20el%20acad%C3%A9mico%20Enrique%20Urra%20es%20elegido%20como%20nuevo%20rector%20de%20la%20Universidad%20de%20Ays%C3%A9n&#038;url=https:\/\/radiorevelacionfm.cl\/?p=33130' aria-hidden='false' data-av_icon='\ue8f1' data-av_iconfont='entypo-fontello' title='' data-avia-related-tooltip='Compartir en Twitter' rel=\"noopener\"><span class='avia_hidden_link_text'>Compartir en Twitter<\/span><\/a><\/li><li class='av-share-link av-social-link-whatsapp' ><a target=\"_blank\" aria-label=\"Compartir en Whatsapp\" href='https:\/\/api.whatsapp.com\/send?text=https:\/\/radiorevelacionfm.cl\/?p=33130' aria-hidden='false' data-av_icon='\uf232' data-av_iconfont='entypo-fontello' title='' data-avia-related-tooltip='Compartir en Whatsapp' rel=\"noopener\"><span class='avia_hidden_link_text'>Compartir en Whatsapp<\/span><\/a><\/li><li class='av-share-link av-social-link-linkedin' ><a target=\"_blank\" aria-label=\"Compartir en LinkedIn\" href='https:\/\/linkedin.com\/shareArticle?mini=true&#038;title=Con%20el%2054%2C9%20%25%20de%20los%20votos%20el%20acad%C3%A9mico%20Enrique%20Urra%20es%20elegido%20como%20nuevo%20rector%20de%20la%20Universidad%20de%20Ays%C3%A9n&#038;url=https:\/\/radiorevelacionfm.cl\/?p=33130' aria-hidden='false' data-av_icon='\ue8fc' data-av_iconfont='entypo-fontello' title='' data-avia-related-tooltip='Compartir en LinkedIn' rel=\"noopener\"><span class='avia_hidden_link_text'>Compartir en LinkedIn<\/span><\/a><\/li><li class='av-share-link av-social-link-mail' ><a  aria-label=\"Compartir por correo\" href='mailto:?subject=Con%20el%2054%2C9%20%25%20de%20los%20votos%20el%20acad%C3%A9mico%20Enrique%20Urra%20es%20elegido%20como%20nuevo%20rector%20de%20la%20Universidad%20de%20Ays%C3%A9n&#038;body=https:\/\/radiorevelacionfm.cl\/?p=33130' aria-hidden='false' data-av_icon='\ue805' data-av_iconfont='entypo-fontello' title='' data-avia-related-tooltip='Compartir por correo'><span class='avia_hidden_link_text'>Compartir por correo<\/span><\/a><\/li><\/ul><\/div><\/div>\n<div  style='height:50px' class='hr hr-invisible   avia-builder-el-8  el_after_av_social_share  el_before_av_comments_list '><span class='hr-inner ' ><span class='hr-inner-style'><\/span><\/span><\/div>\n<div  class='av-buildercomment  av-blog-meta-html-info-disabled av-blog-meta-tag-disabled  '><\/div>\n","protected":false},"excerpt":{"rendered":"","protected":false},"author":1,"featured_media":33131,"comment_status":"open","ping_status":"open","sticky":false,"template":"","format":"standard","meta":{"footnotes":""},"categories":[49],"tags":[],"class_list":["post-33130","post","type-post","status-publish","format-standard","has-post-thumbnail","hentry","category-educacion"],"jetpack_featured_media_url":"https:\/\/radiorevelacionfm.cl\/wp-content\/uploads\/2023\/07\/Enrique-urra-1-1.jpeg","_links":{"self":[{"href":"https:\/\/radiorevelacionfm.cl\/index.php?rest_route=\/wp\/v2\/posts\/33130","targetHints":{"allow":["GET"]}}],"collection":[{"href":"https:\/\/radiorevelacionfm.cl\/index.php?rest_route=\/wp\/v2\/posts"}],"about":[{"href":"https:\/\/radiorevelacionfm.cl\/index.php?rest_route=\/wp\/v2\/types\/post"}],"author":[{"embeddable":true,"href":"https:\/\/radiorevelacionfm.cl\/index.php?rest_route=\/wp\/v2\/users\/1"}],"replies":[{"embeddable":true,"href":"https:\/\/radiorevelacionfm.cl\/index.php?rest_route=%2Fwp%2Fv2%2Fcomments&post=33130"}],"version-history":[{"count":1,"href":"https:\/\/radiorevelacionfm.cl\/index.php?rest_route=\/wp\/v2\/posts\/33130\/revisions"}],"predecessor-version":[{"id":33132,"href":"https:\/\/radiorevelacionfm.cl\/index.php?rest_route=\/wp\/v2\/posts\/33130\/revisions\/33132"}],"wp:featuredmedia":[{"embeddable":true,"href":"https:\/\/radiorevelacionfm.cl\/index.php?rest_route=\/wp\/v2\/media\/33131"}],"wp:attachment":[{"href":"https:\/\/radiorevelacionfm.cl\/index.php?rest_route=%2Fwp%2Fv2%2Fmedia&parent=33130"}],"wp:term":[{"taxonomy":"category","embeddable":true,"href":"https:\/\/radiorevelacionfm.cl\/index.php?rest_route=%2Fwp%2Fv2%2Fcategories&post=33130"},{"taxonomy":"post_tag","embeddable":true,"href":"https:\/\/radiorevelacionfm.cl\/index.php?rest_route=%2Fwp%2Fv2%2Ftags&post=33130"}],"curies":[{"name":"wp","href":"https:\/\/api.w.org\/{rel}","templated":true}]}}