{"id":33127,"date":"2023-07-21T19:45:22","date_gmt":"2023-07-21T22:45:22","guid":{"rendered":"https:\/\/radiorevelacionfm.cl\/?p=33127"},"modified":"2023-07-21T19:45:22","modified_gmt":"2023-07-21T22:45:22","slug":"dia-mundial-del-perro-destacan-el-valioso-aporte-de-los-canes-policiales-en-la-investigacion-y-prevencion-del-delito","status":"publish","type":"post","link":"https:\/\/radiorevelacionfm.cl\/?p=33127","title":{"rendered":"D\u00eda Mundial del Perro: destacan el valioso aporte de los canes policiales en la investigaci\u00f3n y prevenci\u00f3n del delito"},"content":{"rendered":"<div class=\"flex_column av_one_full  flex_column_div av-zero-column-padding first  avia-builder-el-0  el_before_av_one_full  avia-builder-el-first  \" style='border-radius:0px; '><div  class='avia-image-container  av-styling-    avia-builder-el-1  avia-builder-el-no-sibling  avia-align-center '  itemprop=\"image\" itemscope=\"itemscope\" itemtype=\"https:\/\/schema.org\/ImageObject\"  ><div class='avia-image-container-inner'><div class='avia-image-overlay-wrap'><img decoding=\"async\" class='wp-image-33128 avia-img-lazy-loading-not-33128 avia_image' src=\"https:\/\/radiorevelacionfm.cl\/wp-content\/uploads\/2023\/07\/f1kyvhnxgaesgjc-1_optimized-1.jpg\" alt='' title='f1kyvhnxgaesgjc-(1)_optimized (1)' height=\"600\" width=\"800\"  itemprop=\"thumbnailUrl\" srcset=\"https:\/\/radiorevelacionfm.cl\/wp-content\/uploads\/2023\/07\/f1kyvhnxgaesgjc-1_optimized-1.jpg 800w, https:\/\/radiorevelacionfm.cl\/wp-content\/uploads\/2023\/07\/f1kyvhnxgaesgjc-1_optimized-1-300x225.jpg 300w, https:\/\/radiorevelacionfm.cl\/wp-content\/uploads\/2023\/07\/f1kyvhnxgaesgjc-1_optimized-1-768x576.jpg 768w, https:\/\/radiorevelacionfm.cl\/wp-content\/uploads\/2023\/07\/f1kyvhnxgaesgjc-1_optimized-1-705x529.jpg 705w, https:\/\/radiorevelacionfm.cl\/wp-content\/uploads\/2023\/07\/f1kyvhnxgaesgjc-1_optimized-1-450x338.jpg 450w, https:\/\/radiorevelacionfm.cl\/wp-content\/uploads\/2023\/07\/f1kyvhnxgaesgjc-1_optimized-1-600x450.jpg 600w\" sizes=\"(max-width: 800px) 100vw, 800px\" \/><\/div><\/div><\/div><\/div><div class=\"flex_column av_one_full  flex_column_div av-zero-column-padding first  avia-builder-el-2  el_after_av_one_full  el_before_av_one_full  column-top-margin\" style='border-radius:0px; '><section class=\"av_textblock_section \"  itemscope=\"itemscope\" itemtype=\"https:\/\/schema.org\/BlogPosting\" itemprop=\"blogPost\" ><div class='avia_textblock  '   itemprop=\"text\" ><p style=\"text-align: center;\"><strong><span style=\"font-size: 18pt;\">D\u00eda Mundial del Perro: destacan el valioso aporte de los canes policiales en la investigaci\u00f3n y prevenci\u00f3n del delito<\/span><\/strong><\/p>\n<div id=\"gtx-trans\" style=\"position: absolute; left: -50px; top: 4.31534px;\">\n<div class=\"gtx-trans-icon\"><\/div>\n<\/div>\n<\/div><\/section><\/div><div class=\"flex_column av_one_full  flex_column_div av-zero-column-padding first  avia-builder-el-4  el_after_av_one_full  el_before_av_hr  column-top-margin\" style='border-radius:0px; '><section class=\"av_textblock_section \"  itemscope=\"itemscope\" itemtype=\"https:\/\/schema.org\/BlogPosting\" itemprop=\"blogPost\" ><div class='avia_textblock  '   itemprop=\"text\" ><p class=\"v1gmail-MsoListParagraph\" style=\"text-align: justify;\"><span lang=\"ES-CL\">La detecci\u00f3n de drogas y explosivos son parte de las tareas en las que cumplen funciones\u00a0<\/span><span lang=\"ES\">\u00abGulliver\u00bb de la Subcomisar\u00eda Balmaceda (F), \u00ab<\/span><span lang=\"ES-CL\">Dala\u00bb y \u00abGazu\u00bb del OS-7 junto a \u00abDuao\u00bb del GOPE Ays\u00e9n, contribuyendo a brindar m\u00e1s seguridad a nuestros vecinos.<\/span><\/p>\n<p class=\"v1MsoNormal\"><span lang=\"ES\">Fieles compa\u00f1eros, guardianes y protectores, los perros son parte de nuestras vidas y no podr\u00edamos concebir el mundo actual sin su presencia.<\/span><\/p>\n<p class=\"v1MsoNormal\" style=\"text-align: justify;\"><span lang=\"ES-CL\">En el d\u00eda mundial de estos animales, Carabineros Ays\u00e9n junto al Delegado Presidencial Regional, Rodrigo Araya Morales participaron de una actividad en la Plaza de Armas de ciudad de Coyhaique a trav\u00e9s de la cual se busc\u00f3 relevar su valioso aporte y el fundamental rol que cumplen en apoyo a la funci\u00f3n policial tanto en el \u00e1rea investigativa como de prevenci\u00f3n, contribuyendo a brindar m\u00e1s seguridad a nuestros vecinos.<\/span><\/p>\n<p class=\"v1MsoNormal\" style=\"text-align: justify;\"><span lang=\"ES-CL\">\u00abLos perros tienen un rol muy importante en apoyo a la gesti\u00f3n de seguridad en nuestro pa\u00eds, y en Carabineros se manifiesta en cuatro animalitos que nos ayudan en la detecci\u00f3n de drogas, en la b\u00fasqueda de explosivos y tambi\u00e9n de personas en situaciones de desastre\u00bb, expres\u00f3 el Delegado Presidencial.<\/span><\/p>\n<p class=\"v1MsoNormal\" style=\"text-align: justify;\"><span lang=\"ES-CL\">Rodrigo Araya aprovech\u00f3 la jornada y record\u00f3 a la comunidad que el Gobierno cuenta con planes y programas de seguridad p\u00fablica \u2013a trav\u00e9s de la Seremi de Salud- los cuales dicen relaci\u00f3n con la desparasitaci\u00f3n de las mascotas como parte del cuidado y bienestar animal.<\/span><\/p>\n<p class=\"v1MsoNormal\" style=\"text-align: justify;\"><b><span lang=\"ES-CL\">Desplegados en el territorio<\/span><\/b><\/p>\n<p class=\"v1MsoNormal\" style=\"text-align: justify;\"><span lang=\"ES-CL\">Asimismo, el Prefecto de Carabineros Ays\u00e9n, Coronel Fuad Chaban Vilches indic\u00f3 que los canes en la Instituci\u00f3n son mucho m\u00e1s que una mascota, son un compa\u00f1ero de trabajo y en definitiva un carabinero m\u00e1s.<\/span><\/p>\n<p class=\"v1MsoNormal\" style=\"text-align: justify;\"><span lang=\"ES-CL\">Los perritos fueron incorporados al servicio policial <\/span><span lang=\"ES\">desde la \u00e9poca de la polic\u00eda fiscal.<\/span><\/p>\n<p class=\"v1MsoNormal\" style=\"text-align: justify;\"><span lang=\"ES\">Al ejemplar \u00abGulliver\u00bb de la Subcom Balmaceda (F), \u00abGazu\u00bb y \u00abDala\u00bb de la Secci\u00f3n OS-7 Ays\u00e9n (especialistas en la detenci\u00f3n de diversos tipos de drogas) se suma \u00abDuao del emblema verde\u00bb perteneciente al Grupo de Operaciones Policiales Especiales (GOPE), especializado en la detecci\u00f3n de explosivos.<\/span><\/p>\n<p class=\"v1MsoNormal\" style=\"text-align: justify;\"><span lang=\"ES\">\u00abLos canes nos han ayudado a participar en distintos allanamientos y procedimientos, nos ayudan en los controles de ingreso a la regi\u00f3n, tanto por el aeropuerto, las barcazas, con buenos procedimientos sobre todo en cuanto a la ley de drogas\u00bb, expres\u00f3.<\/span><\/p>\n<p class=\"v1MsoNormal\" style=\"text-align: justify;\"><span lang=\"ES\">Asimismo, los canes han sido desplegados en carreteras y en pasos fronterizos controlados por Carabineros, con la finalidad de desarrollar tareas orientadas a detectar y prevenir la internaci\u00f3n de drogas o sustancias prohibidas a nuestro territorio.<\/span><\/p>\n<p class=\"v1MsoNormal\" style=\"text-align: justify;\"><span lang=\"ES\">El Prefecto Ays\u00e9n record\u00f3 la ley de tenencia responsable de mascotas e inst\u00f3 a la comunidad especialmente a propietarios de estos animales a mantenerlos con un chip, con sus vacunas al d\u00eda, evitar que estos deambulen en la v\u00eda p\u00fablica, sacarlos a pasear con correa, procurando en todo momento velar por su cuidado y bienestar animal, nunca abandonarlos por ellos son tambi\u00e9n parte de nuestra familia.<\/span><\/p>\n<\/div><\/section><\/div><div  style='height:50px' class='hr hr-invisible   avia-builder-el-6  el_after_av_one_full  el_before_av_social_share '><span class='hr-inner ' ><span class='hr-inner-style'><\/span><\/span><\/div><\/p>\n<div  class='av-social-sharing-box  avia-builder-el-7  el_after_av_hr  el_before_av_hr  '><div class='av-share-box'><h5 class='av-share-link-description av-no-toc '>Compartir esta noticia<\/h5><ul class='av-share-box-list noLightbox'><li class='av-share-link av-social-link-facebook' ><a target=\"_blank\" aria-label=\"Compartir en Facebook\" href='https:\/\/www.facebook.com\/sharer.php?u=https:\/\/radiorevelacionfm.cl\/?p=33127&#038;t=D%C3%ADa%20Mundial%20del%20Perro%3A%20destacan%20el%20valioso%20aporte%20de%20los%20canes%20policiales%20en%20la%20investigaci%C3%B3n%20y%20prevenci%C3%B3n%20del%20delito' aria-hidden='false' data-av_icon='\ue8f3' data-av_iconfont='entypo-fontello' title='' data-avia-related-tooltip='Compartir en Facebook' rel=\"noopener\"><span class='avia_hidden_link_text'>Compartir en Facebook<\/span><\/a><\/li><li class='av-share-link av-social-link-twitter' ><a target=\"_blank\" aria-label=\"Compartir en Twitter\" href='https:\/\/twitter.com\/share?text=D%C3%ADa%20Mundial%20del%20Perro%3A%20destacan%20el%20valioso%20aporte%20de%20los%20canes%20policiales%20en%20la%20investigaci%C3%B3n%20y%20prevenci%C3%B3n%20del%20delito&#038;url=https:\/\/radiorevelacionfm.cl\/?p=33127' aria-hidden='false' data-av_icon='\ue8f1' data-av_iconfont='entypo-fontello' title='' data-avia-related-tooltip='Compartir en Twitter' rel=\"noopener\"><span class='avia_hidden_link_text'>Compartir en Twitter<\/span><\/a><\/li><li class='av-share-link av-social-link-whatsapp' ><a target=\"_blank\" aria-label=\"Compartir en Whatsapp\" href='https:\/\/api.whatsapp.com\/send?text=https:\/\/radiorevelacionfm.cl\/?p=33127' aria-hidden='false' data-av_icon='\uf232' data-av_iconfont='entypo-fontello' title='' data-avia-related-tooltip='Compartir en Whatsapp' rel=\"noopener\"><span class='avia_hidden_link_text'>Compartir en Whatsapp<\/span><\/a><\/li><li class='av-share-link av-social-link-linkedin' ><a target=\"_blank\" aria-label=\"Compartir en LinkedIn\" href='https:\/\/linkedin.com\/shareArticle?mini=true&#038;title=D%C3%ADa%20Mundial%20del%20Perro%3A%20destacan%20el%20valioso%20aporte%20de%20los%20canes%20policiales%20en%20la%20investigaci%C3%B3n%20y%20prevenci%C3%B3n%20del%20delito&#038;url=https:\/\/radiorevelacionfm.cl\/?p=33127' aria-hidden='false' data-av_icon='\ue8fc' data-av_iconfont='entypo-fontello' title='' data-avia-related-tooltip='Compartir en LinkedIn' rel=\"noopener\"><span class='avia_hidden_link_text'>Compartir en LinkedIn<\/span><\/a><\/li><li class='av-share-link av-social-link-mail' ><a  aria-label=\"Compartir por correo\" href='mailto:?subject=D%C3%ADa%20Mundial%20del%20Perro%3A%20destacan%20el%20valioso%20aporte%20de%20los%20canes%20policiales%20en%20la%20investigaci%C3%B3n%20y%20prevenci%C3%B3n%20del%20delito&#038;body=https:\/\/radiorevelacionfm.cl\/?p=33127' aria-hidden='false' data-av_icon='\ue805' data-av_iconfont='entypo-fontello' title='' data-avia-related-tooltip='Compartir por correo'><span class='avia_hidden_link_text'>Compartir por correo<\/span><\/a><\/li><\/ul><\/div><\/div>\n<div  style='height:50px' class='hr hr-invisible   avia-builder-el-8  el_after_av_social_share  el_before_av_comments_list '><span class='hr-inner ' ><span class='hr-inner-style'><\/span><\/span><\/div>\n<div  class='av-buildercomment  av-blog-meta-html-info-disabled av-blog-meta-tag-disabled  '><\/div>\n","protected":false},"excerpt":{"rendered":"","protected":false},"author":1,"featured_media":33128,"comment_status":"open","ping_status":"open","sticky":false,"template":"","format":"standard","meta":{"footnotes":""},"categories":[36],"tags":[],"class_list":["post-33127","post","type-post","status-publish","format-standard","has-post-thumbnail","hentry","category-policial"],"jetpack_featured_media_url":"https:\/\/radiorevelacionfm.cl\/wp-content\/uploads\/2023\/07\/f1kyvhnxgaesgjc-1_optimized-1.jpg","_links":{"self":[{"href":"https:\/\/radiorevelacionfm.cl\/index.php?rest_route=\/wp\/v2\/posts\/33127","targetHints":{"allow":["GET"]}}],"collection":[{"href":"https:\/\/radiorevelacionfm.cl\/index.php?rest_route=\/wp\/v2\/posts"}],"about":[{"href":"https:\/\/radiorevelacionfm.cl\/index.php?rest_route=\/wp\/v2\/types\/post"}],"author":[{"embeddable":true,"href":"https:\/\/radiorevelacionfm.cl\/index.php?rest_route=\/wp\/v2\/users\/1"}],"replies":[{"embeddable":true,"href":"https:\/\/radiorevelacionfm.cl\/index.php?rest_route=%2Fwp%2Fv2%2Fcomments&post=33127"}],"version-history":[{"count":1,"href":"https:\/\/radiorevelacionfm.cl\/index.php?rest_route=\/wp\/v2\/posts\/33127\/revisions"}],"predecessor-version":[{"id":33129,"href":"https:\/\/radiorevelacionfm.cl\/index.php?rest_route=\/wp\/v2\/posts\/33127\/revisions\/33129"}],"wp:featuredmedia":[{"embeddable":true,"href":"https:\/\/radiorevelacionfm.cl\/index.php?rest_route=\/wp\/v2\/media\/33128"}],"wp:attachment":[{"href":"https:\/\/radiorevelacionfm.cl\/index.php?rest_route=%2Fwp%2Fv2%2Fmedia&parent=33127"}],"wp:term":[{"taxonomy":"category","embeddable":true,"href":"https:\/\/radiorevelacionfm.cl\/index.php?rest_route=%2Fwp%2Fv2%2Fcategories&post=33127"},{"taxonomy":"post_tag","embeddable":true,"href":"https:\/\/radiorevelacionfm.cl\/index.php?rest_route=%2Fwp%2Fv2%2Ftags&post=33127"}],"curies":[{"name":"wp","href":"https:\/\/api.w.org\/{rel}","templated":true}]}}