{"id":33124,"date":"2023-07-21T17:58:25","date_gmt":"2023-07-21T20:58:25","guid":{"rendered":"https:\/\/radiorevelacionfm.cl\/?p=33124"},"modified":"2023-07-21T17:58:25","modified_gmt":"2023-07-21T20:58:25","slug":"con-gira-al-norte-del-pais-productores-as-de-aysen-conocen-la-fungicultura-y-produccion-de-hongos-silvestres-comestibles","status":"publish","type":"post","link":"https:\/\/radiorevelacionfm.cl\/?p=33124","title":{"rendered":"Con gira al norte del pa\u00eds productores\/as de Ays\u00e9n conocen la fungicultura y producci\u00f3n de hongos silvestres comestibles"},"content":{"rendered":"<div class=\"flex_column av_one_full  flex_column_div av-zero-column-padding first  avia-builder-el-0  el_before_av_one_full  avia-builder-el-first  \" style='border-radius:0px; '><div  class='avia-image-container  av-styling-    avia-builder-el-1  avia-builder-el-no-sibling  avia-align-center '  itemprop=\"image\" itemscope=\"itemscope\" itemtype=\"https:\/\/schema.org\/ImageObject\"  ><div class='avia-image-container-inner'><div class='avia-image-overlay-wrap'><img decoding=\"async\" class='wp-image-33125 avia-img-lazy-loading-not-33125 avia_image' src=\"https:\/\/radiorevelacionfm.cl\/wp-content\/uploads\/2023\/07\/productores1-1_optimized-1.jpg\" alt='' title='productores1-(1)_optimized (1)' height=\"600\" width=\"869\"  itemprop=\"thumbnailUrl\" srcset=\"https:\/\/radiorevelacionfm.cl\/wp-content\/uploads\/2023\/07\/productores1-1_optimized-1.jpg 869w, https:\/\/radiorevelacionfm.cl\/wp-content\/uploads\/2023\/07\/productores1-1_optimized-1-300x207.jpg 300w, https:\/\/radiorevelacionfm.cl\/wp-content\/uploads\/2023\/07\/productores1-1_optimized-1-768x530.jpg 768w, https:\/\/radiorevelacionfm.cl\/wp-content\/uploads\/2023\/07\/productores1-1_optimized-1-705x487.jpg 705w, https:\/\/radiorevelacionfm.cl\/wp-content\/uploads\/2023\/07\/productores1-1_optimized-1-450x311.jpg 450w, https:\/\/radiorevelacionfm.cl\/wp-content\/uploads\/2023\/07\/productores1-1_optimized-1-600x414.jpg 600w\" sizes=\"(max-width: 869px) 100vw, 869px\" \/><\/div><\/div><\/div><\/div><div class=\"flex_column av_one_full  flex_column_div av-zero-column-padding first  avia-builder-el-2  el_after_av_one_full  el_before_av_one_full  column-top-margin\" style='border-radius:0px; '><section class=\"av_textblock_section \"  itemscope=\"itemscope\" itemtype=\"https:\/\/schema.org\/BlogPosting\" itemprop=\"blogPost\" ><div class='avia_textblock  '   itemprop=\"text\" ><p style=\"text-align: center;\"><span style=\"font-size: 18pt;\"><strong>Con gira al norte del pa\u00eds productores\/as de Ays\u00e9n conocen la fungicultura y producci\u00f3n de hongos silvestres comestibles<\/strong><\/span><\/p>\n<div id=\"gtx-trans\" style=\"position: absolute; left: -50px; top: 4.31534px;\">\n<div class=\"gtx-trans-icon\"><\/div>\n<\/div>\n<\/div><\/section><\/div><div class=\"flex_column av_one_full  flex_column_div av-zero-column-padding first  avia-builder-el-4  el_after_av_one_full  el_before_av_hr  column-top-margin\" style='border-radius:0px; '><section class=\"av_textblock_section \"  itemscope=\"itemscope\" itemtype=\"https:\/\/schema.org\/BlogPosting\" itemprop=\"blogPost\" ><div class='avia_textblock  '   itemprop=\"text\" ><p style=\"text-align: justify;\">La iniciativa apoyada por la Seremi de Agricultura de la Regi\u00f3n de Ays\u00e9n, con el financiamiento de la Fundaci\u00f3n para la Innovaci\u00f3n Agraria (FIA), permiti\u00f3 que durante el mes de junio productores y productoras junto a tres profesionales del Ministerio de Agricultura, emprendieran una gira desde Santiago a Puerto Varas, con el objetivo de conocer experiencias e iniciativas asociadas al trabajo con hongos comestibles.<\/p>\n<p style=\"text-align: justify;\">Seg\u00fan el Seremi de Agricultura, Alan Espinoza Ortiz, \u201cEs importante generar espacios que permitan conocer soluciones innovadoras para el sector silvoagropecuario en la Regi\u00f3n de Ays\u00e9n, m\u00e1s aun si tienen potencial para ser aplicadas y fomentar la diversificaci\u00f3n del sector o en la cadena agroalimentaria regional\u201d.<\/p>\n<p style=\"text-align: justify;\">Cabe destacar que la participaci\u00f3n de los y las integrantes fueron de distintas localidades de la regi\u00f3n como, Lago Verde, Bah\u00eda Catalina, Bah\u00eda Jara, Chile Chico, Puerto Ib\u00e1\u00f1ez, Puerto R\u00edo Tranquilo, Cochrane y Villa O&#8217;Higgins, quienes visitaron tanto emprendimientos como empresas privadas y servicios p\u00fablicos. Visitaron plantas productivas de diferentes hongos comestibles, experiencias de cooperativismo, de comercializaci\u00f3n, laboratorios de micolog\u00eda, bancos de cepas y elaboraci\u00f3n de micelios.<\/p>\n<p style=\"text-align: justify;\">El itinerario comenz\u00f3 en Santiago con la visita a la Cooperativa Mapukufull, cuyo objetivo fue conocer la experiencia de cooperativismo, sus falencias y \u00e9xitos. Adem\u00e1s, se visitaron sus instalaciones donde producen hongos comestibles. Luego el grupo parti\u00f3 a Pichilemu, donde se visit\u00f3 la experiencia \u00d6NGO. Esta empresa se dedica a la producci\u00f3n de diferentes cepas de hongo ostra, melena de le\u00f3n, reishi y shiitake.<\/p>\n<p style=\"text-align: justify;\">Nils Campos, recolectora de Cochrane se\u00f1al\u00f3 : \u201cLa gira ha sido espectacular. He podido conocer personas nuevas, de distintos lugares. Ha sido una experiencia que nos ha ayudado mucho a reconocer, a aprender. El conocimiento ha sido grand\u00edsimo, y m\u00e1s feliz, con unas ganas inmensas, con una energ\u00eda y esto nos potencia d\u00eda a d\u00eda, y el poder tener la oportunidad y c\u00f3mo se dice abrir los ojos, a poder reproducir nuestros honguitos , es espectacular.\u201d<\/p>\n<p style=\"text-align: justify;\">La gira permiti\u00f3 visitar adem\u00e1s a INFOR Concepci\u00f3n, donde participo el investigador Patricio Chung y la directora regional, quienes recibieron al grupo para iniciar la fase te\u00f3rica, y guiar la visita a los laboratorios de micolog\u00eda y los bancos de cepas. En la regi\u00f3n de Los R\u00edos se conoci\u00f3 la iniciativa que realizaron en conjunto INDAP e INFOR con las comunidades locales de Panguipulli, para propiciar el desarrollo de hongos silvestres comestibles en los bosques nativos e iniciar la fungicultura como un rubro m\u00e1s en la agricultura local.<\/p>\n<p style=\"text-align: justify;\">\u201cCreo que \u00e9l aporte a la producci\u00f3n de hongos y de las diferentes maneras que hemos visto ac\u00e1 en toda la gira, es s\u00faper replicable en la regi\u00f3n. Hemos visto diferentes m\u00e9todos y creo que la regi\u00f3n esta pintada, creo yo, para poder reproducir de diferentes maneras\u201d coment\u00f3 Tom\u00e1s Carrere, productor hort\u00edcola de Puerto R\u00edo Tranquilo<\/p>\n<p style=\"text-align: justify;\">La gira finaliz\u00f3 en la localidad de Puerto Varas, con la visita a Fungi F\u00e1brica, experiencia m\u00e1s artesanal, pero no menos profesional, fue esperanzador para el grupo, pues vieron que con baja inversi\u00f3n es posible producir hongos y comercializar de manera innovadora y con valor agregado.<\/p>\n<\/div><\/section><\/div><div  style='height:50px' class='hr hr-invisible   avia-builder-el-6  el_after_av_one_full  el_before_av_social_share '><span class='hr-inner ' ><span class='hr-inner-style'><\/span><\/span><\/div><\/p>\n<div  class='av-social-sharing-box  avia-builder-el-7  el_after_av_hr  el_before_av_hr  '><div class='av-share-box'><h5 class='av-share-link-description av-no-toc '>Compartir esta noticia<\/h5><ul class='av-share-box-list noLightbox'><li class='av-share-link av-social-link-facebook' ><a target=\"_blank\" aria-label=\"Compartir en Facebook\" href='https:\/\/www.facebook.com\/sharer.php?u=https:\/\/radiorevelacionfm.cl\/?p=33124&#038;t=Con%20gira%20al%20norte%20del%20pa%C3%ADs%20productores%2Fas%20de%20Ays%C3%A9n%20conocen%20la%20fungicultura%20y%20producci%C3%B3n%20de%20hongos%20silvestres%20comestibles' aria-hidden='false' data-av_icon='\ue8f3' data-av_iconfont='entypo-fontello' title='' data-avia-related-tooltip='Compartir en Facebook' rel=\"noopener\"><span class='avia_hidden_link_text'>Compartir en Facebook<\/span><\/a><\/li><li class='av-share-link av-social-link-twitter' ><a target=\"_blank\" aria-label=\"Compartir en Twitter\" href='https:\/\/twitter.com\/share?text=Con%20gira%20al%20norte%20del%20pa%C3%ADs%20productores%2Fas%20de%20Ays%C3%A9n%20conocen%20la%20fungicultura%20y%20producci%C3%B3n%20de%20hongos%20silvestres%20comestibles&#038;url=https:\/\/radiorevelacionfm.cl\/?p=33124' aria-hidden='false' data-av_icon='\ue8f1' data-av_iconfont='entypo-fontello' title='' data-avia-related-tooltip='Compartir en Twitter' rel=\"noopener\"><span class='avia_hidden_link_text'>Compartir en Twitter<\/span><\/a><\/li><li class='av-share-link av-social-link-whatsapp' ><a target=\"_blank\" aria-label=\"Compartir en Whatsapp\" href='https:\/\/api.whatsapp.com\/send?text=https:\/\/radiorevelacionfm.cl\/?p=33124' aria-hidden='false' data-av_icon='\uf232' data-av_iconfont='entypo-fontello' title='' data-avia-related-tooltip='Compartir en Whatsapp' rel=\"noopener\"><span class='avia_hidden_link_text'>Compartir en Whatsapp<\/span><\/a><\/li><li class='av-share-link av-social-link-linkedin' ><a target=\"_blank\" aria-label=\"Compartir en LinkedIn\" href='https:\/\/linkedin.com\/shareArticle?mini=true&#038;title=Con%20gira%20al%20norte%20del%20pa%C3%ADs%20productores%2Fas%20de%20Ays%C3%A9n%20conocen%20la%20fungicultura%20y%20producci%C3%B3n%20de%20hongos%20silvestres%20comestibles&#038;url=https:\/\/radiorevelacionfm.cl\/?p=33124' aria-hidden='false' data-av_icon='\ue8fc' data-av_iconfont='entypo-fontello' title='' data-avia-related-tooltip='Compartir en LinkedIn' rel=\"noopener\"><span class='avia_hidden_link_text'>Compartir en LinkedIn<\/span><\/a><\/li><li class='av-share-link av-social-link-mail' ><a  aria-label=\"Compartir por correo\" href='mailto:?subject=Con%20gira%20al%20norte%20del%20pa%C3%ADs%20productores%2Fas%20de%20Ays%C3%A9n%20conocen%20la%20fungicultura%20y%20producci%C3%B3n%20de%20hongos%20silvestres%20comestibles&#038;body=https:\/\/radiorevelacionfm.cl\/?p=33124' aria-hidden='false' data-av_icon='\ue805' data-av_iconfont='entypo-fontello' title='' data-avia-related-tooltip='Compartir por correo'><span class='avia_hidden_link_text'>Compartir por correo<\/span><\/a><\/li><\/ul><\/div><\/div>\n<div  style='height:50px' class='hr hr-invisible   avia-builder-el-8  el_after_av_social_share  el_before_av_comments_list '><span class='hr-inner ' ><span class='hr-inner-style'><\/span><\/span><\/div>\n<div  class='av-buildercomment  av-blog-meta-html-info-disabled av-blog-meta-tag-disabled  '><\/div>\n","protected":false},"excerpt":{"rendered":"","protected":false},"author":1,"featured_media":33125,"comment_status":"open","ping_status":"open","sticky":false,"template":"","format":"standard","meta":{"footnotes":""},"categories":[58],"tags":[],"class_list":["post-33124","post","type-post","status-publish","format-standard","has-post-thumbnail","hentry","category-agricultura"],"jetpack_featured_media_url":"https:\/\/radiorevelacionfm.cl\/wp-content\/uploads\/2023\/07\/productores1-1_optimized-1.jpg","_links":{"self":[{"href":"https:\/\/radiorevelacionfm.cl\/index.php?rest_route=\/wp\/v2\/posts\/33124","targetHints":{"allow":["GET"]}}],"collection":[{"href":"https:\/\/radiorevelacionfm.cl\/index.php?rest_route=\/wp\/v2\/posts"}],"about":[{"href":"https:\/\/radiorevelacionfm.cl\/index.php?rest_route=\/wp\/v2\/types\/post"}],"author":[{"embeddable":true,"href":"https:\/\/radiorevelacionfm.cl\/index.php?rest_route=\/wp\/v2\/users\/1"}],"replies":[{"embeddable":true,"href":"https:\/\/radiorevelacionfm.cl\/index.php?rest_route=%2Fwp%2Fv2%2Fcomments&post=33124"}],"version-history":[{"count":1,"href":"https:\/\/radiorevelacionfm.cl\/index.php?rest_route=\/wp\/v2\/posts\/33124\/revisions"}],"predecessor-version":[{"id":33126,"href":"https:\/\/radiorevelacionfm.cl\/index.php?rest_route=\/wp\/v2\/posts\/33124\/revisions\/33126"}],"wp:featuredmedia":[{"embeddable":true,"href":"https:\/\/radiorevelacionfm.cl\/index.php?rest_route=\/wp\/v2\/media\/33125"}],"wp:attachment":[{"href":"https:\/\/radiorevelacionfm.cl\/index.php?rest_route=%2Fwp%2Fv2%2Fmedia&parent=33124"}],"wp:term":[{"taxonomy":"category","embeddable":true,"href":"https:\/\/radiorevelacionfm.cl\/index.php?rest_route=%2Fwp%2Fv2%2Fcategories&post=33124"},{"taxonomy":"post_tag","embeddable":true,"href":"https:\/\/radiorevelacionfm.cl\/index.php?rest_route=%2Fwp%2Fv2%2Ftags&post=33124"}],"curies":[{"name":"wp","href":"https:\/\/api.w.org\/{rel}","templated":true}]}}