{"id":33121,"date":"2023-07-21T19:33:53","date_gmt":"2023-07-21T22:33:53","guid":{"rendered":"https:\/\/radiorevelacionfm.cl\/?p=33121"},"modified":"2023-07-21T19:33:53","modified_gmt":"2023-07-21T22:33:53","slug":"cuidado-de-nuestros-adultos-mayores-gobernadora-realiza-supervision-de-eleam-en-la-region","status":"publish","type":"post","link":"https:\/\/radiorevelacionfm.cl\/?p=33121","title":{"rendered":"Cuidado de nuestros adultos mayores: Gobernadora realiza supervisi\u00f3n de ELEAM en la regi\u00f3n"},"content":{"rendered":"<div class=\"flex_column av_one_full  flex_column_div av-zero-column-padding first  avia-builder-el-0  el_before_av_one_full  avia-builder-el-first  \" style='border-radius:0px; '><div  class='avia-image-container  av-styling-    avia-builder-el-1  avia-builder-el-no-sibling  avia-align-center '  itemprop=\"image\" itemscope=\"itemscope\" itemtype=\"https:\/\/schema.org\/ImageObject\"  ><div class='avia-image-container-inner'><div class='avia-image-overlay-wrap'><img decoding=\"async\" class='wp-image-33122 avia-img-lazy-loading-not-33122 avia_image' src=\"https:\/\/radiorevelacionfm.cl\/wp-content\/uploads\/2023\/07\/ELEAM-2-1-1.jpeg\" alt='' title='ELEAM 2 (1) (1)' height=\"600\" width=\"1067\"  itemprop=\"thumbnailUrl\" srcset=\"https:\/\/radiorevelacionfm.cl\/wp-content\/uploads\/2023\/07\/ELEAM-2-1-1.jpeg 1067w, https:\/\/radiorevelacionfm.cl\/wp-content\/uploads\/2023\/07\/ELEAM-2-1-1-300x169.jpeg 300w, https:\/\/radiorevelacionfm.cl\/wp-content\/uploads\/2023\/07\/ELEAM-2-1-1-1030x579.jpeg 1030w, https:\/\/radiorevelacionfm.cl\/wp-content\/uploads\/2023\/07\/ELEAM-2-1-1-768x432.jpeg 768w, https:\/\/radiorevelacionfm.cl\/wp-content\/uploads\/2023\/07\/ELEAM-2-1-1-705x396.jpeg 705w, https:\/\/radiorevelacionfm.cl\/wp-content\/uploads\/2023\/07\/ELEAM-2-1-1-450x253.jpeg 450w, https:\/\/radiorevelacionfm.cl\/wp-content\/uploads\/2023\/07\/ELEAM-2-1-1-600x337.jpeg 600w\" sizes=\"(max-width: 1067px) 100vw, 1067px\" \/><\/div><\/div><\/div><\/div><div class=\"flex_column av_one_full  flex_column_div av-zero-column-padding first  avia-builder-el-2  el_after_av_one_full  el_before_av_one_full  column-top-margin\" style='border-radius:0px; '><section class=\"av_textblock_section \"  itemscope=\"itemscope\" itemtype=\"https:\/\/schema.org\/BlogPosting\" itemprop=\"blogPost\" ><div class='avia_textblock  '   itemprop=\"text\" ><p style=\"text-align: center;\"><strong><span style=\"font-size: 18pt;\">Cuidado de nuestros adultos mayores: Gobernadora realiza supervisi\u00f3n de ELEAM en la regi\u00f3n<\/span><\/strong><\/p>\n<div id=\"gtx-trans\" style=\"position: absolute; left: -50px; top: 4.31534px;\">\n<div class=\"gtx-trans-icon\"><\/div>\n<\/div>\n<\/div><\/section><\/div><div class=\"flex_column av_one_full  flex_column_div av-zero-column-padding first  avia-builder-el-4  el_after_av_one_full  el_before_av_hr  column-top-margin\" style='border-radius:0px; '><section class=\"av_textblock_section \"  itemscope=\"itemscope\" itemtype=\"https:\/\/schema.org\/BlogPosting\" itemprop=\"blogPost\" ><div class='avia_textblock  '   itemprop=\"text\" ><p dir=\"ltr\" style=\"text-align: justify;\">Durante este mes de julio, la Gobernadora Regional de Ays\u00e9n, Andrea Mac\u00edas Palma, junto a las y los profesionales de la Divisi\u00f3n de Desarrollo Social y Humano (DIDESOH) del Gobierno Regional, han visitado las dependencias de cuatro Establecimientos de Larga Estad\u00eda para Adultos Mayores (ELEAM) en diferentes comunas, para realizar labores de supervisi\u00f3n y fiscalizaci\u00f3n de su funcionamiento.<\/p>\n<p dir=\"ltr\" style=\"text-align: justify;\">Al Ejecutivo regional le corresponde esta tarea debido a que apoya financieramente a estas organizaciones, tanto a las p\u00fablicas como a las privadas, a trav\u00e9s del \u00abSubsidio Anual de Operaci\u00f3n para el Funcionamiento\u00bb, el cual se otorga para que estos centros puedan brindar una mejor calidad de vida y atenci\u00f3n a las y los adultos mayores que en ellos residen.<\/p>\n<p dir=\"ltr\" style=\"text-align: justify;\">\u00abNosotros como Gobierno Regional hacemos un aporte, para poder contar de manera permanente con equipos profesionales para que quienes residen en los ELEAM puedan acceder a todas las prestaciones, porque estos hogares reciben a personas mayores que muchas veces est\u00e1n en estado de abandono u otras situaciones. Si bien muchos de estos centros tienen una infraestructura antigua, se nota dentro el cari\u00f1o, el trabajo, el cuidado, y c\u00f3mo est\u00e1n atendidas las personas\u00bb, se\u00f1al\u00f3 la Gobernadora Andrea Mac\u00edas Palma.<\/p>\n<p dir=\"ltr\" style=\"text-align: justify;\">Los hogares que fueron visitados por nuestra primera autoridad regional y por el equipo de la DIDESOH, debido a que recibieron subsidio este 2023, corresponden a: el ELEAM Padre Antonio Ronchi de Coyhaique, que atiende a 70 personas (subsidio de $287.280.000); el ELEAM Eliana Contreras Monje, que atiende a 43 personas (subsidio de $203.055.468); el ELEAM San Bernardo de Puerto Ays\u00e9n, que atiende a 7 personas (subsidio de $ 32.000.000); y el ELEAM de Chile Chico, que atiende a 7 personas (subsidio de $36.053.423).<\/p>\n<p dir=\"ltr\" style=\"text-align: justify;\">\u00abUna parte importante del trabajo que realiza la Divisi\u00f3n de Desarrollo Social y Humano del Gobierno Regional tiene que ver con realizar el seguimiento de los ELEAM, considerando que son tremendamente importantes para las personas mayores de nuestra regi\u00f3n. En estos centros se pone \u00e9nfasis en permitir su v\u00ednculo con la comunidad, mantener los lazos con las familias, y adem\u00e1s, realizar un trabajo interno para desarrollar la identidad, personal y comunitaria, de las y los adultos mayores\u00bb, recalc\u00f3 la jefa de la Divisi\u00f3n de Desarrollo Social y Humano, Vania C\u00e1ceres.<\/p>\n<p dir=\"ltr\" style=\"text-align: justify;\">La \u00faltima semana de julio continuar\u00e1n las supervisiones de los diferentes ELEAM que reciben apoyo de parte del Gobierno Regional, cuando representantes de la instituci\u00f3n visiten las instalaciones del ELEAM Los Arrieros en la comuna de Cochrane.<\/p>\n<\/div><\/section><\/div><div  style='height:50px' class='hr hr-invisible   avia-builder-el-6  el_after_av_one_full  el_before_av_social_share '><span class='hr-inner ' ><span class='hr-inner-style'><\/span><\/span><\/div><\/p>\n<div  class='av-social-sharing-box  avia-builder-el-7  el_after_av_hr  el_before_av_hr  '><div class='av-share-box'><h5 class='av-share-link-description av-no-toc '>Compartir esta noticia<\/h5><ul class='av-share-box-list noLightbox'><li class='av-share-link av-social-link-facebook' ><a target=\"_blank\" aria-label=\"Compartir en Facebook\" href='https:\/\/www.facebook.com\/sharer.php?u=https:\/\/radiorevelacionfm.cl\/?p=33121&#038;t=Cuidado%20de%20nuestros%20adultos%20mayores%3A%20Gobernadora%20realiza%20supervisi%C3%B3n%20de%20ELEAM%20en%20la%20regi%C3%B3n' aria-hidden='false' data-av_icon='\ue8f3' data-av_iconfont='entypo-fontello' title='' data-avia-related-tooltip='Compartir en Facebook' rel=\"noopener\"><span class='avia_hidden_link_text'>Compartir en Facebook<\/span><\/a><\/li><li class='av-share-link av-social-link-twitter' ><a target=\"_blank\" aria-label=\"Compartir en Twitter\" href='https:\/\/twitter.com\/share?text=Cuidado%20de%20nuestros%20adultos%20mayores%3A%20Gobernadora%20realiza%20supervisi%C3%B3n%20de%20ELEAM%20en%20la%20regi%C3%B3n&#038;url=https:\/\/radiorevelacionfm.cl\/?p=33121' aria-hidden='false' data-av_icon='\ue8f1' data-av_iconfont='entypo-fontello' title='' data-avia-related-tooltip='Compartir en Twitter' rel=\"noopener\"><span class='avia_hidden_link_text'>Compartir en Twitter<\/span><\/a><\/li><li class='av-share-link av-social-link-whatsapp' ><a target=\"_blank\" aria-label=\"Compartir en Whatsapp\" href='https:\/\/api.whatsapp.com\/send?text=https:\/\/radiorevelacionfm.cl\/?p=33121' aria-hidden='false' data-av_icon='\uf232' data-av_iconfont='entypo-fontello' title='' data-avia-related-tooltip='Compartir en Whatsapp' rel=\"noopener\"><span class='avia_hidden_link_text'>Compartir en Whatsapp<\/span><\/a><\/li><li class='av-share-link av-social-link-linkedin' ><a target=\"_blank\" aria-label=\"Compartir en LinkedIn\" href='https:\/\/linkedin.com\/shareArticle?mini=true&#038;title=Cuidado%20de%20nuestros%20adultos%20mayores%3A%20Gobernadora%20realiza%20supervisi%C3%B3n%20de%20ELEAM%20en%20la%20regi%C3%B3n&#038;url=https:\/\/radiorevelacionfm.cl\/?p=33121' aria-hidden='false' data-av_icon='\ue8fc' data-av_iconfont='entypo-fontello' title='' data-avia-related-tooltip='Compartir en LinkedIn' rel=\"noopener\"><span class='avia_hidden_link_text'>Compartir en LinkedIn<\/span><\/a><\/li><li class='av-share-link av-social-link-mail' ><a  aria-label=\"Compartir por correo\" href='mailto:?subject=Cuidado%20de%20nuestros%20adultos%20mayores%3A%20Gobernadora%20realiza%20supervisi%C3%B3n%20de%20ELEAM%20en%20la%20regi%C3%B3n&#038;body=https:\/\/radiorevelacionfm.cl\/?p=33121' aria-hidden='false' data-av_icon='\ue805' data-av_iconfont='entypo-fontello' title='' data-avia-related-tooltip='Compartir por correo'><span class='avia_hidden_link_text'>Compartir por correo<\/span><\/a><\/li><\/ul><\/div><\/div>\n<div  style='height:50px' class='hr hr-invisible   avia-builder-el-8  el_after_av_social_share  el_before_av_comments_list '><span class='hr-inner ' ><span class='hr-inner-style'><\/span><\/span><\/div>\n<div  class='av-buildercomment  av-blog-meta-html-info-disabled av-blog-meta-tag-disabled  '><\/div>\n","protected":false},"excerpt":{"rendered":"","protected":false},"author":1,"featured_media":33122,"comment_status":"open","ping_status":"open","sticky":false,"template":"","format":"standard","meta":{"footnotes":""},"categories":[38],"tags":[],"class_list":["post-33121","post","type-post","status-publish","format-standard","has-post-thumbnail","hentry","category-regional"],"jetpack_featured_media_url":"https:\/\/radiorevelacionfm.cl\/wp-content\/uploads\/2023\/07\/ELEAM-2-1-1.jpeg","_links":{"self":[{"href":"https:\/\/radiorevelacionfm.cl\/index.php?rest_route=\/wp\/v2\/posts\/33121","targetHints":{"allow":["GET"]}}],"collection":[{"href":"https:\/\/radiorevelacionfm.cl\/index.php?rest_route=\/wp\/v2\/posts"}],"about":[{"href":"https:\/\/radiorevelacionfm.cl\/index.php?rest_route=\/wp\/v2\/types\/post"}],"author":[{"embeddable":true,"href":"https:\/\/radiorevelacionfm.cl\/index.php?rest_route=\/wp\/v2\/users\/1"}],"replies":[{"embeddable":true,"href":"https:\/\/radiorevelacionfm.cl\/index.php?rest_route=%2Fwp%2Fv2%2Fcomments&post=33121"}],"version-history":[{"count":1,"href":"https:\/\/radiorevelacionfm.cl\/index.php?rest_route=\/wp\/v2\/posts\/33121\/revisions"}],"predecessor-version":[{"id":33123,"href":"https:\/\/radiorevelacionfm.cl\/index.php?rest_route=\/wp\/v2\/posts\/33121\/revisions\/33123"}],"wp:featuredmedia":[{"embeddable":true,"href":"https:\/\/radiorevelacionfm.cl\/index.php?rest_route=\/wp\/v2\/media\/33122"}],"wp:attachment":[{"href":"https:\/\/radiorevelacionfm.cl\/index.php?rest_route=%2Fwp%2Fv2%2Fmedia&parent=33121"}],"wp:term":[{"taxonomy":"category","embeddable":true,"href":"https:\/\/radiorevelacionfm.cl\/index.php?rest_route=%2Fwp%2Fv2%2Fcategories&post=33121"},{"taxonomy":"post_tag","embeddable":true,"href":"https:\/\/radiorevelacionfm.cl\/index.php?rest_route=%2Fwp%2Fv2%2Ftags&post=33121"}],"curies":[{"name":"wp","href":"https:\/\/api.w.org\/{rel}","templated":true}]}}