{"id":3312,"date":"2021-04-20T14:51:13","date_gmt":"2021-04-20T17:51:13","guid":{"rendered":"https:\/\/radiorevelacionfm.cl\/?p=3312"},"modified":"2021-04-20T14:51:13","modified_gmt":"2021-04-20T17:51:13","slug":"amplian-ingreso-familiar-de-emergencia-para-apoyar-a-mas-familias-en-pandemia","status":"publish","type":"post","link":"https:\/\/radiorevelacionfm.cl\/?p=3312","title":{"rendered":"Ampl\u00edan Ingreso Familiar de Emergencia para apoyar a m\u00e1s familias en pandemia"},"content":{"rendered":"<div class=\"flex_column av_one_full  flex_column_div av-zero-column-padding first  avia-builder-el-0  el_before_av_one_full  avia-builder-el-first  \" style='border-radius:0px; '><div  class='avia-image-container  av-styling-    avia-builder-el-1  avia-builder-el-no-sibling  avia-align-center '  itemprop=\"image\" itemscope=\"itemscope\" itemtype=\"https:\/\/schema.org\/ImageObject\"  ><div class='avia-image-container-inner'><div class='avia-image-overlay-wrap'><img decoding=\"async\" class='wp-image-0 avia-img-lazy-loading-not-0 avia_image' src=\"https:\/\/radiorevelacionfm.cl\/wp-content\/uploads\/2021\/04\/image-11-2.png\" alt='' title=''   itemprop=\"thumbnailUrl\"  \/><\/div><\/div><\/div><\/div><div class=\"flex_column av_one_full  flex_column_div av-zero-column-padding first  avia-builder-el-2  el_after_av_one_full  el_before_av_one_full  column-top-margin\" style='border-radius:0px; '><section class=\"av_textblock_section \"  itemscope=\"itemscope\" itemtype=\"https:\/\/schema.org\/BlogPosting\" itemprop=\"blogPost\" ><div class='avia_textblock  '   itemprop=\"text\" ><p style=\"text-align: center;\"><span style=\"font-size: 18pt;\"><strong>Ampl\u00edan Ingreso Familiar de Emergencia para apoyar a m\u00e1s familias en pandemia<\/strong><\/span><\/p>\n<div id=\"gtx-trans\" style=\"position: absolute; left: -50px; top: 4.31534px;\">\n<div class=\"gtx-trans-icon\"><\/div>\n<\/div>\n<\/div><\/section><\/div><div class=\"flex_column av_one_full  flex_column_div av-zero-column-padding first  avia-builder-el-4  el_after_av_one_full  el_before_av_hr  column-top-margin\" style='border-radius:0px; '><section class=\"av_textblock_section \"  itemscope=\"itemscope\" itemtype=\"https:\/\/schema.org\/BlogPosting\" itemprop=\"blogPost\" ><div class='avia_textblock  '   itemprop=\"text\" ><p style=\"text-align: justify;\">Durante los meses de abril, mayo y junio se entregar\u00e1 este beneficio.<\/p>\n<p style=\"text-align: justify;\">El Presidente Pi\u00f1era dio a conocer un nuevo fortalecimiento a la Red de Protecci\u00f3n Social impulsada por el Gobierno para apoyar a las familias que se han visto afectadas por la extensi\u00f3n y profundidad de la pandemia.<\/p>\n<p style=\"text-align: justify;\">Al respecto el Gobernador de la provincia Manuel Ortiz se refer\u00eda a este nuevo anuncio presidencial \u201cdecirles a nuestra comunidad que se extiende el beneficio de este apoyo para nuestras familias de una manera significativa, porque esta vez no requiere requisitos de postulaci\u00f3n a este beneficio como lo ten\u00edamos, recordemos que al IFE anterior la comuna no pudo postular porque nosotros no estuvimos en fase 1 en el periodo que requer\u00eda para poder postular a este bono, hoy es para todas las comunas del pa\u00eds independientemente en la fase que est\u00e9n, por lo tanto todas las personas que tienen hasta el 80% en su Registro Social de Hogares podr\u00e1n postular sin ninguna dificultad y obtendr\u00e1n el bono correspondiente a 100 mil pesos por integrante del n\u00facleo familiar\u201d.<\/p>\n<p style=\"text-align: justify;\">Si por alguna raz\u00f3n alguna persona no pueda realizar este tr\u00e1mite, en la gobernaci\u00f3n de Ays\u00e9n habr\u00e1 dos funcionarias que estar\u00e1n apoy\u00e1ndoles en este proceso \u201ccualquier duda que ustedes tengan, nosotros en la gobernaci\u00f3n vamos a tener a dos funcionarias encargadas de hacer la postulaci\u00f3n a quienes no lo puedan hacer en su hogar\u201d.<\/p>\n<p style=\"text-align: justify;\">Este nuevo y reforzado IFE tendr\u00e1 un costo para el Estado U$ 5.500 millones y se financiar\u00e1 con recursos p\u00fablicos, sin afectar los ahorros previsionales y sin disminuir las pensiones de los chilenos. A modo de ejemplificar el esfuerzo que est\u00e1 realizando el Gobierno, entre abril y junio 2021 se entregar\u00e1 m\u00e1s de lo que se entreg\u00f3 en todo 2020.<\/p>\n<\/div><\/section><\/div><div  style='height:50px' class='hr hr-invisible   avia-builder-el-6  el_after_av_one_full  el_before_av_social_share '><span class='hr-inner ' ><span class='hr-inner-style'><\/span><\/span><\/div><\/p>\n<div  class='av-social-sharing-box  avia-builder-el-7  el_after_av_hr  el_before_av_hr  '><div class='av-share-box'><h5 class='av-share-link-description av-no-toc '>Compartir esta noticia<\/h5><ul class='av-share-box-list noLightbox'><li class='av-share-link av-social-link-facebook' ><a target=\"_blank\" aria-label=\"Compartir en Facebook\" href='https:\/\/www.facebook.com\/sharer.php?u=https:\/\/radiorevelacionfm.cl\/?p=3312&#038;t=Ampl%C3%ADan%20Ingreso%20Familiar%20de%20Emergencia%20para%20apoyar%20a%20m%C3%A1s%20familias%20en%20pandemia' aria-hidden='false' data-av_icon='\ue8f3' data-av_iconfont='entypo-fontello' title='' data-avia-related-tooltip='Compartir en Facebook' rel=\"noopener\"><span class='avia_hidden_link_text'>Compartir en Facebook<\/span><\/a><\/li><li class='av-share-link av-social-link-twitter' ><a target=\"_blank\" aria-label=\"Compartir en Twitter\" href='https:\/\/twitter.com\/share?text=Ampl%C3%ADan%20Ingreso%20Familiar%20de%20Emergencia%20para%20apoyar%20a%20m%C3%A1s%20familias%20en%20pandemia&#038;url=https:\/\/radiorevelacionfm.cl\/?p=3312' aria-hidden='false' data-av_icon='\ue8f1' data-av_iconfont='entypo-fontello' title='' data-avia-related-tooltip='Compartir en Twitter' rel=\"noopener\"><span class='avia_hidden_link_text'>Compartir en Twitter<\/span><\/a><\/li><li class='av-share-link av-social-link-whatsapp' ><a target=\"_blank\" aria-label=\"Compartir en Whatsapp\" href='https:\/\/api.whatsapp.com\/send?text=https:\/\/radiorevelacionfm.cl\/?p=3312' aria-hidden='false' data-av_icon='\uf232' data-av_iconfont='entypo-fontello' title='' data-avia-related-tooltip='Compartir en Whatsapp' rel=\"noopener\"><span class='avia_hidden_link_text'>Compartir en Whatsapp<\/span><\/a><\/li><li class='av-share-link av-social-link-linkedin' ><a target=\"_blank\" aria-label=\"Compartir en LinkedIn\" href='https:\/\/linkedin.com\/shareArticle?mini=true&#038;title=Ampl%C3%ADan%20Ingreso%20Familiar%20de%20Emergencia%20para%20apoyar%20a%20m%C3%A1s%20familias%20en%20pandemia&#038;url=https:\/\/radiorevelacionfm.cl\/?p=3312' aria-hidden='false' data-av_icon='\ue8fc' data-av_iconfont='entypo-fontello' title='' data-avia-related-tooltip='Compartir en LinkedIn' rel=\"noopener\"><span class='avia_hidden_link_text'>Compartir en LinkedIn<\/span><\/a><\/li><li class='av-share-link av-social-link-mail' ><a  aria-label=\"Compartir por correo\" href='mailto:?subject=Ampl%C3%ADan%20Ingreso%20Familiar%20de%20Emergencia%20para%20apoyar%20a%20m%C3%A1s%20familias%20en%20pandemia&#038;body=https:\/\/radiorevelacionfm.cl\/?p=3312' aria-hidden='false' data-av_icon='\ue805' data-av_iconfont='entypo-fontello' title='' data-avia-related-tooltip='Compartir por correo'><span class='avia_hidden_link_text'>Compartir por correo<\/span><\/a><\/li><\/ul><\/div><\/div>\n<div  style='height:50px' class='hr hr-invisible   avia-builder-el-8  el_after_av_social_share  el_before_av_comments_list '><span class='hr-inner ' ><span class='hr-inner-style'><\/span><\/span><\/div>\n<div  class='av-buildercomment  av-blog-meta-html-info-disabled av-blog-meta-tag-disabled  '><\/div>\n","protected":false},"excerpt":{"rendered":"","protected":false},"author":1,"featured_media":0,"comment_status":"open","ping_status":"open","sticky":false,"template":"","format":"standard","meta":{"footnotes":""},"categories":[38],"tags":[],"class_list":["post-3312","post","type-post","status-publish","format-standard","hentry","category-regional"],"jetpack_featured_media_url":"","_links":{"self":[{"href":"https:\/\/radiorevelacionfm.cl\/index.php?rest_route=\/wp\/v2\/posts\/3312","targetHints":{"allow":["GET"]}}],"collection":[{"href":"https:\/\/radiorevelacionfm.cl\/index.php?rest_route=\/wp\/v2\/posts"}],"about":[{"href":"https:\/\/radiorevelacionfm.cl\/index.php?rest_route=\/wp\/v2\/types\/post"}],"author":[{"embeddable":true,"href":"https:\/\/radiorevelacionfm.cl\/index.php?rest_route=\/wp\/v2\/users\/1"}],"replies":[{"embeddable":true,"href":"https:\/\/radiorevelacionfm.cl\/index.php?rest_route=%2Fwp%2Fv2%2Fcomments&post=3312"}],"version-history":[{"count":1,"href":"https:\/\/radiorevelacionfm.cl\/index.php?rest_route=\/wp\/v2\/posts\/3312\/revisions"}],"predecessor-version":[{"id":3314,"href":"https:\/\/radiorevelacionfm.cl\/index.php?rest_route=\/wp\/v2\/posts\/3312\/revisions\/3314"}],"wp:attachment":[{"href":"https:\/\/radiorevelacionfm.cl\/index.php?rest_route=%2Fwp%2Fv2%2Fmedia&parent=3312"}],"wp:term":[{"taxonomy":"category","embeddable":true,"href":"https:\/\/radiorevelacionfm.cl\/index.php?rest_route=%2Fwp%2Fv2%2Fcategories&post=3312"},{"taxonomy":"post_tag","embeddable":true,"href":"https:\/\/radiorevelacionfm.cl\/index.php?rest_route=%2Fwp%2Fv2%2Ftags&post=3312"}],"curies":[{"name":"wp","href":"https:\/\/api.w.org\/{rel}","templated":true}]}}