{"id":33094,"date":"2023-07-20T17:41:43","date_gmt":"2023-07-20T20:41:43","guid":{"rendered":"https:\/\/radiorevelacionfm.cl\/?p=33094"},"modified":"2023-07-20T17:41:43","modified_gmt":"2023-07-20T20:41:43","slug":"emprendedoras-es-derivados-del-instituto-teleton-inician-talleres-formativos-con-el-fosis","status":"publish","type":"post","link":"https:\/\/radiorevelacionfm.cl\/?p=33094","title":{"rendered":"Emprendedoras\/es derivados del Instituto Telet\u00f3n inician talleres formativos con el FOSIS"},"content":{"rendered":"<div class=\"flex_column av_one_full  flex_column_div av-zero-column-padding first  avia-builder-el-0  el_before_av_one_full  avia-builder-el-first  \" style='border-radius:0px; '><div  class='avia-image-container  av-styling-    avia-builder-el-1  avia-builder-el-no-sibling  avia-align-center '  itemprop=\"image\" itemscope=\"itemscope\" itemtype=\"https:\/\/schema.org\/ImageObject\"  ><div class='avia-image-container-inner'><div class='avia-image-overlay-wrap'><img decoding=\"async\" class='wp-image-33095 avia-img-lazy-loading-not-33095 avia_image' src=\"https:\/\/radiorevelacionfm.cl\/wp-content\/uploads\/2023\/07\/1-ES-Teleton-1-1.jpg\" alt='' title='1 ES Telet\u00f3n (1) (1)' height=\"600\" width=\"1066\"  itemprop=\"thumbnailUrl\" srcset=\"https:\/\/radiorevelacionfm.cl\/wp-content\/uploads\/2023\/07\/1-ES-Teleton-1-1.jpg 1066w, https:\/\/radiorevelacionfm.cl\/wp-content\/uploads\/2023\/07\/1-ES-Teleton-1-1-300x169.jpg 300w, https:\/\/radiorevelacionfm.cl\/wp-content\/uploads\/2023\/07\/1-ES-Teleton-1-1-1030x580.jpg 1030w, https:\/\/radiorevelacionfm.cl\/wp-content\/uploads\/2023\/07\/1-ES-Teleton-1-1-768x432.jpg 768w, https:\/\/radiorevelacionfm.cl\/wp-content\/uploads\/2023\/07\/1-ES-Teleton-1-1-705x397.jpg 705w, https:\/\/radiorevelacionfm.cl\/wp-content\/uploads\/2023\/07\/1-ES-Teleton-1-1-450x253.jpg 450w, https:\/\/radiorevelacionfm.cl\/wp-content\/uploads\/2023\/07\/1-ES-Teleton-1-1-600x338.jpg 600w\" sizes=\"(max-width: 1066px) 100vw, 1066px\" \/><\/div><\/div><\/div><\/div><div class=\"flex_column av_one_full  flex_column_div av-zero-column-padding first  avia-builder-el-2  el_after_av_one_full  el_before_av_one_full  column-top-margin\" style='border-radius:0px; '><section class=\"av_textblock_section \"  itemscope=\"itemscope\" itemtype=\"https:\/\/schema.org\/BlogPosting\" itemprop=\"blogPost\" ><div class='avia_textblock  '   itemprop=\"text\" ><p style=\"text-align: center;\"><span style=\"font-size: 18pt;\"><strong>Emprendedoras\/es derivados del Instituto Telet\u00f3n inician talleres formativos con el FOSIS<\/strong><\/span><\/p>\n<div id=\"gtx-trans\" style=\"position: absolute; left: -50px; top: 4.31534px;\">\n<div class=\"gtx-trans-icon\"><\/div>\n<\/div>\n<\/div><\/section><\/div><div class=\"flex_column av_one_full  flex_column_div av-zero-column-padding first  avia-builder-el-4  el_after_av_one_full  el_before_av_hr  column-top-margin\" style='border-radius:0px; '><section class=\"av_textblock_section \"  itemscope=\"itemscope\" itemtype=\"https:\/\/schema.org\/BlogPosting\" itemprop=\"blogPost\" ><div class='avia_textblock  '   itemprop=\"text\" ><p style=\"text-align: justify;\">La actividad de inicio de talleres de capacitaci\u00f3n y firma de acta de compromiso cont\u00f3 con la presencia de la Seremi de Desarrollo Social y Familia, Karina Acevedo; la Directora Regional del FOSIS Ays\u00e9n, Fernanda Leiva y profesionales del Instituto Telet\u00f3n; quienes compartieron en esta instancia de bienvenida para usuarias y usuarios que buscan concretar sus ideas de negocio o fortalecer sus emprendimientos ya existentes.<\/p>\n<p style=\"text-align: justify;\">Los usuarios y usuarias seleccionadas de programas Emprendamos Semilla, durante la ceremonia de inicio, reafirmaron su voluntad de participaci\u00f3n y se comprometieron a cumplir con todas las etapas consideradas por este proyecto, que les entregar\u00e1 capacitaciones, asesor\u00edas t\u00e9cnicas y el financiamiento de un plan de negocios para adquirir insumos, equipamiento, herramientas o maquinaria.<\/p>\n<p style=\"text-align: justify;\">Maribel Ovando, due\u00f1a de casa y cuidadora, quien inicia su proceso formativo en el programa Emprendamos Semilla ejecutado en la comuna de Coyhaique, se mostr\u00f3 agradecida de esta oportunidad de crecimiento. \u201cTengo una idea de negocio y quiero aprovechar esta instancia para poder llevarla a cabo, por eso agradezco mucho el apoyo del FOSIS. Mi idea de negocio es relacionada con la peluquer\u00eda, donde estoy tomando un curso ahora para enfocarme en desarrollar este proyecto, as\u00ed que estamos tomando todos los apoyos que se nos entregan, especialmente desde el FOSIS\u201d.<\/p>\n<p style=\"text-align: justify;\">Por su lado Karina Acevedo, Seremi de Desarrollo Social y Familia, puso en valor lo que logran las usuarias y usuarios tras estos talleres que imparte el FOSIS. \u201cDurante todo este proceso van a recibir una cantidad de capacitaciones y talleres, que sin duda van a beneficiar a cada uno de los emprendedores y nos tiene muy contentos poder dar respuesta a lo que nos pusimos como meta desde el Ministerio de acuerdo a los compromisos del presidente Boric. Este programa es especial, lo que buscamos es inclusi\u00f3n entreg\u00e1ndoles herramientas y conocimiento para que puedan emprender, y por supuesto potenciar sus capacidades en esta ruta del emprendimiento. Sin duda despu\u00e9s de esta capacitaci\u00f3n hay un antes y despu\u00e9s para nuestros usuarios que participar\u00e1n de estos talleres\u201d.<\/p>\n<p style=\"text-align: justify;\">Fernanda Leiva, Directora Regional del FOSIS Ays\u00e9n, valor\u00f3 el compromiso de los usuarios y usuarias que iniciaron su proceso formativo y asegur\u00f3 que \u00abEstamos muy contentos de estar dando la bienvenida a nuestras nuevas usuarias y usuarios que inician sus talleres del programa Emprendamos Semilla en Coyhaique, con familias derivadas desde el Instituto Telet\u00f3n, para poder recibirlos como corresponde y darles toda la motivaci\u00f3n que necesitan en este camino del emprendimiento. Sabemos que la mayor\u00eda de las y los participantes son personas cuidadoras y que para su bienestar tambi\u00e9n necesitan un espacio para desarrollarse laboral o profesionalmente, junto con aumentar su generaci\u00f3n de ingresos\u00bb.<\/p>\n<p style=\"text-align: justify;\">El programa Emprendamos Semilla entrega apoyo para que desarrollar un negocio o trabajo independiente que permita generar o aumentar ingresos y est\u00e1 dirigido a quienes tienen una idea de negocio o quieren empezar un emprendimiento y que no tienen trabajo o tienen un trabajo precario.<\/p>\n<\/div><\/section><\/div><div  style='height:50px' class='hr hr-invisible   avia-builder-el-6  el_after_av_one_full  el_before_av_social_share '><span class='hr-inner ' ><span class='hr-inner-style'><\/span><\/span><\/div><\/p>\n<div  class='av-social-sharing-box  avia-builder-el-7  el_after_av_hr  el_before_av_hr  '><div class='av-share-box'><h5 class='av-share-link-description av-no-toc '>Compartir esta noticia<\/h5><ul class='av-share-box-list noLightbox'><li class='av-share-link av-social-link-facebook' ><a target=\"_blank\" aria-label=\"Compartir en Facebook\" href='https:\/\/www.facebook.com\/sharer.php?u=https:\/\/radiorevelacionfm.cl\/?p=33094&#038;t=Emprendedoras%2Fes%20derivados%20del%20Instituto%20Telet%C3%B3n%20inician%20talleres%20formativos%20con%20el%20FOSIS' aria-hidden='false' data-av_icon='\ue8f3' data-av_iconfont='entypo-fontello' title='' data-avia-related-tooltip='Compartir en Facebook' rel=\"noopener\"><span class='avia_hidden_link_text'>Compartir en Facebook<\/span><\/a><\/li><li class='av-share-link av-social-link-twitter' ><a target=\"_blank\" aria-label=\"Compartir en Twitter\" href='https:\/\/twitter.com\/share?text=Emprendedoras%2Fes%20derivados%20del%20Instituto%20Telet%C3%B3n%20inician%20talleres%20formativos%20con%20el%20FOSIS&#038;url=https:\/\/radiorevelacionfm.cl\/?p=33094' aria-hidden='false' data-av_icon='\ue8f1' data-av_iconfont='entypo-fontello' title='' data-avia-related-tooltip='Compartir en Twitter' rel=\"noopener\"><span class='avia_hidden_link_text'>Compartir en Twitter<\/span><\/a><\/li><li class='av-share-link av-social-link-whatsapp' ><a target=\"_blank\" aria-label=\"Compartir en Whatsapp\" href='https:\/\/api.whatsapp.com\/send?text=https:\/\/radiorevelacionfm.cl\/?p=33094' aria-hidden='false' data-av_icon='\uf232' data-av_iconfont='entypo-fontello' title='' data-avia-related-tooltip='Compartir en Whatsapp' rel=\"noopener\"><span class='avia_hidden_link_text'>Compartir en Whatsapp<\/span><\/a><\/li><li class='av-share-link av-social-link-linkedin' ><a target=\"_blank\" aria-label=\"Compartir en LinkedIn\" href='https:\/\/linkedin.com\/shareArticle?mini=true&#038;title=Emprendedoras%2Fes%20derivados%20del%20Instituto%20Telet%C3%B3n%20inician%20talleres%20formativos%20con%20el%20FOSIS&#038;url=https:\/\/radiorevelacionfm.cl\/?p=33094' aria-hidden='false' data-av_icon='\ue8fc' data-av_iconfont='entypo-fontello' title='' data-avia-related-tooltip='Compartir en LinkedIn' rel=\"noopener\"><span class='avia_hidden_link_text'>Compartir en LinkedIn<\/span><\/a><\/li><li class='av-share-link av-social-link-mail' ><a  aria-label=\"Compartir por correo\" href='mailto:?subject=Emprendedoras%2Fes%20derivados%20del%20Instituto%20Telet%C3%B3n%20inician%20talleres%20formativos%20con%20el%20FOSIS&#038;body=https:\/\/radiorevelacionfm.cl\/?p=33094' aria-hidden='false' data-av_icon='\ue805' data-av_iconfont='entypo-fontello' title='' data-avia-related-tooltip='Compartir por correo'><span class='avia_hidden_link_text'>Compartir por correo<\/span><\/a><\/li><\/ul><\/div><\/div>\n<div  style='height:50px' class='hr hr-invisible   avia-builder-el-8  el_after_av_social_share  el_before_av_comments_list '><span class='hr-inner ' ><span class='hr-inner-style'><\/span><\/span><\/div>\n<div  class='av-buildercomment  av-blog-meta-html-info-disabled av-blog-meta-tag-disabled  '><\/div>\n","protected":false},"excerpt":{"rendered":"","protected":false},"author":1,"featured_media":33095,"comment_status":"open","ping_status":"open","sticky":false,"template":"","format":"standard","meta":{"footnotes":""},"categories":[38],"tags":[],"class_list":["post-33094","post","type-post","status-publish","format-standard","has-post-thumbnail","hentry","category-regional"],"jetpack_featured_media_url":"https:\/\/radiorevelacionfm.cl\/wp-content\/uploads\/2023\/07\/1-ES-Teleton-1-1.jpg","_links":{"self":[{"href":"https:\/\/radiorevelacionfm.cl\/index.php?rest_route=\/wp\/v2\/posts\/33094","targetHints":{"allow":["GET"]}}],"collection":[{"href":"https:\/\/radiorevelacionfm.cl\/index.php?rest_route=\/wp\/v2\/posts"}],"about":[{"href":"https:\/\/radiorevelacionfm.cl\/index.php?rest_route=\/wp\/v2\/types\/post"}],"author":[{"embeddable":true,"href":"https:\/\/radiorevelacionfm.cl\/index.php?rest_route=\/wp\/v2\/users\/1"}],"replies":[{"embeddable":true,"href":"https:\/\/radiorevelacionfm.cl\/index.php?rest_route=%2Fwp%2Fv2%2Fcomments&post=33094"}],"version-history":[{"count":1,"href":"https:\/\/radiorevelacionfm.cl\/index.php?rest_route=\/wp\/v2\/posts\/33094\/revisions"}],"predecessor-version":[{"id":33096,"href":"https:\/\/radiorevelacionfm.cl\/index.php?rest_route=\/wp\/v2\/posts\/33094\/revisions\/33096"}],"wp:featuredmedia":[{"embeddable":true,"href":"https:\/\/radiorevelacionfm.cl\/index.php?rest_route=\/wp\/v2\/media\/33095"}],"wp:attachment":[{"href":"https:\/\/radiorevelacionfm.cl\/index.php?rest_route=%2Fwp%2Fv2%2Fmedia&parent=33094"}],"wp:term":[{"taxonomy":"category","embeddable":true,"href":"https:\/\/radiorevelacionfm.cl\/index.php?rest_route=%2Fwp%2Fv2%2Fcategories&post=33094"},{"taxonomy":"post_tag","embeddable":true,"href":"https:\/\/radiorevelacionfm.cl\/index.php?rest_route=%2Fwp%2Fv2%2Ftags&post=33094"}],"curies":[{"name":"wp","href":"https:\/\/api.w.org\/{rel}","templated":true}]}}