{"id":3309,"date":"2021-04-20T13:45:49","date_gmt":"2021-04-20T16:45:49","guid":{"rendered":"https:\/\/radiorevelacionfm.cl\/?p=3309"},"modified":"2021-04-20T13:45:49","modified_gmt":"2021-04-20T16:45:49","slug":"en-melinka-detienen-a-dos-sujetos-por-infraccion-al-toque-de-queda","status":"publish","type":"post","link":"https:\/\/radiorevelacionfm.cl\/?p=3309","title":{"rendered":"En Melinka detienen a dos sujetos por infracci\u00f3n al toque de queda"},"content":{"rendered":"<div class=\"flex_column av_one_full  flex_column_div av-zero-column-padding first  avia-builder-el-0  el_before_av_one_full  avia-builder-el-first  \" style='border-radius:0px; '><div  class='avia-image-container  av-styling-    avia-builder-el-1  avia-builder-el-no-sibling  avia-align-center '  itemprop=\"image\" itemscope=\"itemscope\" itemtype=\"https:\/\/schema.org\/ImageObject\"  ><div class='avia-image-container-inner'><div class='avia-image-overlay-wrap'><img decoding=\"async\" class='wp-image-3310 avia-img-lazy-loading-not-3310 avia_image' src=\"https:\/\/radiorevelacionfm.cl\/wp-content\/uploads\/2021\/04\/PDI-mELINKA.jpg\" alt='' title='PDI mELINKA' height=\"660\" width=\"1280\"  itemprop=\"thumbnailUrl\" srcset=\"https:\/\/radiorevelacionfm.cl\/wp-content\/uploads\/2021\/04\/PDI-mELINKA.jpg 1280w, https:\/\/radiorevelacionfm.cl\/wp-content\/uploads\/2021\/04\/PDI-mELINKA-300x155.jpg 300w, https:\/\/radiorevelacionfm.cl\/wp-content\/uploads\/2021\/04\/PDI-mELINKA-1030x531.jpg 1030w, https:\/\/radiorevelacionfm.cl\/wp-content\/uploads\/2021\/04\/PDI-mELINKA-768x396.jpg 768w, https:\/\/radiorevelacionfm.cl\/wp-content\/uploads\/2021\/04\/PDI-mELINKA-705x364.jpg 705w, https:\/\/radiorevelacionfm.cl\/wp-content\/uploads\/2021\/04\/PDI-mELINKA-600x309.jpg 600w\" sizes=\"(max-width: 1280px) 100vw, 1280px\" \/><\/div><\/div><\/div><\/div><div class=\"flex_column av_one_full  flex_column_div av-zero-column-padding first  avia-builder-el-2  el_after_av_one_full  el_before_av_one_full  column-top-margin\" style='border-radius:0px; '><section class=\"av_textblock_section \"  itemscope=\"itemscope\" itemtype=\"https:\/\/schema.org\/BlogPosting\" itemprop=\"blogPost\" ><div class='avia_textblock  '   itemprop=\"text\" ><p style=\"text-align: center;\"><strong><span style=\"font-size: 18pt;\">En Melinka detienen a dos sujetos por infracci\u00f3n al toque de queda<\/span><\/strong><\/p>\n<div id=\"gtx-trans\" style=\"position: absolute; left: -50px; top: 4.31534px;\">\n<div class=\"gtx-trans-icon\"><\/div>\n<\/div>\n<\/div><\/section><\/div><div class=\"flex_column av_one_full  flex_column_div av-zero-column-padding first  avia-builder-el-4  el_after_av_one_full  el_before_av_hr  column-top-margin\" style='border-radius:0px; '><section class=\"av_textblock_section \"  itemscope=\"itemscope\" itemtype=\"https:\/\/schema.org\/BlogPosting\" itemprop=\"blogPost\" ><div class='avia_textblock  '   itemprop=\"text\" ><p style=\"text-align: justify;\">El domingo 18 de abril, detectives de la Prefectura Provincial Ays\u00e9n que se encuentran desplegados en la comuna de Guaitecas, realizando un servicio especial de fiscalizaci\u00f3n en la zona en apoyo a la autoridad sanitaria y el Ej\u00e9rcito, detuvieron a dos sujetos por el delito de infracci\u00f3n flagrante al toque de queda, contemplado en el art\u00edculo 318 del C\u00f3digo Penal.<\/p>\n<p style=\"text-align: justify;\">Sobre los servicios desarrollados en la localidad, el subcomisario Hans Suazo, jefe de la Secci\u00f3n Migraciones y Polic\u00eda Internacional Ays\u00e9n a cargo del servicio especial en Guaitecas, se\u00f1al\u00f3 que \u201cnos encontramos en la Isla de Melinka, comuna de Guaitecas, realizando fiscalizaciones a fin de que se cumplan las medidas sanitarias y los horarios de toque de queda, por cuanto esta comuna se encuentra en fase 1 que es cuarentena total. Hemos realizado controles a personas y veh\u00edculos durante el fin de semana, donde la mayor\u00eda de estas personas contaba con su permiso de desplazamiento o salvoconducto\u201d.<\/p>\n<p style=\"text-align: justify;\">Sin embargo, en cuanto al procedimiento por el delito contra la salud p\u00fablica, el subcomisario Suazo detall\u00f3 que \u201cel d\u00eda domingo en horas de la noche, en horario de toque de queda, se procedi\u00f3 a la fiscalizaci\u00f3n de dos personas de sexo masculino, mayores de edad, quienes no portaban ning\u00fan permiso para trasladarse por la v\u00eda p\u00fablica en horario de toque de queda, ante lo cual se procedi\u00f3 a la detenci\u00f3n de \u00e9stos por infracci\u00f3n al art\u00edculo 318 del C\u00f3digo Penal, informando los antecedentes al Ministerio P\u00fablico\u201d.<\/p>\n<p style=\"text-align: justify;\">Por instrucci\u00f3n de Fiscal\u00eda los detenidos fueron apercibidos al art\u00edculo 26 del C\u00f3digo Procesal Penal y posteriormente fueron dejados en libertad.<\/p>\n<p style=\"text-align: justify;\">\u201cCabe hacer presente que este tipo de servicios se continuar\u00e1n realizando por parte de la PDI en Guaitecas, por cuanto estamos comprometidos con el apoyo al control de las medidas que ha implementado la autoridad sanitaria\u201d, puntualiz\u00f3 el subcomisario Hans Suazo.<\/p>\n<p style=\"text-align: justify;\">Finalmente, cabe recordar que la PDI se encuentra presente en la Isla de Melinka desde fines de marzo, con servicios especiales para controlar las medidas sanitarias de cuarentena y toque de queda, educando sobre el distanciamiento social y uso de mascarillas. Durante los servicios se han realizado fiscalizaciones en el aer\u00f3dromo, en el puerto y diversos puntos de la localidad.<\/p>\n<\/div><\/section><\/div><div  style='height:50px' class='hr hr-invisible   avia-builder-el-6  el_after_av_one_full  el_before_av_social_share '><span class='hr-inner ' ><span class='hr-inner-style'><\/span><\/span><\/div><\/p>\n<div  class='av-social-sharing-box  avia-builder-el-7  el_after_av_hr  el_before_av_hr  '><div class='av-share-box'><h5 class='av-share-link-description av-no-toc '>Compartir esta noticia<\/h5><ul class='av-share-box-list noLightbox'><li class='av-share-link av-social-link-facebook' ><a target=\"_blank\" aria-label=\"Compartir en Facebook\" href='https:\/\/www.facebook.com\/sharer.php?u=https:\/\/radiorevelacionfm.cl\/?p=3309&#038;t=En%20Melinka%20detienen%20a%20dos%20sujetos%20por%20infracci%C3%B3n%20al%20toque%20de%20queda' aria-hidden='false' data-av_icon='\ue8f3' data-av_iconfont='entypo-fontello' title='' data-avia-related-tooltip='Compartir en Facebook' rel=\"noopener\"><span class='avia_hidden_link_text'>Compartir en Facebook<\/span><\/a><\/li><li class='av-share-link av-social-link-twitter' ><a target=\"_blank\" aria-label=\"Compartir en Twitter\" href='https:\/\/twitter.com\/share?text=En%20Melinka%20detienen%20a%20dos%20sujetos%20por%20infracci%C3%B3n%20al%20toque%20de%20queda&#038;url=https:\/\/radiorevelacionfm.cl\/?p=3309' aria-hidden='false' data-av_icon='\ue8f1' data-av_iconfont='entypo-fontello' title='' data-avia-related-tooltip='Compartir en Twitter' rel=\"noopener\"><span class='avia_hidden_link_text'>Compartir en Twitter<\/span><\/a><\/li><li class='av-share-link av-social-link-whatsapp' ><a target=\"_blank\" aria-label=\"Compartir en Whatsapp\" href='https:\/\/api.whatsapp.com\/send?text=https:\/\/radiorevelacionfm.cl\/?p=3309' aria-hidden='false' data-av_icon='\uf232' data-av_iconfont='entypo-fontello' title='' data-avia-related-tooltip='Compartir en Whatsapp' rel=\"noopener\"><span class='avia_hidden_link_text'>Compartir en Whatsapp<\/span><\/a><\/li><li class='av-share-link av-social-link-linkedin' ><a target=\"_blank\" aria-label=\"Compartir en LinkedIn\" href='https:\/\/linkedin.com\/shareArticle?mini=true&#038;title=En%20Melinka%20detienen%20a%20dos%20sujetos%20por%20infracci%C3%B3n%20al%20toque%20de%20queda&#038;url=https:\/\/radiorevelacionfm.cl\/?p=3309' aria-hidden='false' data-av_icon='\ue8fc' data-av_iconfont='entypo-fontello' title='' data-avia-related-tooltip='Compartir en LinkedIn' rel=\"noopener\"><span class='avia_hidden_link_text'>Compartir en LinkedIn<\/span><\/a><\/li><li class='av-share-link av-social-link-mail' ><a  aria-label=\"Compartir por correo\" href='mailto:?subject=En%20Melinka%20detienen%20a%20dos%20sujetos%20por%20infracci%C3%B3n%20al%20toque%20de%20queda&#038;body=https:\/\/radiorevelacionfm.cl\/?p=3309' aria-hidden='false' data-av_icon='\ue805' data-av_iconfont='entypo-fontello' title='' data-avia-related-tooltip='Compartir por correo'><span class='avia_hidden_link_text'>Compartir por correo<\/span><\/a><\/li><\/ul><\/div><\/div>\n<div  style='height:50px' class='hr hr-invisible   avia-builder-el-8  el_after_av_social_share  el_before_av_comments_list '><span class='hr-inner ' ><span class='hr-inner-style'><\/span><\/span><\/div>\n<div  class='av-buildercomment  av-blog-meta-html-info-disabled av-blog-meta-tag-disabled  '><\/div>\n","protected":false},"excerpt":{"rendered":"","protected":false},"author":1,"featured_media":3310,"comment_status":"open","ping_status":"open","sticky":false,"template":"","format":"standard","meta":{"footnotes":""},"categories":[36],"tags":[],"class_list":["post-3309","post","type-post","status-publish","format-standard","has-post-thumbnail","hentry","category-policial"],"jetpack_featured_media_url":"https:\/\/radiorevelacionfm.cl\/wp-content\/uploads\/2021\/04\/PDI-mELINKA.jpg","_links":{"self":[{"href":"https:\/\/radiorevelacionfm.cl\/index.php?rest_route=\/wp\/v2\/posts\/3309","targetHints":{"allow":["GET"]}}],"collection":[{"href":"https:\/\/radiorevelacionfm.cl\/index.php?rest_route=\/wp\/v2\/posts"}],"about":[{"href":"https:\/\/radiorevelacionfm.cl\/index.php?rest_route=\/wp\/v2\/types\/post"}],"author":[{"embeddable":true,"href":"https:\/\/radiorevelacionfm.cl\/index.php?rest_route=\/wp\/v2\/users\/1"}],"replies":[{"embeddable":true,"href":"https:\/\/radiorevelacionfm.cl\/index.php?rest_route=%2Fwp%2Fv2%2Fcomments&post=3309"}],"version-history":[{"count":1,"href":"https:\/\/radiorevelacionfm.cl\/index.php?rest_route=\/wp\/v2\/posts\/3309\/revisions"}],"predecessor-version":[{"id":3311,"href":"https:\/\/radiorevelacionfm.cl\/index.php?rest_route=\/wp\/v2\/posts\/3309\/revisions\/3311"}],"wp:featuredmedia":[{"embeddable":true,"href":"https:\/\/radiorevelacionfm.cl\/index.php?rest_route=\/wp\/v2\/media\/3310"}],"wp:attachment":[{"href":"https:\/\/radiorevelacionfm.cl\/index.php?rest_route=%2Fwp%2Fv2%2Fmedia&parent=3309"}],"wp:term":[{"taxonomy":"category","embeddable":true,"href":"https:\/\/radiorevelacionfm.cl\/index.php?rest_route=%2Fwp%2Fv2%2Fcategories&post=3309"},{"taxonomy":"post_tag","embeddable":true,"href":"https:\/\/radiorevelacionfm.cl\/index.php?rest_route=%2Fwp%2Fv2%2Ftags&post=3309"}],"curies":[{"name":"wp","href":"https:\/\/api.w.org\/{rel}","templated":true}]}}