{"id":33089,"date":"2023-07-20T15:39:14","date_gmt":"2023-07-20T18:39:14","guid":{"rendered":"https:\/\/radiorevelacionfm.cl\/?p=33089"},"modified":"2023-07-20T16:12:03","modified_gmt":"2023-07-20T19:12:03","slug":"mop-realizara-trabajos-de-conservacion-en-los-aerodromos-de-la-zona-centro-norte-de-la-region-de-aysen","status":"publish","type":"post","link":"https:\/\/radiorevelacionfm.cl\/?p=33089","title":{"rendered":"Realizar\u00e1n trabajos de conservaci\u00f3n en los aer\u00f3dromos de la zona centro norte de la regi\u00f3n de Ays\u00e9n"},"content":{"rendered":"<div class=\"flex_column av_one_full  flex_column_div av-zero-column-padding first  avia-builder-el-0  el_before_av_one_full  avia-builder-el-first  \" style='border-radius:0px; '><div  class='avia-image-container  av-styling-    avia-builder-el-1  avia-builder-el-no-sibling  avia-align-center '  itemprop=\"image\" itemscope=\"itemscope\" itemtype=\"https:\/\/schema.org\/ImageObject\"  ><div class='avia-image-container-inner'><div class='avia-image-overlay-wrap'><img decoding=\"async\" class='wp-image-33090 avia-img-lazy-loading-not-33090 avia_image' src=\"https:\/\/radiorevelacionfm.cl\/wp-content\/uploads\/2023\/07\/puyuhuapi-aerodromo-1-1_optimized-1.jpg\" alt='' title='puyuhuapi-aerodromo-1-(1)_optimized (1)' height=\"600\" width=\"1067\"  itemprop=\"thumbnailUrl\" srcset=\"https:\/\/radiorevelacionfm.cl\/wp-content\/uploads\/2023\/07\/puyuhuapi-aerodromo-1-1_optimized-1.jpg 1067w, https:\/\/radiorevelacionfm.cl\/wp-content\/uploads\/2023\/07\/puyuhuapi-aerodromo-1-1_optimized-1-300x169.jpg 300w, https:\/\/radiorevelacionfm.cl\/wp-content\/uploads\/2023\/07\/puyuhuapi-aerodromo-1-1_optimized-1-1030x579.jpg 1030w, https:\/\/radiorevelacionfm.cl\/wp-content\/uploads\/2023\/07\/puyuhuapi-aerodromo-1-1_optimized-1-768x432.jpg 768w, https:\/\/radiorevelacionfm.cl\/wp-content\/uploads\/2023\/07\/puyuhuapi-aerodromo-1-1_optimized-1-705x396.jpg 705w, https:\/\/radiorevelacionfm.cl\/wp-content\/uploads\/2023\/07\/puyuhuapi-aerodromo-1-1_optimized-1-450x253.jpg 450w, https:\/\/radiorevelacionfm.cl\/wp-content\/uploads\/2023\/07\/puyuhuapi-aerodromo-1-1_optimized-1-600x337.jpg 600w\" sizes=\"(max-width: 1067px) 100vw, 1067px\" \/><\/div><\/div><\/div><\/div>\n<div class=\"flex_column av_one_full  flex_column_div av-zero-column-padding first  avia-builder-el-2  el_after_av_one_full  el_before_av_one_full  column-top-margin\" style='border-radius:0px; '><section class=\"av_textblock_section \"  itemscope=\"itemscope\" itemtype=\"https:\/\/schema.org\/BlogPosting\" itemprop=\"blogPost\" ><div class='avia_textblock  '   itemprop=\"text\" ><p style=\"text-align: center;\"><strong><span style=\"font-size: 18pt;\">Realizar\u00e1n trabajos de conservaci\u00f3n en los aer\u00f3dromos de la zona centro norte de la regi\u00f3n de Ays\u00e9n<\/span><\/strong><\/p>\n<div id=\"gtx-trans\" style=\"position: absolute; left: -50px; top: 4.31534px;\">\n<div class=\"gtx-trans-icon\"><\/div>\n<\/div>\n<\/div><\/section><\/div><div class=\"flex_column av_one_full  flex_column_div av-zero-column-padding first  avia-builder-el-4  el_after_av_one_full  el_before_av_hr  column-top-margin\" style='border-radius:0px; '><section class=\"av_textblock_section \"  itemscope=\"itemscope\" itemtype=\"https:\/\/schema.org\/BlogPosting\" itemprop=\"blogPost\" ><div class='avia_textblock  '   itemprop=\"text\" ><p style=\"text-align: justify;\">Para mejorar y mantener en \u00f3ptimas condiciones los Aer\u00f3dromos de Melinka, Puyuhuapi, Ays\u00e9n y Teniente Vidal en Coyhaique, este a\u00f1o la Direcci\u00f3n Regional de Aeropuertos del Ministerio de Obras P\u00fablicas realizar\u00e1 la licitaci\u00f3n de las obras de conservaci\u00f3n de estas infraestructuras de conectividad a\u00e9rea. As\u00ed lo asegur\u00f3 esta ma\u00f1ana, el Secretario Regional Ministerial de Obras P\u00fablicas Patricio Sanhueza Ulloa, en el marco de reuni\u00f3n de trabajo sostenida con la Directora Regional de Aeropuertos MOP Anita \u00c1lvarez Lemus, relacionada con la ejecuci\u00f3n de nuevos proyectos contemplados para la zona centro-norte de la regi\u00f3n de Ays\u00e9n.<\/p>\n<p style=\"text-align: justify;\">\u201cDurante el mes de agosto pretendemos dar inicio al proceso de licitaci\u00f3n para la conservaci\u00f3n de los Aer\u00f3dromos de la zona centro y norte de la regi\u00f3n de Ays\u00e9n. Algunos de ellos son los que concentran la segunda y tercera cantidad de operaciones a\u00e9reas en nuestra regi\u00f3n, como es el caso del Aer\u00f3dromo Teniente Vidal en Coyhaique y el de Melinka, en donde se va a realizar una conservaci\u00f3n mayor al Aer\u00f3dromo, por lo que la Directora Regional de Aeropuertos Anita \u00c1lvarez est\u00e1 realizando reuniones de coordinaci\u00f3n con la DGAC y los operadores a\u00e9reos dado que esta intervenci\u00f3n al ser mayor, requiere una adecuada coordinaci\u00f3n para mantener la conectividad a\u00e9rea en este sector, junto con realizar los trabajos para prolongar la vida \u00fatil de la pista con la aplicaci\u00f3n de un sello asf\u00e1ltico. Tanto ella como yo, queremos dar tranquilidad a la poblaci\u00f3n respecto a que las operaciones a\u00e9reas y evacuaciones aerom\u00e9dicas de emergencia se van a poder realizar. Tambi\u00e9n se tienen proyectadas intervenciones rutinarias a los Aer\u00f3dromos de Puyuhuapi y de Puerto Ays\u00e9n \u00a0y toda la Red de Aer\u00f3dromos regional se encuentra operativa. Para nuestro gobierno el tema de la conectividad es muy relevante, es as\u00ed como mantenemos la conservaci\u00f3n de todas nuestras infraestructuras a\u00e9reas\u201d, se\u00f1al\u00f3 el SEREMI del MOP<\/p>\n<p style=\"text-align: justify;\">Todas estas obras que ser\u00e1n licitadas durante el mes de agosto del a\u00f1o en curso, se estima puedan iniciar obras a fines de este a\u00f1o.<\/p>\n<p style=\"text-align: justify;\">\u201cNosotros queremos adelantarnos a la realizaci\u00f3n de la licitaci\u00f3n de estos trabajos, y para eso ya hemos presentado este proyecto al Alcalde de la comuna de Las Guaitecas Marcos Silva Miranda y al Ministerio de Transportes y Telecomunicaciones, as\u00ed como tambi\u00e9n hemos efectuado esta semana una reuni\u00f3n con los operadores a\u00e9reos que m\u00e1s utilizan este Aer\u00f3dromo y que tienen residencia en Puerto Montt, junto a Manuel Quinteros Essau Jefe de la Zona Sur de la Direcci\u00f3n General de Aeron\u00e1utica Civil, DGAC, que abarca las regiones los R\u00edos, Los Lagos, Ays\u00e9n y Magallanes para presentarles el proyecto, la calendarizaci\u00f3n de las etapas del proceso de licitaci\u00f3n y tomen los resguardos cuando se proceda a ejecutar las obras, con la finalidad de mantener la conectividad desde y hacia Melinka. Estamos preparando con tiempo todas las coordinaciones que se requieran. Importante se\u00f1alar, que las evacuaciones Aerom\u00e9dicas diurnas y nocturnas no se ver\u00e1n alteradas, ya que se activa un plan de contingencia para realizar esas operaciones cuando hay un contrato en ejecuci\u00f3n\u201d, asegur\u00f3 la Directora Regional de Aeropuertos del MOP.<\/p>\n<p style=\"text-align: justify;\">Una vez licitadas las obras de conservaci\u00f3n mayor al Aer\u00f3dromo de Melinka, realizaremos la intervenci\u00f3n de la pista con doble tratamiento asf\u00e1ltico, pintura, obras de roce, entre otros para mantener su condici\u00f3n \u00f3ptima de seguridad. Estos trabajos contemplan un presupuesto estimado de $1100 millones de inversi\u00f3n de la Direcci\u00f3n Regional de Aeropuertos MOP.<\/p>\n<p style=\"text-align: justify;\">En la comuna de Cisnes, la Conservaci\u00f3n mayor del Aer\u00f3dromo de Puyuhuapi considera una inversi\u00f3n estimada de $1.600 millones. Las obras consideran la aplicaci\u00f3n de doble tratamiento asf\u00e1ltico a las pistas; en tanto, en Puerto Ays\u00e9n y en Coyhaique la conservaci\u00f3n peri\u00f3dica del Aer\u00f3dromo Cabo Primero Juan Rom\u00e1n y Teniente Vidal respectivamente, contemplan los trabajos de roce y reposici\u00f3n de cercos perimetrales, y contemplan una inversi\u00f3n aproximada en cada uno de ellos cercana a los $400 millones.<\/p>\n<\/div><\/section><\/div><\/p>\n<div  style='height:50px' class='hr hr-invisible   avia-builder-el-6  el_after_av_one_full  el_before_av_social_share '><span class='hr-inner ' ><span class='hr-inner-style'><\/span><\/span><\/div>\n<div  class='av-social-sharing-box  avia-builder-el-7  el_after_av_hr  el_before_av_hr  '><div class='av-share-box'><h5 class='av-share-link-description av-no-toc '>Compartir esta noticia<\/h5><ul class='av-share-box-list noLightbox'><li class='av-share-link av-social-link-facebook' ><a target=\"_blank\" aria-label=\"Compartir en Facebook\" href='https:\/\/www.facebook.com\/sharer.php?u=https:\/\/radiorevelacionfm.cl\/?p=33089&#038;t=Realizar%C3%A1n%20trabajos%20de%20conservaci%C3%B3n%20en%20los%20aer%C3%B3dromos%20de%20la%20zona%20centro%20norte%20de%20la%20regi%C3%B3n%20de%20Ays%C3%A9n' aria-hidden='false' data-av_icon='\ue8f3' data-av_iconfont='entypo-fontello' title='' data-avia-related-tooltip='Compartir en Facebook' rel=\"noopener\"><span class='avia_hidden_link_text'>Compartir en Facebook<\/span><\/a><\/li><li class='av-share-link av-social-link-twitter' ><a target=\"_blank\" aria-label=\"Compartir en Twitter\" href='https:\/\/twitter.com\/share?text=Realizar%C3%A1n%20trabajos%20de%20conservaci%C3%B3n%20en%20los%20aer%C3%B3dromos%20de%20la%20zona%20centro%20norte%20de%20la%20regi%C3%B3n%20de%20Ays%C3%A9n&#038;url=https:\/\/radiorevelacionfm.cl\/?p=33089' aria-hidden='false' data-av_icon='\ue8f1' data-av_iconfont='entypo-fontello' title='' data-avia-related-tooltip='Compartir en Twitter' rel=\"noopener\"><span class='avia_hidden_link_text'>Compartir en Twitter<\/span><\/a><\/li><li class='av-share-link av-social-link-whatsapp' ><a target=\"_blank\" aria-label=\"Compartir en Whatsapp\" href='https:\/\/api.whatsapp.com\/send?text=https:\/\/radiorevelacionfm.cl\/?p=33089' aria-hidden='false' data-av_icon='\uf232' data-av_iconfont='entypo-fontello' title='' data-avia-related-tooltip='Compartir en Whatsapp' rel=\"noopener\"><span class='avia_hidden_link_text'>Compartir en Whatsapp<\/span><\/a><\/li><li class='av-share-link av-social-link-linkedin' ><a target=\"_blank\" aria-label=\"Compartir en LinkedIn\" href='https:\/\/linkedin.com\/shareArticle?mini=true&#038;title=Realizar%C3%A1n%20trabajos%20de%20conservaci%C3%B3n%20en%20los%20aer%C3%B3dromos%20de%20la%20zona%20centro%20norte%20de%20la%20regi%C3%B3n%20de%20Ays%C3%A9n&#038;url=https:\/\/radiorevelacionfm.cl\/?p=33089' aria-hidden='false' data-av_icon='\ue8fc' data-av_iconfont='entypo-fontello' title='' data-avia-related-tooltip='Compartir en LinkedIn' rel=\"noopener\"><span class='avia_hidden_link_text'>Compartir en LinkedIn<\/span><\/a><\/li><li class='av-share-link av-social-link-mail' ><a  aria-label=\"Compartir por correo\" href='mailto:?subject=Realizar%C3%A1n%20trabajos%20de%20conservaci%C3%B3n%20en%20los%20aer%C3%B3dromos%20de%20la%20zona%20centro%20norte%20de%20la%20regi%C3%B3n%20de%20Ays%C3%A9n&#038;body=https:\/\/radiorevelacionfm.cl\/?p=33089' aria-hidden='false' data-av_icon='\ue805' data-av_iconfont='entypo-fontello' title='' data-avia-related-tooltip='Compartir por correo'><span class='avia_hidden_link_text'>Compartir por correo<\/span><\/a><\/li><\/ul><\/div><\/div>\n<div  style='height:50px' class='hr hr-invisible   avia-builder-el-8  el_after_av_social_share  el_before_av_comments_list '><span class='hr-inner ' ><span class='hr-inner-style'><\/span><\/span><\/div>\n<div  class='av-buildercomment  av-blog-meta-html-info-disabled av-blog-meta-tag-disabled  '><\/div>\n","protected":false},"excerpt":{"rendered":"","protected":false},"author":1,"featured_media":33090,"comment_status":"open","ping_status":"open","sticky":false,"template":"","format":"standard","meta":{"footnotes":""},"categories":[38],"tags":[],"class_list":["post-33089","post","type-post","status-publish","format-standard","has-post-thumbnail","hentry","category-regional"],"jetpack_featured_media_url":"https:\/\/radiorevelacionfm.cl\/wp-content\/uploads\/2023\/07\/puyuhuapi-aerodromo-1-1_optimized-1.jpg","_links":{"self":[{"href":"https:\/\/radiorevelacionfm.cl\/index.php?rest_route=\/wp\/v2\/posts\/33089","targetHints":{"allow":["GET"]}}],"collection":[{"href":"https:\/\/radiorevelacionfm.cl\/index.php?rest_route=\/wp\/v2\/posts"}],"about":[{"href":"https:\/\/radiorevelacionfm.cl\/index.php?rest_route=\/wp\/v2\/types\/post"}],"author":[{"embeddable":true,"href":"https:\/\/radiorevelacionfm.cl\/index.php?rest_route=\/wp\/v2\/users\/1"}],"replies":[{"embeddable":true,"href":"https:\/\/radiorevelacionfm.cl\/index.php?rest_route=%2Fwp%2Fv2%2Fcomments&post=33089"}],"version-history":[{"count":2,"href":"https:\/\/radiorevelacionfm.cl\/index.php?rest_route=\/wp\/v2\/posts\/33089\/revisions"}],"predecessor-version":[{"id":33093,"href":"https:\/\/radiorevelacionfm.cl\/index.php?rest_route=\/wp\/v2\/posts\/33089\/revisions\/33093"}],"wp:featuredmedia":[{"embeddable":true,"href":"https:\/\/radiorevelacionfm.cl\/index.php?rest_route=\/wp\/v2\/media\/33090"}],"wp:attachment":[{"href":"https:\/\/radiorevelacionfm.cl\/index.php?rest_route=%2Fwp%2Fv2%2Fmedia&parent=33089"}],"wp:term":[{"taxonomy":"category","embeddable":true,"href":"https:\/\/radiorevelacionfm.cl\/index.php?rest_route=%2Fwp%2Fv2%2Fcategories&post=33089"},{"taxonomy":"post_tag","embeddable":true,"href":"https:\/\/radiorevelacionfm.cl\/index.php?rest_route=%2Fwp%2Fv2%2Ftags&post=33089"}],"curies":[{"name":"wp","href":"https:\/\/api.w.org\/{rel}","templated":true}]}}