{"id":33086,"date":"2023-07-20T15:02:23","date_gmt":"2023-07-20T18:02:23","guid":{"rendered":"https:\/\/radiorevelacionfm.cl\/?p=33086"},"modified":"2023-07-20T15:02:23","modified_gmt":"2023-07-20T18:02:23","slug":"amplian-en-dos-anos-plazo-para-inscribir-derechos-de-aprovechamiento-de-aguas","status":"publish","type":"post","link":"https:\/\/radiorevelacionfm.cl\/?p=33086","title":{"rendered":"Ampl\u00edan en dos a\u00f1os plazo para inscribir derechos de aprovechamiento de aguas"},"content":{"rendered":"<div class=\"flex_column av_one_full  flex_column_div av-zero-column-padding first  avia-builder-el-0  el_before_av_one_full  avia-builder-el-first  \" style='border-radius:0px; '><div  class='avia-image-container  av-styling-    avia-builder-el-1  avia-builder-el-no-sibling  avia-align-center '  itemprop=\"image\" itemscope=\"itemscope\" itemtype=\"https:\/\/schema.org\/ImageObject\"  ><div class='avia-image-container-inner'><div class='avia-image-overlay-wrap'><img decoding=\"async\" class='wp-image-33087 avia-img-lazy-loading-not-33087 avia_image' src=\"https:\/\/radiorevelacionfm.cl\/wp-content\/uploads\/2023\/07\/DSC08598-1-1.jpg\" alt='' title='DSC08598 (1) (1)' height=\"600\" width=\"906\"  itemprop=\"thumbnailUrl\" srcset=\"https:\/\/radiorevelacionfm.cl\/wp-content\/uploads\/2023\/07\/DSC08598-1-1.jpg 906w, https:\/\/radiorevelacionfm.cl\/wp-content\/uploads\/2023\/07\/DSC08598-1-1-300x199.jpg 300w, https:\/\/radiorevelacionfm.cl\/wp-content\/uploads\/2023\/07\/DSC08598-1-1-768x509.jpg 768w, https:\/\/radiorevelacionfm.cl\/wp-content\/uploads\/2023\/07\/DSC08598-1-1-705x467.jpg 705w, https:\/\/radiorevelacionfm.cl\/wp-content\/uploads\/2023\/07\/DSC08598-1-1-450x298.jpg 450w, https:\/\/radiorevelacionfm.cl\/wp-content\/uploads\/2023\/07\/DSC08598-1-1-600x397.jpg 600w\" sizes=\"(max-width: 906px) 100vw, 906px\" \/><\/div><\/div><\/div><\/div><div class=\"flex_column av_one_full  flex_column_div av-zero-column-padding first  avia-builder-el-2  el_after_av_one_full  el_before_av_one_full  column-top-margin\" style='border-radius:0px; '><section class=\"av_textblock_section \"  itemscope=\"itemscope\" itemtype=\"https:\/\/schema.org\/BlogPosting\" itemprop=\"blogPost\" ><div class='avia_textblock  '   itemprop=\"text\" ><p style=\"text-align: center;\"><strong><span style=\"font-size: 18pt;\">Ampl\u00edan en dos a\u00f1os plazo para inscribir derechos de aprovechamiento de aguas<\/span><\/strong><\/p>\n<div id=\"gtx-trans\" style=\"position: absolute; left: -50px; top: 4.31534px;\">\n<div class=\"gtx-trans-icon\"><\/div>\n<\/div>\n<\/div><\/section><\/div><div class=\"flex_column av_one_full  flex_column_div av-zero-column-padding first  avia-builder-el-4  el_after_av_one_full  el_before_av_hr  column-top-margin\" style='border-radius:0px; '><section class=\"av_textblock_section \"  itemscope=\"itemscope\" itemtype=\"https:\/\/schema.org\/BlogPosting\" itemprop=\"blogPost\" ><div class='avia_textblock  '   itemprop=\"text\" ><p style=\"text-align: justify;\">Hasta el 06 de abril del a\u00f1o 2025 se ampli\u00f3 el plazo de inscripci\u00f3n de los derechos de aguas introduciendo un procedimiento administrativo que permita perfeccionar los t\u00edtulos de los derechos en la misma Direcci\u00f3n General de Aguas del MOP, de acuerdo a reciente publicaci\u00f3n en el Diario Oficial de la Ley N\u00b021.586 que modifica el C\u00f3digo de Aguas.<\/p>\n<p style=\"text-align: justify;\">As\u00ed lo anunci\u00f3 hoy el Secretario Regional Ministerial de Obras P\u00fablicas, Patricio Sanhueza Ulloa, quien adem\u00e1s expres\u00f3 que el cambio del plazo original, del 6 de octubre del 2023 al 6 de abril de 2025, es una oportunidad m\u00e1s para que todos y todas las y los titulares de derecho, se ocupen de hacer las gestiones a fin de tener sus derechos en regla. Es una excelente noticia, especialmente para el mundo rural, ya que permitir\u00e1 que personas usuarios y usuarias, sobre todo los agricultores m\u00e1s peque\u00f1os, tengan tiempo suficiente para reunir los antecedentes y tener sus derechos de agua al d\u00eda\u201d, coment\u00f3.<\/p>\n<p style=\"text-align: justify;\">A su vez, el director general de Aguas, Rodrigo Sanhueza, llam\u00f3 a realizar con tiempo la inscripci\u00f3n del derecho de aprovechamiento de aguas en el Conservador de Bienes Ra\u00edces y registrarlo en el Catastro P\u00fablico de Aguas, ya que es una responsabilidad individual. \u201cPara inscribir el derecho en el Conservador de Bienes Ra\u00edces, el titular debe tener la Resoluci\u00f3n de la DGA, del Servicio Agr\u00edcola Ganadero o la sentencia judicial que autoriz\u00f3 el derecho de aprovechamiento de aguas. Ahora bien, si no tiene la Resoluci\u00f3n, debe dirigirse a la oficina regional de la DGA y pedir una copia autentificada de la Resoluci\u00f3n que autoriz\u00f3 el derecho de aprovechamiento de aguas. Con la Resoluci\u00f3n emitida por la DGA, el titular debe ir a una notar\u00eda para reducir a escritura p\u00fablica la Resoluci\u00f3n DGA, y con ese documento ir al Conservador de Bienes Ra\u00edces de la comuna donde se autoriz\u00f3 el derecho de aprovechamiento de aguas y solicitar la inscripci\u00f3n. Luego podr\u00e1 registrar el derecho en el Catastro P\u00fablico de Aguas de la DGA\u201d.<\/p>\n<p style=\"text-align: justify;\">Producto entonces de la ampliaci\u00f3n del plazo, la caducidad de los derechos de aprovechamiento de aguas no inscritos en el Conservador de Bienes Ra\u00edces, se aplicar\u00e1 a partir del 6 de abril de 2025.<\/p>\n<p style=\"text-align: justify;\">Por su parte, el Director Regional de Aguas del MOP, H\u00e9ctor Cort\u00e9s Gaete se\u00f1al\u00f3 \u201ces importante insistir en la necesidad de que las personas hagan en forma oportuna la inscripci\u00f3n de sus derechos de agua en los Conservadores de Bienes Ra\u00edces y en el Catastro P\u00fablico de Aguas de la DGA-MOP para que no pasen premuras de \u00faltimo momento y puedan hacer las cosas con mayor tiempo y tranquilidad. Hoy lo que estamos haciendo es estandarizar el uso de los recursos h\u00eddricos y optimizar su empleo, de tal manera que factores como la especulaci\u00f3n sean ajenas a nuestra realidad h\u00eddrica, en donde vemos que existe una escasez del recurso que debemos enfrentar con mayor habitualidad, por lo tanto conminamos a las personas para que hagan la inscripci\u00f3n de sus derechos de agua en los Conservadores de Bienes Ra\u00edces y en el Catastro P\u00fablico de Aguas. Esta medida junto a otras, posibilita que se genere una transici\u00f3n h\u00eddrica justa, en donde se realice una planificaci\u00f3n del desarrollo del recurso h\u00eddrico de las fuentes naturales, de tal manera que todas las personas tengan acceso a \u00e9l (derecho humano al agua). Tambi\u00e9n, otra medida urgente es el fortalecimiento de la fiscalizaci\u00f3n, la que apunta, entre otros, al uso eficiente del recurso h\u00eddrico\u201d.<\/p>\n<p style=\"text-align: justify;\">Si requiere profundizar m\u00e1s detalladamente en esta informaci\u00f3n puede encontrar antecedentes y\/o realizar consultas en nuestra Oficina de Partes virtual, ubicada en la p\u00e1gina web <a href=\"http:\/\/www.dga.cl\">www.dga.cl<\/a>.<\/p>\n<p style=\"text-align: justify;\"><strong>Perfeccionamiento<\/strong><\/p>\n<p style=\"text-align: justify;\">La ley 21.586 tambi\u00e9n establece un nuevo procedimiento administrativo para el perfeccionamiento de los derechos de aprovechamiento de aguas, el cual anteriormente deb\u00eda realizarse en sede judicial, lo que permitir\u00e1 un procedimiento m\u00e1s expedito y por el cual las personas usuarias ya no tendr\u00e1n que pagar.<\/p>\n<p style=\"text-align: justify;\">Ahora, permitir\u00e1 perfeccionar o completar los elementos o caracter\u00edsticas esenciales de los t\u00edtulos, incluyendo aquellos que consten en resoluciones dictadas por el Servicio Agr\u00edcola y Ganadero, en la misma Direcci\u00f3n General de Aguas. Una vez que el t\u00edtulo est\u00e9 perfeccionado por la DGA, este mismo Servicio lo registrar\u00e1 directamente en el Catastro P\u00fablico de Aguas y a su vez, el titular del derecho deber\u00e1 requerir al Conservador de Bienes Ra\u00edces que deje constancia del registro efectuado en el Catastro P\u00fablico de Aguas, al margen de la inscripci\u00f3n del derecho de aprovechamiento de aguas.<\/p>\n<p style=\"text-align: justify;\">El seremi del MOP agreg\u00f3 que \u201cquienes hayan solicitado el perfeccionamiento del t\u00edtulo del derecho de aprovechamiento de aguas previo a la vigencia de esta ley, podr\u00e1n voluntariamente someterse al nuevo procedimiento y har\u00e1n constar el desistimiento o renuncia en sede judicial\u201d.<\/p>\n<p style=\"text-align: justify;\"><strong>Comunidades de aguas subterr\u00e1neas<\/strong><\/p>\n<p style=\"text-align: justify;\">La nueva ley igualmente ampl\u00eda hasta el 6 de abril de 2025 el plazo para iniciar los tr\u00e1mites de conformaci\u00f3n de las Comunidades de Aguas Subterr\u00e1neas (CAS) en las \u00e1reas de restricci\u00f3n o zonas de prohibici\u00f3n que se declararon antes del 6 de abril de 2022.<\/p>\n<p style=\"text-align: justify;\">\u201cUna vez vencido este plazo, la DGA s\u00f3lo podr\u00e1 autorizar cambios de punto de captaci\u00f3n en dichas zonas, respecto de aquellas personas que se hayan hecho parte en el proceso de conformaci\u00f3n de la comunidad\u201d, aclar\u00f3 Sanhueza.<\/p>\n<p style=\"text-align: justify;\">A\u00f1adi\u00f3 que una noticia importante para las organizaciones de usuarios de aguas, es que previo a un informe favorable de la Direcci\u00f3n General de Aguas MOP, se podr\u00e1 solicitar al Conservador de Bienes Ra\u00edces respectivo, la inscripci\u00f3n individual de derechos de aprovechamiento de aguas, en base a una inscripci\u00f3n constitutiva de una organizaci\u00f3n de usuarios de aguas, sea que \u00e9sta haya sido constituida judicial o extrajudicialmente.<\/p>\n<p style=\"text-align: justify;\">Para ello, el solicitante deber\u00e1 acompa\u00f1ar un certificado emitido por la respectiva organizaci\u00f3n de usuarios de aguas, con una antig\u00fcedad no superior a 30 d\u00edas corridos, en el cual se reconozca que es integrante de esa organizaci\u00f3n. Si ella no emite el certificado solicitado dentro de 30 d\u00edas, el titular acompa\u00f1ar\u00e1 copia de esa solicitud con los dem\u00e1s antecedentes a la DGA.<\/p>\n<p style=\"text-align: justify;\">Por \u00faltimo, cabe se\u00f1alar que la Ley instruye que el Instituto de Desarrollo Agropecuario (INDAP), la DGA, la Corporaci\u00f3n Nacional de Desarrollo Ind\u00edgena (CONADI) y las organizaciones de usuarios de aguas deber\u00e1n hacerse cargo de difundir e informar sobre los plazos para realizar los tr\u00e1mites ante el Conservador de Bienes Ra\u00edces y en el Catastro P\u00fablico de Aguas de la DGA.<\/p>\n<p style=\"text-align: justify;\">\u201cEste es un trabajo que la DGA ha venido haciendo desde que se public\u00f3 la reforma al C\u00f3digo de Aguas en abril de 2022, reuni\u00e9ndose con organizaciones de usuarios, comit\u00e9s de APR, autoridades y p\u00fablico en general para dar a conocer los procedimientos e incluso ayudarlos a iniciar los tr\u00e1mites correspondientes. Al mismo tiempo, se ha capacitado a quienes se despliegan en el territorio como CNR, INDAP, funcionarios municipales y de gobiernos regionales y provinciales. Adem\u00e1s, en el sitio web de la DGA est\u00e1 desplegada la informaci\u00f3n de los pasos que deben seguirse para inscribir y registrar el derecho como es debido\u201d, concluy\u00f3 el director general de Aguas.<\/p>\n<\/div><\/section><\/div><div  style='height:50px' class='hr hr-invisible   avia-builder-el-6  el_after_av_one_full  el_before_av_social_share '><span class='hr-inner ' ><span class='hr-inner-style'><\/span><\/span><\/div><\/p>\n<div  class='av-social-sharing-box  avia-builder-el-7  el_after_av_hr  el_before_av_hr  '><div class='av-share-box'><h5 class='av-share-link-description av-no-toc '>Compartir esta noticia<\/h5><ul class='av-share-box-list noLightbox'><li class='av-share-link av-social-link-facebook' ><a target=\"_blank\" aria-label=\"Compartir en Facebook\" href='https:\/\/www.facebook.com\/sharer.php?u=https:\/\/radiorevelacionfm.cl\/?p=33086&#038;t=Ampl%C3%ADan%20en%20dos%20a%C3%B1os%20plazo%20para%20inscribir%20derechos%20de%20aprovechamiento%20de%20aguas' aria-hidden='false' data-av_icon='\ue8f3' data-av_iconfont='entypo-fontello' title='' data-avia-related-tooltip='Compartir en Facebook' rel=\"noopener\"><span class='avia_hidden_link_text'>Compartir en Facebook<\/span><\/a><\/li><li class='av-share-link av-social-link-twitter' ><a target=\"_blank\" aria-label=\"Compartir en Twitter\" href='https:\/\/twitter.com\/share?text=Ampl%C3%ADan%20en%20dos%20a%C3%B1os%20plazo%20para%20inscribir%20derechos%20de%20aprovechamiento%20de%20aguas&#038;url=https:\/\/radiorevelacionfm.cl\/?p=33086' aria-hidden='false' data-av_icon='\ue8f1' data-av_iconfont='entypo-fontello' title='' data-avia-related-tooltip='Compartir en Twitter' rel=\"noopener\"><span class='avia_hidden_link_text'>Compartir en Twitter<\/span><\/a><\/li><li class='av-share-link av-social-link-whatsapp' ><a target=\"_blank\" aria-label=\"Compartir en Whatsapp\" href='https:\/\/api.whatsapp.com\/send?text=https:\/\/radiorevelacionfm.cl\/?p=33086' aria-hidden='false' data-av_icon='\uf232' data-av_iconfont='entypo-fontello' title='' data-avia-related-tooltip='Compartir en Whatsapp' rel=\"noopener\"><span class='avia_hidden_link_text'>Compartir en Whatsapp<\/span><\/a><\/li><li class='av-share-link av-social-link-linkedin' ><a target=\"_blank\" aria-label=\"Compartir en LinkedIn\" href='https:\/\/linkedin.com\/shareArticle?mini=true&#038;title=Ampl%C3%ADan%20en%20dos%20a%C3%B1os%20plazo%20para%20inscribir%20derechos%20de%20aprovechamiento%20de%20aguas&#038;url=https:\/\/radiorevelacionfm.cl\/?p=33086' aria-hidden='false' data-av_icon='\ue8fc' data-av_iconfont='entypo-fontello' title='' data-avia-related-tooltip='Compartir en LinkedIn' rel=\"noopener\"><span class='avia_hidden_link_text'>Compartir en LinkedIn<\/span><\/a><\/li><li class='av-share-link av-social-link-mail' ><a  aria-label=\"Compartir por correo\" href='mailto:?subject=Ampl%C3%ADan%20en%20dos%20a%C3%B1os%20plazo%20para%20inscribir%20derechos%20de%20aprovechamiento%20de%20aguas&#038;body=https:\/\/radiorevelacionfm.cl\/?p=33086' aria-hidden='false' data-av_icon='\ue805' data-av_iconfont='entypo-fontello' title='' data-avia-related-tooltip='Compartir por correo'><span class='avia_hidden_link_text'>Compartir por correo<\/span><\/a><\/li><\/ul><\/div><\/div>\n<div  style='height:50px' class='hr hr-invisible   avia-builder-el-8  el_after_av_social_share  el_before_av_comments_list '><span class='hr-inner ' ><span class='hr-inner-style'><\/span><\/span><\/div>\n<div  class='av-buildercomment  av-blog-meta-html-info-disabled av-blog-meta-tag-disabled  '><\/div>\n","protected":false},"excerpt":{"rendered":"","protected":false},"author":1,"featured_media":33087,"comment_status":"open","ping_status":"open","sticky":false,"template":"","format":"standard","meta":{"footnotes":""},"categories":[38],"tags":[],"class_list":["post-33086","post","type-post","status-publish","format-standard","has-post-thumbnail","hentry","category-regional"],"jetpack_featured_media_url":"https:\/\/radiorevelacionfm.cl\/wp-content\/uploads\/2023\/07\/DSC08598-1-1.jpg","_links":{"self":[{"href":"https:\/\/radiorevelacionfm.cl\/index.php?rest_route=\/wp\/v2\/posts\/33086","targetHints":{"allow":["GET"]}}],"collection":[{"href":"https:\/\/radiorevelacionfm.cl\/index.php?rest_route=\/wp\/v2\/posts"}],"about":[{"href":"https:\/\/radiorevelacionfm.cl\/index.php?rest_route=\/wp\/v2\/types\/post"}],"author":[{"embeddable":true,"href":"https:\/\/radiorevelacionfm.cl\/index.php?rest_route=\/wp\/v2\/users\/1"}],"replies":[{"embeddable":true,"href":"https:\/\/radiorevelacionfm.cl\/index.php?rest_route=%2Fwp%2Fv2%2Fcomments&post=33086"}],"version-history":[{"count":1,"href":"https:\/\/radiorevelacionfm.cl\/index.php?rest_route=\/wp\/v2\/posts\/33086\/revisions"}],"predecessor-version":[{"id":33088,"href":"https:\/\/radiorevelacionfm.cl\/index.php?rest_route=\/wp\/v2\/posts\/33086\/revisions\/33088"}],"wp:featuredmedia":[{"embeddable":true,"href":"https:\/\/radiorevelacionfm.cl\/index.php?rest_route=\/wp\/v2\/media\/33087"}],"wp:attachment":[{"href":"https:\/\/radiorevelacionfm.cl\/index.php?rest_route=%2Fwp%2Fv2%2Fmedia&parent=33086"}],"wp:term":[{"taxonomy":"category","embeddable":true,"href":"https:\/\/radiorevelacionfm.cl\/index.php?rest_route=%2Fwp%2Fv2%2Fcategories&post=33086"},{"taxonomy":"post_tag","embeddable":true,"href":"https:\/\/radiorevelacionfm.cl\/index.php?rest_route=%2Fwp%2Fv2%2Ftags&post=33086"}],"curies":[{"name":"wp","href":"https:\/\/api.w.org\/{rel}","templated":true}]}}