{"id":33083,"date":"2023-07-21T12:13:18","date_gmt":"2023-07-21T15:13:18","guid":{"rendered":"https:\/\/radiorevelacionfm.cl\/?p=33083"},"modified":"2023-07-21T12:13:18","modified_gmt":"2023-07-21T15:13:18","slug":"segun-estudio-9-de-cada-10-ninos-de-primero-basico-no-conoce-las-letras-del-alfabeto","status":"publish","type":"post","link":"https:\/\/radiorevelacionfm.cl\/?p=33083","title":{"rendered":"Seg\u00fan estudio 9 de cada 10 ni\u00f1os de primero b\u00e1sico no conoce las letras del alfabeto"},"content":{"rendered":"<div class=\"flex_column av_one_full  flex_column_div av-zero-column-padding first  avia-builder-el-0  el_before_av_one_full  avia-builder-el-first  \" style='border-radius:0px; '><div  class='avia-image-container  av-styling-    avia-builder-el-1  avia-builder-el-no-sibling  avia-align-center '  itemprop=\"image\" itemscope=\"itemscope\" itemtype=\"https:\/\/schema.org\/ImageObject\"  ><div class='avia-image-container-inner'><div class='avia-image-overlay-wrap'><img decoding=\"async\" class='wp-image-33084 avia-img-lazy-loading-not-33084 avia_image' src=\"https:\/\/radiorevelacionfm.cl\/wp-content\/uploads\/2023\/07\/nino-estudiando-1024x682-1-1.jpg\" alt='' title='ni\u00f1o-estudiando-1024x682 (1) (1)' height=\"600\" width=\"901\"  itemprop=\"thumbnailUrl\" srcset=\"https:\/\/radiorevelacionfm.cl\/wp-content\/uploads\/2023\/07\/nino-estudiando-1024x682-1-1.jpg 901w, https:\/\/radiorevelacionfm.cl\/wp-content\/uploads\/2023\/07\/nino-estudiando-1024x682-1-1-300x200.jpg 300w, https:\/\/radiorevelacionfm.cl\/wp-content\/uploads\/2023\/07\/nino-estudiando-1024x682-1-1-768x511.jpg 768w, https:\/\/radiorevelacionfm.cl\/wp-content\/uploads\/2023\/07\/nino-estudiando-1024x682-1-1-705x469.jpg 705w, https:\/\/radiorevelacionfm.cl\/wp-content\/uploads\/2023\/07\/nino-estudiando-1024x682-1-1-450x300.jpg 450w, https:\/\/radiorevelacionfm.cl\/wp-content\/uploads\/2023\/07\/nino-estudiando-1024x682-1-1-600x400.jpg 600w\" sizes=\"(max-width: 901px) 100vw, 901px\" \/><\/div><\/div><\/div><\/div><div class=\"flex_column av_one_full  flex_column_div av-zero-column-padding first  avia-builder-el-2  el_after_av_one_full  el_before_av_one_full  column-top-margin\" style='border-radius:0px; '><section class=\"av_textblock_section \"  itemscope=\"itemscope\" itemtype=\"https:\/\/schema.org\/BlogPosting\" itemprop=\"blogPost\" ><div class='avia_textblock  '   itemprop=\"text\" ><p style=\"text-align: center;\"><strong><span style=\"font-size: 18pt;\">Seg\u00fan estudio 9 de cada 10 ni\u00f1os de primero b\u00e1sico no conoce las letras del alfabeto<\/span><\/strong><\/p>\n<div id=\"gtx-trans\" style=\"position: absolute; left: -50px; top: 4.31534px;\">\n<div class=\"gtx-trans-icon\"><\/div>\n<\/div>\n<\/div><\/section><\/div><div class=\"flex_column av_one_full  flex_column_div av-zero-column-padding first  avia-builder-el-4  el_after_av_one_full  el_before_av_hr  column-top-margin\" style='border-radius:0px; '><section class=\"av_textblock_section \"  itemscope=\"itemscope\" itemtype=\"https:\/\/schema.org\/BlogPosting\" itemprop=\"blogPost\" ><div class='avia_textblock  '   itemprop=\"text\" ><p style=\"text-align: justify;\">Hoy en d\u00eda la necesidad de mejorar la lectura es cada vez m\u00e1s urgente. Un estudio de la Universidad de Los Andes, por medio de Dialect, permiti\u00f3 descubrir que en Chile, 9 de cada 10 ni\u00f1os de primero b\u00e1sico no conoce las letras del alfabeto (un 96%). Mientras que los estudiantes entre 7 y 8 a\u00f1os no est\u00e1n decodificando las palabras, es decir, est\u00e1n al nivel que un ni\u00f1o de k\u00ednder.<\/p>\n<p style=\"text-align: justify;\">Respecto al vocabulario, el mismo estudio, realizado tanto el 2018 como el 2022, arroj\u00f3 que el vocabulario de los ni\u00f1os de k\u00ednder baj\u00f3 un 20% ese periodo, disminuyendo de un 38% a un 18% la cantidad de palabras que conocen los estudiantes.<\/p>\n<p style=\"text-align: justify;\">Para hacer frente a este problema de talla mundial, en mayo del 2023, lleg\u00f3 a Latinoam\u00e9rica de la mano de la empresa de tecnolog\u00eda educativa Colegium, el primer asistente de lectura inteligente llamado: Amira, que por medio del dominio de la lectura en voz alta, diagnostica las habilidades lectoras, para luego, realizar una tutor\u00eda personalizada seg\u00fan las necesidades de cada estudiante.<\/p>\n<p style=\"text-align: justify;\">Este diagn\u00f3stico permite detectar conocimientos previos, vocabulario, estructuras ling\u00fc\u00edsticas, razonamiento verbal, reconocimiento visual, decodificaci\u00f3n y capacidad fonol\u00f3gica, entre otras cosas, para luego ejercitar aquellas habilidades con menor dominio.<\/p>\n<p style=\"text-align: justify;\">Los ejercicios, o tambi\u00e9n llamados intervenciones, desarrollan profundamente las habilidades de lectura y comprensi\u00f3n, por medio de la sincronizaci\u00f3n labial, rimas, articulaci\u00f3n de sonidos, preguntas y respuestas, lectura en tiempo real, y mucho m\u00e1s. Y en esa misma l\u00ednea, permite detectar tempranamente problemas como la dislexia, con el fin de brindar una atenci\u00f3n temprana a cada ni\u00f1o con el profesional pertinente.<\/p>\n<p style=\"text-align: justify;\">Amira asegura duplicar los resultados, doblando las posibilidades de desarrollar las habilidades lectores y pronunciaci\u00f3n respecto a quienes no la utilizan. Por otro lado, tambi\u00e9n iguala los resultados de las <a href=\"http:\/\/proventutoring.org\">tutor\u00edas especializadas<\/a> como la de la\u00a0 Universidad Carnegie Mellon University.<\/p>\n<p style=\"text-align: justify;\">Adem\u00e1s, se utiliza internacionalmente para consolidar el habla en el idioma ingl\u00e9s, mejorando imprecisiones de acento, gram\u00e1tica, etc. Con esta tecnolog\u00eda, un estudiante puede aprender un 65% m\u00e1s palabras por minuto, que sin el uso de ella.<\/p>\n<p style=\"text-align: justify;\">Esta plataforma, ya se est\u00e1 utilizando en 3 mil colegios de 15 pa\u00edses, incluyendo Norteam\u00e9rica, Europa, y recientemente, en nuestro pa\u00eds.<\/p>\n<\/div><\/section><\/div><div  style='height:50px' class='hr hr-invisible   avia-builder-el-6  el_after_av_one_full  el_before_av_social_share '><span class='hr-inner ' ><span class='hr-inner-style'><\/span><\/span><\/div><\/p>\n<div  class='av-social-sharing-box  avia-builder-el-7  el_after_av_hr  el_before_av_hr  '><div class='av-share-box'><h5 class='av-share-link-description av-no-toc '>Compartir esta noticia<\/h5><ul class='av-share-box-list noLightbox'><li class='av-share-link av-social-link-facebook' ><a target=\"_blank\" aria-label=\"Compartir en Facebook\" href='https:\/\/www.facebook.com\/sharer.php?u=https:\/\/radiorevelacionfm.cl\/?p=33083&#038;t=Seg%C3%BAn%20estudio%209%20de%20cada%2010%20ni%C3%B1os%20de%20primero%20b%C3%A1sico%20no%20conoce%20las%20letras%20del%20alfabeto' aria-hidden='false' data-av_icon='\ue8f3' data-av_iconfont='entypo-fontello' title='' data-avia-related-tooltip='Compartir en Facebook' rel=\"noopener\"><span class='avia_hidden_link_text'>Compartir en Facebook<\/span><\/a><\/li><li class='av-share-link av-social-link-twitter' ><a target=\"_blank\" aria-label=\"Compartir en Twitter\" href='https:\/\/twitter.com\/share?text=Seg%C3%BAn%20estudio%209%20de%20cada%2010%20ni%C3%B1os%20de%20primero%20b%C3%A1sico%20no%20conoce%20las%20letras%20del%20alfabeto&#038;url=https:\/\/radiorevelacionfm.cl\/?p=33083' aria-hidden='false' data-av_icon='\ue8f1' data-av_iconfont='entypo-fontello' title='' data-avia-related-tooltip='Compartir en Twitter' rel=\"noopener\"><span class='avia_hidden_link_text'>Compartir en Twitter<\/span><\/a><\/li><li class='av-share-link av-social-link-whatsapp' ><a target=\"_blank\" aria-label=\"Compartir en Whatsapp\" href='https:\/\/api.whatsapp.com\/send?text=https:\/\/radiorevelacionfm.cl\/?p=33083' aria-hidden='false' data-av_icon='\uf232' data-av_iconfont='entypo-fontello' title='' data-avia-related-tooltip='Compartir en Whatsapp' rel=\"noopener\"><span class='avia_hidden_link_text'>Compartir en Whatsapp<\/span><\/a><\/li><li class='av-share-link av-social-link-linkedin' ><a target=\"_blank\" aria-label=\"Compartir en LinkedIn\" href='https:\/\/linkedin.com\/shareArticle?mini=true&#038;title=Seg%C3%BAn%20estudio%209%20de%20cada%2010%20ni%C3%B1os%20de%20primero%20b%C3%A1sico%20no%20conoce%20las%20letras%20del%20alfabeto&#038;url=https:\/\/radiorevelacionfm.cl\/?p=33083' aria-hidden='false' data-av_icon='\ue8fc' data-av_iconfont='entypo-fontello' title='' data-avia-related-tooltip='Compartir en LinkedIn' rel=\"noopener\"><span class='avia_hidden_link_text'>Compartir en LinkedIn<\/span><\/a><\/li><li class='av-share-link av-social-link-mail' ><a  aria-label=\"Compartir por correo\" href='mailto:?subject=Seg%C3%BAn%20estudio%209%20de%20cada%2010%20ni%C3%B1os%20de%20primero%20b%C3%A1sico%20no%20conoce%20las%20letras%20del%20alfabeto&#038;body=https:\/\/radiorevelacionfm.cl\/?p=33083' aria-hidden='false' data-av_icon='\ue805' data-av_iconfont='entypo-fontello' title='' data-avia-related-tooltip='Compartir por correo'><span class='avia_hidden_link_text'>Compartir por correo<\/span><\/a><\/li><\/ul><\/div><\/div>\n<div  style='height:50px' class='hr hr-invisible   avia-builder-el-8  el_after_av_social_share  el_before_av_comments_list '><span class='hr-inner ' ><span class='hr-inner-style'><\/span><\/span><\/div>\n<div  class='av-buildercomment  av-blog-meta-html-info-disabled av-blog-meta-tag-disabled  '><\/div>\n","protected":false},"excerpt":{"rendered":"","protected":false},"author":1,"featured_media":33084,"comment_status":"open","ping_status":"open","sticky":false,"template":"","format":"standard","meta":{"footnotes":""},"categories":[49],"tags":[],"class_list":["post-33083","post","type-post","status-publish","format-standard","has-post-thumbnail","hentry","category-educacion"],"jetpack_featured_media_url":"https:\/\/radiorevelacionfm.cl\/wp-content\/uploads\/2023\/07\/nino-estudiando-1024x682-1-1.jpg","_links":{"self":[{"href":"https:\/\/radiorevelacionfm.cl\/index.php?rest_route=\/wp\/v2\/posts\/33083","targetHints":{"allow":["GET"]}}],"collection":[{"href":"https:\/\/radiorevelacionfm.cl\/index.php?rest_route=\/wp\/v2\/posts"}],"about":[{"href":"https:\/\/radiorevelacionfm.cl\/index.php?rest_route=\/wp\/v2\/types\/post"}],"author":[{"embeddable":true,"href":"https:\/\/radiorevelacionfm.cl\/index.php?rest_route=\/wp\/v2\/users\/1"}],"replies":[{"embeddable":true,"href":"https:\/\/radiorevelacionfm.cl\/index.php?rest_route=%2Fwp%2Fv2%2Fcomments&post=33083"}],"version-history":[{"count":1,"href":"https:\/\/radiorevelacionfm.cl\/index.php?rest_route=\/wp\/v2\/posts\/33083\/revisions"}],"predecessor-version":[{"id":33085,"href":"https:\/\/radiorevelacionfm.cl\/index.php?rest_route=\/wp\/v2\/posts\/33083\/revisions\/33085"}],"wp:featuredmedia":[{"embeddable":true,"href":"https:\/\/radiorevelacionfm.cl\/index.php?rest_route=\/wp\/v2\/media\/33084"}],"wp:attachment":[{"href":"https:\/\/radiorevelacionfm.cl\/index.php?rest_route=%2Fwp%2Fv2%2Fmedia&parent=33083"}],"wp:term":[{"taxonomy":"category","embeddable":true,"href":"https:\/\/radiorevelacionfm.cl\/index.php?rest_route=%2Fwp%2Fv2%2Fcategories&post=33083"},{"taxonomy":"post_tag","embeddable":true,"href":"https:\/\/radiorevelacionfm.cl\/index.php?rest_route=%2Fwp%2Fv2%2Ftags&post=33083"}],"curies":[{"name":"wp","href":"https:\/\/api.w.org\/{rel}","templated":true}]}}