{"id":33080,"date":"2023-07-20T13:21:34","date_gmt":"2023-07-20T16:21:34","guid":{"rendered":"https:\/\/radiorevelacionfm.cl\/?p=33080"},"modified":"2023-07-20T13:21:34","modified_gmt":"2023-07-20T16:21:34","slug":"ninos-y-ninas-de-junji-aysen-vuelven-a-sus-actividades-pedagogicas-este-24-de-julio","status":"publish","type":"post","link":"https:\/\/radiorevelacionfm.cl\/?p=33080","title":{"rendered":"Ni\u00f1os y ni\u00f1as de Junji Ays\u00e9n vuelven a sus actividades pedag\u00f3gicas este 24 de julio"},"content":{"rendered":"<div class=\"flex_column av_one_full  flex_column_div av-zero-column-padding first  avia-builder-el-0  el_before_av_one_full  avia-builder-el-first  \" style='border-radius:0px; '><div  class='avia-image-container  av-styling-    avia-builder-el-1  avia-builder-el-no-sibling  avia-align-center '  itemprop=\"image\" itemscope=\"itemscope\" itemtype=\"https:\/\/schema.org\/ImageObject\"  ><div class='avia-image-container-inner'><div class='avia-image-overlay-wrap'><img decoding=\"async\" class='wp-image-33081 avia-img-lazy-loading-not-33081 avia_image' src=\"https:\/\/radiorevelacionfm.cl\/wp-content\/uploads\/2023\/07\/JUNJI-2023-05-31-at-15.14.24-1-1.jpeg\" alt='' title='JUNJI 2023-05-31 at 15.14.24 (1) (1)' height=\"600\" width=\"800\"  itemprop=\"thumbnailUrl\" srcset=\"https:\/\/radiorevelacionfm.cl\/wp-content\/uploads\/2023\/07\/JUNJI-2023-05-31-at-15.14.24-1-1.jpeg 800w, https:\/\/radiorevelacionfm.cl\/wp-content\/uploads\/2023\/07\/JUNJI-2023-05-31-at-15.14.24-1-1-300x225.jpeg 300w, https:\/\/radiorevelacionfm.cl\/wp-content\/uploads\/2023\/07\/JUNJI-2023-05-31-at-15.14.24-1-1-768x576.jpeg 768w, https:\/\/radiorevelacionfm.cl\/wp-content\/uploads\/2023\/07\/JUNJI-2023-05-31-at-15.14.24-1-1-705x529.jpeg 705w, https:\/\/radiorevelacionfm.cl\/wp-content\/uploads\/2023\/07\/JUNJI-2023-05-31-at-15.14.24-1-1-450x338.jpeg 450w, https:\/\/radiorevelacionfm.cl\/wp-content\/uploads\/2023\/07\/JUNJI-2023-05-31-at-15.14.24-1-1-600x450.jpeg 600w\" sizes=\"(max-width: 800px) 100vw, 800px\" \/><\/div><\/div><\/div><\/div><div class=\"flex_column av_one_full  flex_column_div av-zero-column-padding first  avia-builder-el-2  el_after_av_one_full  el_before_av_one_full  column-top-margin\" style='border-radius:0px; '><section class=\"av_textblock_section \"  itemscope=\"itemscope\" itemtype=\"https:\/\/schema.org\/BlogPosting\" itemprop=\"blogPost\" ><div class='avia_textblock  '   itemprop=\"text\" ><p style=\"text-align: center;\"><strong><span style=\"font-size: 18pt;\">Ni\u00f1os y ni\u00f1as de Junji Ays\u00e9n vuelven a sus actividades pedag\u00f3gicas este 24 de julio<u><\/u>\u00a0<\/span><\/strong><\/p>\n<div id=\"gtx-trans\" style=\"position: absolute; left: -50px; top: 4.31534px;\">\n<div class=\"gtx-trans-icon\"><\/div>\n<\/div>\n<\/div><\/section><\/div><div class=\"flex_column av_one_full  flex_column_div av-zero-column-padding first  avia-builder-el-4  el_after_av_one_full  el_before_av_hr  column-top-margin\" style='border-radius:0px; '><section class=\"av_textblock_section \"  itemscope=\"itemscope\" itemtype=\"https:\/\/schema.org\/BlogPosting\" itemprop=\"blogPost\" ><div class='avia_textblock  '   itemprop=\"text\" ><p style=\"font-weight: 400; text-align: justify;\">A partir de este lunes pr\u00f3ximo cerca de 1500 ni\u00f1os y ni\u00f1as retornaran a sus actividades de manera normal en los diferentes jardines en la regi\u00f3n de Ays\u00e9n. La educaci\u00f3n inicial desempe\u00f1a un papel fundamental en el desarrollo integral de los ni\u00f1os y ni\u00f1as. Es durante esta etapa crucial que los p\u00e1rvulos (as) comienzan a explorar el mundo que les rodea, adquiriendo nuevas habilidades: cognitivas, f\u00edsicas, emocionales y sociales.<\/p>\n<p style=\"font-weight: 400; text-align: justify;\">Respecto de este tema se refiri\u00f3 el director regional (s) David Catal\u00e1n, quien manifest\u00f3:\u00a0\u201cHoy queremos hacer un llamado a las familias para reforzar la importancia que tiene volver al jard\u00edn infantil, luego de este periodo de receso invernal. Comentarles que hemos trabajado arduamente en este periodo para que los establecimientos est\u00e9n en \u00f3ptimas condiciones y recibir adecuadamente a nuestros p\u00e1rvulos y p\u00e1rvulas, realizando mantenciones en la infraestructura y sanitizando nuestras instalaciones. Nuestros jardines infantiles son un espacio seguro, donde las interacciones son guiadas por equipos expertos. Por eso hoy cuando hablamos de reactivaci\u00f3n educativa y de presencialidad, hablamos del estar en un espacio fundamental, que permitir\u00e1 el crecimiento y alcanzar aprendizajes significativos, todos nuestros ni\u00f1os y ni\u00f1as\u201d<\/p>\n<p style=\"font-weight: 400; text-align: justify;\">Cuando se analiza el por qu\u00e9 madres, padres y adultos responsables deben velar por una asistencia continua y permanente, es principalmente porque en este periodo se sientan las bases para su futuro aprendizaje y crecimiento. Durante esta etapa, los ni\u00f1os tienen la oportunidad de explorar, descubrir y aprender de manera activa y significativa.<\/p>\n<p style=\"font-weight: 400; text-align: justify;\">\u201cEste a\u00f1o el llamado es el plan de reactivaci\u00f3n educativa, por lo tanto, la idea es retomar la presencialidad en todos los jardines infantiles. Entonces la asistencia y la permanencia en el jard\u00edn va a ser fundamentales, porque los ni\u00f1os y ni\u00f1as desarrollan sus procesos de socializaci\u00f3n con sus pares y conjuntamente van a experimentando y desarrollando nuevos aprendizajes\u201d dijo Mar\u00eda Isabel Parada, subdirectora (s) de Calidad Educativa.<\/p>\n<p style=\"font-weight: 400; text-align: justify;\">Uno de los aspectos m\u00e1s importantes de la educaci\u00f3n inicial es el juego. A trav\u00e9s del juego, los ni\u00f1os (as) exploran su entorno, experimentan con diferentes materiales, desarrollan su creatividad y resuelven problemas. El juego tambi\u00e9n fomenta el desarrollo del lenguaje, las habilidades motoras y la interacci\u00f3n social. El llamado y la invitaci\u00f3n es a que ni\u00f1os y ni\u00f1as se les d\u00e9 la oportunidad de ser parte de comunidades educativas, necesarias para un crecimiento integral.<\/p>\n<p style=\"font-weight: 400; text-align: justify;\">\u201cDesde la instituci\u00f3n y sus equipos se est\u00e1n tomando todas las medidas preventivas para entregar las mejores condiciones para el funcionamiento y la continuidad de atenci\u00f3n en los jardines infantiles. Es importante considerar esta semana el ajustar los horarios de descanso y alimentaci\u00f3n, ya que durante este periodo uno se desordena un poco, y el ajustar estos horarios va a permitir que el ni\u00f1o se familiarice otra vez con la organizaci\u00f3n de la jornada cotidiana del jard\u00edn infantil. Tambi\u00e9n conversar con ellos, transmitirles tranquilidad para hablar sobre el jard\u00edn, sobre las personas que volver\u00e1n a ver, los compa\u00f1eros. Preguntarles si quieren volver, por qu\u00e9 quieren volver\u201d manifest\u00f3 la subdirectora de calidad educativa (s).<\/p>\n<\/div><\/section><\/div><div  style='height:50px' class='hr hr-invisible   avia-builder-el-6  el_after_av_one_full  el_before_av_social_share '><span class='hr-inner ' ><span class='hr-inner-style'><\/span><\/span><\/div><\/p>\n<div  class='av-social-sharing-box  avia-builder-el-7  el_after_av_hr  el_before_av_hr  '><div class='av-share-box'><h5 class='av-share-link-description av-no-toc '>Compartir esta noticia<\/h5><ul class='av-share-box-list noLightbox'><li class='av-share-link av-social-link-facebook' ><a target=\"_blank\" aria-label=\"Compartir en Facebook\" href='https:\/\/www.facebook.com\/sharer.php?u=https:\/\/radiorevelacionfm.cl\/?p=33080&#038;t=Ni%C3%B1os%20y%20ni%C3%B1as%20de%20Junji%20Ays%C3%A9n%20vuelven%20a%20sus%20actividades%20pedag%C3%B3gicas%20este%2024%20de%20julio' aria-hidden='false' data-av_icon='\ue8f3' data-av_iconfont='entypo-fontello' title='' data-avia-related-tooltip='Compartir en Facebook' rel=\"noopener\"><span class='avia_hidden_link_text'>Compartir en Facebook<\/span><\/a><\/li><li class='av-share-link av-social-link-twitter' ><a target=\"_blank\" aria-label=\"Compartir en Twitter\" href='https:\/\/twitter.com\/share?text=Ni%C3%B1os%20y%20ni%C3%B1as%20de%20Junji%20Ays%C3%A9n%20vuelven%20a%20sus%20actividades%20pedag%C3%B3gicas%20este%2024%20de%20julio&#038;url=https:\/\/radiorevelacionfm.cl\/?p=33080' aria-hidden='false' data-av_icon='\ue8f1' data-av_iconfont='entypo-fontello' title='' data-avia-related-tooltip='Compartir en Twitter' rel=\"noopener\"><span class='avia_hidden_link_text'>Compartir en Twitter<\/span><\/a><\/li><li class='av-share-link av-social-link-whatsapp' ><a target=\"_blank\" aria-label=\"Compartir en Whatsapp\" href='https:\/\/api.whatsapp.com\/send?text=https:\/\/radiorevelacionfm.cl\/?p=33080' aria-hidden='false' data-av_icon='\uf232' data-av_iconfont='entypo-fontello' title='' data-avia-related-tooltip='Compartir en Whatsapp' rel=\"noopener\"><span class='avia_hidden_link_text'>Compartir en Whatsapp<\/span><\/a><\/li><li class='av-share-link av-social-link-linkedin' ><a target=\"_blank\" aria-label=\"Compartir en LinkedIn\" href='https:\/\/linkedin.com\/shareArticle?mini=true&#038;title=Ni%C3%B1os%20y%20ni%C3%B1as%20de%20Junji%20Ays%C3%A9n%20vuelven%20a%20sus%20actividades%20pedag%C3%B3gicas%20este%2024%20de%20julio&#038;url=https:\/\/radiorevelacionfm.cl\/?p=33080' aria-hidden='false' data-av_icon='\ue8fc' data-av_iconfont='entypo-fontello' title='' data-avia-related-tooltip='Compartir en LinkedIn' rel=\"noopener\"><span class='avia_hidden_link_text'>Compartir en LinkedIn<\/span><\/a><\/li><li class='av-share-link av-social-link-mail' ><a  aria-label=\"Compartir por correo\" href='mailto:?subject=Ni%C3%B1os%20y%20ni%C3%B1as%20de%20Junji%20Ays%C3%A9n%20vuelven%20a%20sus%20actividades%20pedag%C3%B3gicas%20este%2024%20de%20julio&#038;body=https:\/\/radiorevelacionfm.cl\/?p=33080' aria-hidden='false' data-av_icon='\ue805' data-av_iconfont='entypo-fontello' title='' data-avia-related-tooltip='Compartir por correo'><span class='avia_hidden_link_text'>Compartir por correo<\/span><\/a><\/li><\/ul><\/div><\/div>\n<div  style='height:50px' class='hr hr-invisible   avia-builder-el-8  el_after_av_social_share  el_before_av_comments_list '><span class='hr-inner ' ><span class='hr-inner-style'><\/span><\/span><\/div>\n<div  class='av-buildercomment  av-blog-meta-html-info-disabled av-blog-meta-tag-disabled  '><\/div>\n","protected":false},"excerpt":{"rendered":"","protected":false},"author":1,"featured_media":33081,"comment_status":"open","ping_status":"open","sticky":false,"template":"","format":"standard","meta":{"footnotes":""},"categories":[49],"tags":[],"class_list":["post-33080","post","type-post","status-publish","format-standard","has-post-thumbnail","hentry","category-educacion"],"jetpack_featured_media_url":"https:\/\/radiorevelacionfm.cl\/wp-content\/uploads\/2023\/07\/JUNJI-2023-05-31-at-15.14.24-1-1.jpeg","_links":{"self":[{"href":"https:\/\/radiorevelacionfm.cl\/index.php?rest_route=\/wp\/v2\/posts\/33080","targetHints":{"allow":["GET"]}}],"collection":[{"href":"https:\/\/radiorevelacionfm.cl\/index.php?rest_route=\/wp\/v2\/posts"}],"about":[{"href":"https:\/\/radiorevelacionfm.cl\/index.php?rest_route=\/wp\/v2\/types\/post"}],"author":[{"embeddable":true,"href":"https:\/\/radiorevelacionfm.cl\/index.php?rest_route=\/wp\/v2\/users\/1"}],"replies":[{"embeddable":true,"href":"https:\/\/radiorevelacionfm.cl\/index.php?rest_route=%2Fwp%2Fv2%2Fcomments&post=33080"}],"version-history":[{"count":1,"href":"https:\/\/radiorevelacionfm.cl\/index.php?rest_route=\/wp\/v2\/posts\/33080\/revisions"}],"predecessor-version":[{"id":33082,"href":"https:\/\/radiorevelacionfm.cl\/index.php?rest_route=\/wp\/v2\/posts\/33080\/revisions\/33082"}],"wp:featuredmedia":[{"embeddable":true,"href":"https:\/\/radiorevelacionfm.cl\/index.php?rest_route=\/wp\/v2\/media\/33081"}],"wp:attachment":[{"href":"https:\/\/radiorevelacionfm.cl\/index.php?rest_route=%2Fwp%2Fv2%2Fmedia&parent=33080"}],"wp:term":[{"taxonomy":"category","embeddable":true,"href":"https:\/\/radiorevelacionfm.cl\/index.php?rest_route=%2Fwp%2Fv2%2Fcategories&post=33080"},{"taxonomy":"post_tag","embeddable":true,"href":"https:\/\/radiorevelacionfm.cl\/index.php?rest_route=%2Fwp%2Fv2%2Ftags&post=33080"}],"curies":[{"name":"wp","href":"https:\/\/api.w.org\/{rel}","templated":true}]}}