{"id":33077,"date":"2023-07-20T21:37:01","date_gmt":"2023-07-21T00:37:01","guid":{"rendered":"https:\/\/radiorevelacionfm.cl\/?p=33077"},"modified":"2023-07-20T21:37:01","modified_gmt":"2023-07-21T00:37:01","slug":"sec-aysen-y-seremi-de-energia-se-reunen-con-empresa-electrica-tras-sostenidos-cortes-de-luz-en-la-comuna-de-aysen","status":"publish","type":"post","link":"https:\/\/radiorevelacionfm.cl\/?p=33077","title":{"rendered":"SEC Ays\u00e9n y Seremi de Energ\u00eda se re\u00fanen con empresa el\u00e9ctrica tras sostenidos cortes de luz en la comuna de Ays\u00e9n"},"content":{"rendered":"<div class=\"flex_column av_one_full  flex_column_div av-zero-column-padding first  avia-builder-el-0  el_before_av_one_full  avia-builder-el-first  \" style='border-radius:0px; '><div  class='avia-image-container  av-styling-    avia-builder-el-1  avia-builder-el-no-sibling  avia-align-center '  itemprop=\"image\" itemscope=\"itemscope\" itemtype=\"https:\/\/schema.org\/ImageObject\"  ><div class='avia-image-container-inner'><div class='avia-image-overlay-wrap'><img decoding=\"async\" class='wp-image-33078 avia-img-lazy-loading-not-33078 avia_image' src=\"https:\/\/radiorevelacionfm.cl\/wp-content\/uploads\/2023\/07\/1-63-1-2.jpg\" alt='' title='1 (63) (1) (2)' height=\"600\" width=\"891\"  itemprop=\"thumbnailUrl\" srcset=\"https:\/\/radiorevelacionfm.cl\/wp-content\/uploads\/2023\/07\/1-63-1-2.jpg 891w, https:\/\/radiorevelacionfm.cl\/wp-content\/uploads\/2023\/07\/1-63-1-2-300x202.jpg 300w, https:\/\/radiorevelacionfm.cl\/wp-content\/uploads\/2023\/07\/1-63-1-2-768x517.jpg 768w, https:\/\/radiorevelacionfm.cl\/wp-content\/uploads\/2023\/07\/1-63-1-2-705x475.jpg 705w, https:\/\/radiorevelacionfm.cl\/wp-content\/uploads\/2023\/07\/1-63-1-2-450x303.jpg 450w, https:\/\/radiorevelacionfm.cl\/wp-content\/uploads\/2023\/07\/1-63-1-2-600x404.jpg 600w\" sizes=\"(max-width: 891px) 100vw, 891px\" \/><\/div><\/div><\/div><\/div><div class=\"flex_column av_one_full  flex_column_div av-zero-column-padding first  avia-builder-el-2  el_after_av_one_full  el_before_av_one_full  column-top-margin\" style='border-radius:0px; '><section class=\"av_textblock_section \"  itemscope=\"itemscope\" itemtype=\"https:\/\/schema.org\/BlogPosting\" itemprop=\"blogPost\" ><div class='avia_textblock  '   itemprop=\"text\" ><p style=\"text-align: center;\"><span style=\"font-size: 18pt;\"><strong>SEC Ays\u00e9n y Seremi de Energ\u00eda se re\u00fanen con empresa el\u00e9ctrica tras sostenidos cortes de luz en la comuna de Ays\u00e9n<\/strong><\/span><\/p>\n<div id=\"gtx-trans\" style=\"position: absolute; left: -50px; top: 4.31534px;\">\n<div class=\"gtx-trans-icon\"><\/div>\n<\/div>\n<\/div><\/section><\/div><div class=\"flex_column av_one_full  flex_column_div av-zero-column-padding first  avia-builder-el-4  el_after_av_one_full  el_before_av_hr  column-top-margin\" style='border-radius:0px; '><section class=\"av_textblock_section \"  itemscope=\"itemscope\" itemtype=\"https:\/\/schema.org\/BlogPosting\" itemprop=\"blogPost\" ><div class='avia_textblock  '   itemprop=\"text\" ><p style=\"text-align: justify;\">El Director Regional de Ays\u00e9n de la Superintendencia de Electricidad y Combustibles, SEC, Hugo Ardiles; el Seremi de Energ\u00eda Carlos D\u00edaz y representantes de la empresa Edelaysen sostuvieron una reuni\u00f3n debido a la ocurrencia de frecuentes interrupciones de suministro el\u00e9ctrico en la comuna de Ays\u00e9n en lo que va de este a\u00f1o.<\/p>\n<p style=\"text-align: justify;\">A modo de ejemplo, durante las \u00faltimas semanas de junio, vecinos y vecinas de Puerto Ays\u00e9n hicieron latente su malestar por episodios sostenidos de bajas de voltaje y cortes de luz no programados, los que, adem\u00e1s, tuvieron un prolongado tiempo de reposici\u00f3n.<\/p>\n<p style=\"text-align: justify;\">Ante esto, las autoridades regionales de SEC Ays\u00e9n y de la Seremi de Energ\u00eda citaron a Edelaysen solicitando informaci\u00f3n detallada de las interrupciones de suministro el\u00e9ctrico durante este 2023 en la comuna, adem\u00e1s de las acciones que est\u00e1n desarrollando para atender estas situaciones como aumento de inversi\u00f3n y mejoras en la estructura de la red.<\/p>\n<p style=\"text-align: justify;\">Al respecto, el Director Regional de SEC Ays\u00e9n, Hugo Ardiles, se\u00f1al\u00f3 que \u201cesta reuni\u00f3n forma parte de las actividades de seguimiento que realizamos como SEC a objeto de verificar la implementaci\u00f3n de los planes de acci\u00f3n que la distribuidora efect\u00faa para garantizar la seguridad y la continuidad del suministro el\u00e9ctrico. En esta oportunidad, pudimos revisar en detalle la situaci\u00f3n de Ays\u00e9n, constatando que la empresa est\u00e1 realizando acciones de mejoramiento en la red que contribuir\u00e1n a disminuir las interrupciones y, en caso de que \u00e9stas ocurran, mejorar los tiempos de recuperaci\u00f3n del servicio para que la comunidad reciba un suministro el\u00e9ctrico acorde a los est\u00e1ndares de la normativa vigente\u201d.<\/p>\n<p style=\"text-align: justify;\">El Seremi de Energ\u00eda de Ays\u00e9n, Carlos D\u00edaz, expres\u00f3 que \u201cestamos conscientes que la operaci\u00f3n de los sistemas medianos es compleja, especialmente en un sistema tan diversificado como el de Ays\u00e9n. Si bien estamos en constante comunicaci\u00f3n con la SEC y con la empresa el\u00e9ctrica, quisimos tratar algunos temas en mayor profundidad, especialmente relativos a las acciones que se est\u00e1n tomando para mejorar los est\u00e1ndares de servicio. Al respecto y pensando en el mayor plazo y una soluci\u00f3n definitiva, la futura ampliaci\u00f3n de la central Alto Baguales y su sistema de almacenamiento de energ\u00eda, permitir\u00e1n tener un sistema mucho m\u00e1s robusto\u201d.<\/p>\n<p style=\"text-align: justify;\">Por su parte, Leonardo Mor\u00e1n, gerente zonal de Edelaysen, manifest\u00f3 que, dentro del seguimiento a las iniciativas para mantener y mejorar la continuidad del suministro en su zona de operaci\u00f3n, \u201cel a\u00f1o pasado, logramos reemplazar casi 50 transformadores y este a\u00f1o, a la fecha, llevamos reemplazados m\u00e1s de 40 transformadores que han ido quedando al l\u00edmite de su capacidad producto del aumento de los consumos\u201d. Y, agreg\u00f3, que encargaron a una consultora externa un estudio completo de todo el sistema de distribuci\u00f3n y generaci\u00f3n del sistema mediano de la regi\u00f3n.<\/p>\n<p style=\"text-align: justify;\">Desde SEC Ays\u00e9n recordaron que todo corte de luz o artefacto el\u00e9ctrico que haya resultado da\u00f1ado por variaci\u00f3n de voltaje debe ser reportado, de forma inmediata, a la respectiva compa\u00f1\u00eda de distribuci\u00f3n el\u00e9ctrica. Reclamo que, adem\u00e1s, puede ser replicado en el sitio <a href=\"http:\/\/www.sec.cl\">www.sec.cl<\/a> desde cualquier celular.<\/p>\n<p style=\"text-align: justify;\">Finalmente, la invitaci\u00f3n es a seguir la cuenta oficial de la SEC en Instagram (@sec_chile), donde la ciudadan\u00eda podr\u00e1 acceder a informaci\u00f3n \u00fatil y consejos de seguridad para el uso de los energ\u00e9ticos, la que se suma a nuestros perfiles disponibles en Twitter (@SEC_cl) y Facebook, como Superintendencia SEC.<\/p>\n<\/div><\/section><\/div><div  style='height:50px' class='hr hr-invisible   avia-builder-el-6  el_after_av_one_full  el_before_av_social_share '><span class='hr-inner ' ><span class='hr-inner-style'><\/span><\/span><\/div><\/p>\n<div  class='av-social-sharing-box  avia-builder-el-7  el_after_av_hr  el_before_av_hr  '><div class='av-share-box'><h5 class='av-share-link-description av-no-toc '>Compartir esta noticia<\/h5><ul class='av-share-box-list noLightbox'><li class='av-share-link av-social-link-facebook' ><a target=\"_blank\" aria-label=\"Compartir en Facebook\" href='https:\/\/www.facebook.com\/sharer.php?u=https:\/\/radiorevelacionfm.cl\/?p=33077&#038;t=SEC%20Ays%C3%A9n%20y%20Seremi%20de%20Energ%C3%ADa%20se%20re%C3%BAnen%20con%20empresa%20el%C3%A9ctrica%20tras%20sostenidos%20cortes%20de%20luz%20en%20la%20comuna%20de%20Ays%C3%A9n' aria-hidden='false' data-av_icon='\ue8f3' data-av_iconfont='entypo-fontello' title='' data-avia-related-tooltip='Compartir en Facebook' rel=\"noopener\"><span class='avia_hidden_link_text'>Compartir en Facebook<\/span><\/a><\/li><li class='av-share-link av-social-link-twitter' ><a target=\"_blank\" aria-label=\"Compartir en Twitter\" href='https:\/\/twitter.com\/share?text=SEC%20Ays%C3%A9n%20y%20Seremi%20de%20Energ%C3%ADa%20se%20re%C3%BAnen%20con%20empresa%20el%C3%A9ctrica%20tras%20sostenidos%20cortes%20de%20luz%20en%20la%20comuna%20de%20Ays%C3%A9n&#038;url=https:\/\/radiorevelacionfm.cl\/?p=33077' aria-hidden='false' data-av_icon='\ue8f1' data-av_iconfont='entypo-fontello' title='' data-avia-related-tooltip='Compartir en Twitter' rel=\"noopener\"><span class='avia_hidden_link_text'>Compartir en Twitter<\/span><\/a><\/li><li class='av-share-link av-social-link-whatsapp' ><a target=\"_blank\" aria-label=\"Compartir en Whatsapp\" href='https:\/\/api.whatsapp.com\/send?text=https:\/\/radiorevelacionfm.cl\/?p=33077' aria-hidden='false' data-av_icon='\uf232' data-av_iconfont='entypo-fontello' title='' data-avia-related-tooltip='Compartir en Whatsapp' rel=\"noopener\"><span class='avia_hidden_link_text'>Compartir en Whatsapp<\/span><\/a><\/li><li class='av-share-link av-social-link-linkedin' ><a target=\"_blank\" aria-label=\"Compartir en LinkedIn\" href='https:\/\/linkedin.com\/shareArticle?mini=true&#038;title=SEC%20Ays%C3%A9n%20y%20Seremi%20de%20Energ%C3%ADa%20se%20re%C3%BAnen%20con%20empresa%20el%C3%A9ctrica%20tras%20sostenidos%20cortes%20de%20luz%20en%20la%20comuna%20de%20Ays%C3%A9n&#038;url=https:\/\/radiorevelacionfm.cl\/?p=33077' aria-hidden='false' data-av_icon='\ue8fc' data-av_iconfont='entypo-fontello' title='' data-avia-related-tooltip='Compartir en LinkedIn' rel=\"noopener\"><span class='avia_hidden_link_text'>Compartir en LinkedIn<\/span><\/a><\/li><li class='av-share-link av-social-link-mail' ><a  aria-label=\"Compartir por correo\" href='mailto:?subject=SEC%20Ays%C3%A9n%20y%20Seremi%20de%20Energ%C3%ADa%20se%20re%C3%BAnen%20con%20empresa%20el%C3%A9ctrica%20tras%20sostenidos%20cortes%20de%20luz%20en%20la%20comuna%20de%20Ays%C3%A9n&#038;body=https:\/\/radiorevelacionfm.cl\/?p=33077' aria-hidden='false' data-av_icon='\ue805' data-av_iconfont='entypo-fontello' title='' data-avia-related-tooltip='Compartir por correo'><span class='avia_hidden_link_text'>Compartir por correo<\/span><\/a><\/li><\/ul><\/div><\/div>\n<div  style='height:50px' class='hr hr-invisible   avia-builder-el-8  el_after_av_social_share  el_before_av_comments_list '><span class='hr-inner ' ><span class='hr-inner-style'><\/span><\/span><\/div>\n<div  class='av-buildercomment  av-blog-meta-html-info-disabled av-blog-meta-tag-disabled  '><\/div>\n","protected":false},"excerpt":{"rendered":"","protected":false},"author":1,"featured_media":33078,"comment_status":"open","ping_status":"open","sticky":false,"template":"","format":"standard","meta":{"footnotes":""},"categories":[38],"tags":[],"class_list":["post-33077","post","type-post","status-publish","format-standard","has-post-thumbnail","hentry","category-regional"],"jetpack_featured_media_url":"https:\/\/radiorevelacionfm.cl\/wp-content\/uploads\/2023\/07\/1-63-1-2.jpg","_links":{"self":[{"href":"https:\/\/radiorevelacionfm.cl\/index.php?rest_route=\/wp\/v2\/posts\/33077","targetHints":{"allow":["GET"]}}],"collection":[{"href":"https:\/\/radiorevelacionfm.cl\/index.php?rest_route=\/wp\/v2\/posts"}],"about":[{"href":"https:\/\/radiorevelacionfm.cl\/index.php?rest_route=\/wp\/v2\/types\/post"}],"author":[{"embeddable":true,"href":"https:\/\/radiorevelacionfm.cl\/index.php?rest_route=\/wp\/v2\/users\/1"}],"replies":[{"embeddable":true,"href":"https:\/\/radiorevelacionfm.cl\/index.php?rest_route=%2Fwp%2Fv2%2Fcomments&post=33077"}],"version-history":[{"count":1,"href":"https:\/\/radiorevelacionfm.cl\/index.php?rest_route=\/wp\/v2\/posts\/33077\/revisions"}],"predecessor-version":[{"id":33079,"href":"https:\/\/radiorevelacionfm.cl\/index.php?rest_route=\/wp\/v2\/posts\/33077\/revisions\/33079"}],"wp:featuredmedia":[{"embeddable":true,"href":"https:\/\/radiorevelacionfm.cl\/index.php?rest_route=\/wp\/v2\/media\/33078"}],"wp:attachment":[{"href":"https:\/\/radiorevelacionfm.cl\/index.php?rest_route=%2Fwp%2Fv2%2Fmedia&parent=33077"}],"wp:term":[{"taxonomy":"category","embeddable":true,"href":"https:\/\/radiorevelacionfm.cl\/index.php?rest_route=%2Fwp%2Fv2%2Fcategories&post=33077"},{"taxonomy":"post_tag","embeddable":true,"href":"https:\/\/radiorevelacionfm.cl\/index.php?rest_route=%2Fwp%2Fv2%2Ftags&post=33077"}],"curies":[{"name":"wp","href":"https:\/\/api.w.org\/{rel}","templated":true}]}}