{"id":33074,"date":"2023-07-20T11:43:40","date_gmt":"2023-07-20T14:43:40","guid":{"rendered":"https:\/\/radiorevelacionfm.cl\/?p=33074"},"modified":"2023-07-20T11:43:40","modified_gmt":"2023-07-20T14:43:40","slug":"con-matricula-completa-y-reconocimiento-oficial-del-mineduc-funciona-escuela-hospitalaria-en-coyhaique","status":"publish","type":"post","link":"https:\/\/radiorevelacionfm.cl\/?p=33074","title":{"rendered":"Con matricula completa y reconocimiento oficial del Mineduc funciona Escuela Hospitalaria en Coyhaique"},"content":{"rendered":"<div class=\"flex_column av_one_full  flex_column_div av-zero-column-padding first  avia-builder-el-0  el_before_av_one_full  avia-builder-el-first  \" style='border-radius:0px; '><div  class='avia-image-container  av-styling-    avia-builder-el-1  avia-builder-el-no-sibling  avia-align-center '  itemprop=\"image\" itemscope=\"itemscope\" itemtype=\"https:\/\/schema.org\/ImageObject\"  ><div class='avia-image-container-inner'><div class='avia-image-overlay-wrap'><img decoding=\"async\" class='wp-image-33075 avia-img-lazy-loading-not-33075 avia_image' src=\"https:\/\/radiorevelacionfm.cl\/wp-content\/uploads\/2023\/07\/escuela-hospitalaria-1-1_optimized.jpg\" alt='' title='escuela-hospitalaria-1-(1)_optimized' height=\"600\" width=\"1285\"  itemprop=\"thumbnailUrl\" srcset=\"https:\/\/radiorevelacionfm.cl\/wp-content\/uploads\/2023\/07\/escuela-hospitalaria-1-1_optimized.jpg 1285w, https:\/\/radiorevelacionfm.cl\/wp-content\/uploads\/2023\/07\/escuela-hospitalaria-1-1_optimized-300x140.jpg 300w, https:\/\/radiorevelacionfm.cl\/wp-content\/uploads\/2023\/07\/escuela-hospitalaria-1-1_optimized-1030x481.jpg 1030w, https:\/\/radiorevelacionfm.cl\/wp-content\/uploads\/2023\/07\/escuela-hospitalaria-1-1_optimized-768x359.jpg 768w, https:\/\/radiorevelacionfm.cl\/wp-content\/uploads\/2023\/07\/escuela-hospitalaria-1-1_optimized-705x329.jpg 705w, https:\/\/radiorevelacionfm.cl\/wp-content\/uploads\/2023\/07\/escuela-hospitalaria-1-1_optimized-450x210.jpg 450w, https:\/\/radiorevelacionfm.cl\/wp-content\/uploads\/2023\/07\/escuela-hospitalaria-1-1_optimized-600x280.jpg 600w\" sizes=\"(max-width: 1285px) 100vw, 1285px\" \/><\/div><\/div><\/div><\/div><div class=\"flex_column av_one_full  flex_column_div av-zero-column-padding first  avia-builder-el-2  el_after_av_one_full  el_before_av_one_full  column-top-margin\" style='border-radius:0px; '><section class=\"av_textblock_section \"  itemscope=\"itemscope\" itemtype=\"https:\/\/schema.org\/BlogPosting\" itemprop=\"blogPost\" ><div class='avia_textblock  '   itemprop=\"text\" ><p style=\"text-align: center;\"><strong><span style=\"font-size: 18pt;\">Con matricula completa y reconocimiento oficial del Mineduc funciona Escuela Hospitalaria en Coyhaique <\/span><\/strong><\/p>\n<div id=\"gtx-trans\" style=\"position: absolute; left: -50px; top: 4.31534px;\">\n<div class=\"gtx-trans-icon\"><\/div>\n<\/div>\n<\/div><\/section><\/div><div class=\"flex_column av_one_full  flex_column_div av-zero-column-padding first  avia-builder-el-4  el_after_av_one_full  el_before_av_hr  column-top-margin\" style='border-radius:0px; '><section class=\"av_textblock_section \"  itemscope=\"itemscope\" itemtype=\"https:\/\/schema.org\/BlogPosting\" itemprop=\"blogPost\" ><div class='avia_textblock  '   itemprop=\"text\" ><p style=\"text-align: justify;\">La Escuela Hospitalaria del Club de Leones es una de las dos escuelas hospitalarias reconocidas por el Ministerio de Educaci\u00f3n en la regi\u00f3n de Ays\u00e9n, bajo el patrocinio de la Escuela Especial del Club de Leones, con profesionales que comenzaron a trabajar con el Hospital Regional de Coyhaique -HRC- por lo menos desde 2018 y que hoy ya cuentan con un convenio que les ha permitido tener presencia al interior del recinto, con una sala docente destinada a las horas no lectivas de la profesora, atenci\u00f3n de apoderados y para guardar el material pedag\u00f3gico.<\/p>\n<p style=\"text-align: justify;\">Nicol\u00e1s Salinas, gestor de esta iniciativa y representante de los sostenedores de esta escuela -el Club de Leones de Coyhaique-, dio cuenta de su rol durante los a\u00f1os que ha funcionado este trabajo colaborativo, entre los padres, alumnos y docentes de la escuela y el hospital y sus funcionarios.<\/p>\n<p style=\"text-align: justify;\">\u201cEsta idea empieza a crearse el a\u00f1o 2018, donde nos d\u00e1bamos cuenta de que en nuestra escuela madre, la Escuela Especial del Club de Leones, ten\u00edamos alumnos que ten\u00edan grandes periodos de inasistencia, por temas respiratorios principalmente y por indicaciones m\u00e9dicas, que eran dos o tres meses. En ese momento de la Secreduc se nos invit\u00f3 a meternos de a poquito en el tema y la investigaci\u00f3n de lo que era la Escuela Hospitalaria. Ya en el a\u00f1o 2019 empezamos a trabajar con este modelo, en una primera instancia con nuestros alumnos, de nuestra Escuela y en el segundo semestre de 2019 con estudiantes de primero a octavo b\u00e1sico de manera regular\u201d, se\u00f1al\u00f3 Salinas.<\/p>\n<p style=\"text-align: justify;\">El profesional destac\u00f3 las m\u00faltiples experiencias positivas que han tenido desde entonces, entre capacitaciones y exposiciones en el extranjero -promoviendo el modelo que sigue la escuela en Coyhaique- y el trabajo pedag\u00f3gico realizado con cada ni\u00f1o, ni\u00f1a y adolecente. Actualmente la escuela tiene matricula completa con 10 estudiantes, los que en su mayor\u00eda reciben atenci\u00f3n domiciliaria.<\/p>\n<p style=\"text-align: justify;\"><strong>APOYO EN EL PROCESO DE RECUPERACI\u00d3N<\/strong><\/p>\n<p style=\"text-align: justify;\">Por diversos motivos, constantemente el Servicio de Pediatr\u00eda del HRC alberga a ni\u00f1os y ni\u00f1as con hospitalizaciones de larga data, situaci\u00f3n que adem\u00e1s de repercutir en sus estudios, implica que \u00e9stos no puedan hacer una serie de actividades propias de la infancia, como jugar con sus pares, correr o saltar, entre otros. En ese sentido, el apoyo de la Escuela Hospitalaria en el proceso de recuperaci\u00f3n de los pacientes y en su salud mental, es clave.<\/p>\n<p style=\"text-align: justify;\">\u201cHa sido un aporte para el hospital, muy significativo, el que los pap\u00e1s y sobre todo los peque\u00f1os puedan contar con un espacio de aprendizaje de forma paralela con su proceso de hospitalizaci\u00f3n. Si bien es cierto que, no es lo m\u00e1s importante dentro de un proceso de hospitalizaci\u00f3n, que es la recuperaci\u00f3n de salud, no deja de ser menos significativo tener una instancia distinta a lo que implica su salud y que sin duda tiene un impacto positivo tambi\u00e9n en su recuperaci\u00f3n\u201d, se\u00f1al\u00f3 Augusta Godoy, jefa de subdepartamento de Servicio Social, que ha seguido el proceso de crecimiento de este convenio y el impacto positivo que ha tenido en los usuarios.<\/p>\n<p style=\"text-align: justify;\">Tal es el caso de Mia, quien ha debido pasar largos per\u00edodos de hospitalizaci\u00f3n tanto dentro como fuera de la regi\u00f3n de Ays\u00e9n, lo que ha impedido que pueda llevar un proceso de escolarizaci\u00f3n regular. \u201cAl principio fue medio dif\u00edcil, porque ella \u2013su nieta- ven\u00eda un poquito deprimida, pero enganch\u00f3 mucho con la profesora y eso fue bueno\u201d, recuerda Celinda Manr\u00edquez, abuela de Mia.<\/p>\n<p style=\"text-align: justify;\">La se\u00f1ora Celinda se\u00f1al\u00f3 adem\u00e1s que la vocaci\u00f3n de la profesora a cargo de la Escuela Hospitalaria del HRC, ha sido de gran aporte para los ni\u00f1os hospitalizados. \u201cElla tiene mucho <em>swing<\/em> con los ni\u00f1os, entonces se estimulan mucho. Hicieron los planetas, han hecho dibujos, han hecho tareas, han hecho recortes y muchas cositas. Cosas muy entretenidas. Darle gracias a la profesora, que se ha preocupado mucho de todos los ni\u00f1os, porque, para ella, son todos iguales y eso es lo importante, que no haya diferencia entre los ni\u00f1os\u201d, coment\u00f3.<\/p>\n<p style=\"text-align: justify;\"><strong>\u201cM\u00c1S QUE EL CONTENIDO\u201d<\/strong><\/p>\n<p style=\"text-align: justify;\">\u00a0\u201cNuestra misi\u00f3n como Escuela Hospitalaria es brindar atenci\u00f3n educativa a los ni\u00f1os que est\u00e1n dentro del hospital, en sala cama y tambi\u00e9n tenemos la modalidad o el trabajo de los ni\u00f1os que est\u00e1n fuera del hospital, es decir, tambi\u00e9n hacemos atenci\u00f3n en sus casas a aquellos ni\u00f1os que tienen hospitalizaci\u00f3n domiciliaria\u201d, cuenta Soledad Navarro, quien actualmente es la \u00fanica docente del programa.<\/p>\n<p style=\"text-align: justify;\">La profesional hizo hincapi\u00e9 en que \u201cestamos trabajando bien, en conjunto con todo el personal m\u00e9dico, porque como manejan la informaci\u00f3n, ellos siempre me est\u00e1n derivando a aquellos ni\u00f1os que van a necesitar atenci\u00f3n pedag\u00f3gica dentro de su permanencia en el hospital\u201d, reforzando la idea de que uno de los objetivos de estas escuelas es lograr un trabajo coordinado que conecte tanto a las familias y los establecimientos de origen, como a los funcionarios del hospital.<\/p>\n<p style=\"text-align: justify;\">La docente tambi\u00e9n se refiri\u00f3 a c\u00f3mo se traspasan los contenidos, asegurando que en el caso de los y las estudiantes que completan la matr\u00edcula de la Escuela Hospitalaria \u201cm\u00e1s que el contenido, aqu\u00ed abordamos otro tipo de carencias, desde lo emocional, que es lo que m\u00e1s impacta dentro de la pedagog\u00eda hospitalaria\u201d. \u00a0Al mismo tiempo, coment\u00f3 que \u201cen la medida de lo posible, se privilegian actividades que sean m\u00e1s l\u00fadicas. Se trabaja harto con el concurso, con una que otra cosita, para darle un poco m\u00e1s de vida a la pedagog\u00eda en s\u00ed dentro del hospital, porque uno sabe que los ni\u00f1os est\u00e1n que est\u00e1n ac\u00e1, m\u00e1s que el contenido, necesitan otras cosas\u201d.<\/p>\n<\/div><\/section><\/div><div  style='height:50px' class='hr hr-invisible   avia-builder-el-6  el_after_av_one_full  el_before_av_social_share '><span class='hr-inner ' ><span class='hr-inner-style'><\/span><\/span><\/div><\/p>\n<div  class='av-social-sharing-box  avia-builder-el-7  el_after_av_hr  el_before_av_hr  '><div class='av-share-box'><h5 class='av-share-link-description av-no-toc '>Compartir esta noticia<\/h5><ul class='av-share-box-list noLightbox'><li class='av-share-link av-social-link-facebook' ><a target=\"_blank\" aria-label=\"Compartir en Facebook\" href='https:\/\/www.facebook.com\/sharer.php?u=https:\/\/radiorevelacionfm.cl\/?p=33074&#038;t=Con%20matricula%20completa%20y%20reconocimiento%20oficial%20del%20Mineduc%20funciona%20Escuela%20Hospitalaria%20en%20Coyhaique' aria-hidden='false' data-av_icon='\ue8f3' data-av_iconfont='entypo-fontello' title='' data-avia-related-tooltip='Compartir en Facebook' rel=\"noopener\"><span class='avia_hidden_link_text'>Compartir en Facebook<\/span><\/a><\/li><li class='av-share-link av-social-link-twitter' ><a target=\"_blank\" aria-label=\"Compartir en Twitter\" href='https:\/\/twitter.com\/share?text=Con%20matricula%20completa%20y%20reconocimiento%20oficial%20del%20Mineduc%20funciona%20Escuela%20Hospitalaria%20en%20Coyhaique&#038;url=https:\/\/radiorevelacionfm.cl\/?p=33074' aria-hidden='false' data-av_icon='\ue8f1' data-av_iconfont='entypo-fontello' title='' data-avia-related-tooltip='Compartir en Twitter' rel=\"noopener\"><span class='avia_hidden_link_text'>Compartir en Twitter<\/span><\/a><\/li><li class='av-share-link av-social-link-whatsapp' ><a target=\"_blank\" aria-label=\"Compartir en Whatsapp\" href='https:\/\/api.whatsapp.com\/send?text=https:\/\/radiorevelacionfm.cl\/?p=33074' aria-hidden='false' data-av_icon='\uf232' data-av_iconfont='entypo-fontello' title='' data-avia-related-tooltip='Compartir en Whatsapp' rel=\"noopener\"><span class='avia_hidden_link_text'>Compartir en Whatsapp<\/span><\/a><\/li><li class='av-share-link av-social-link-linkedin' ><a target=\"_blank\" aria-label=\"Compartir en LinkedIn\" href='https:\/\/linkedin.com\/shareArticle?mini=true&#038;title=Con%20matricula%20completa%20y%20reconocimiento%20oficial%20del%20Mineduc%20funciona%20Escuela%20Hospitalaria%20en%20Coyhaique&#038;url=https:\/\/radiorevelacionfm.cl\/?p=33074' aria-hidden='false' data-av_icon='\ue8fc' data-av_iconfont='entypo-fontello' title='' data-avia-related-tooltip='Compartir en LinkedIn' rel=\"noopener\"><span class='avia_hidden_link_text'>Compartir en LinkedIn<\/span><\/a><\/li><li class='av-share-link av-social-link-mail' ><a  aria-label=\"Compartir por correo\" href='mailto:?subject=Con%20matricula%20completa%20y%20reconocimiento%20oficial%20del%20Mineduc%20funciona%20Escuela%20Hospitalaria%20en%20Coyhaique&#038;body=https:\/\/radiorevelacionfm.cl\/?p=33074' aria-hidden='false' data-av_icon='\ue805' data-av_iconfont='entypo-fontello' title='' data-avia-related-tooltip='Compartir por correo'><span class='avia_hidden_link_text'>Compartir por correo<\/span><\/a><\/li><\/ul><\/div><\/div>\n<div  style='height:50px' class='hr hr-invisible   avia-builder-el-8  el_after_av_social_share  el_before_av_comments_list '><span class='hr-inner ' ><span class='hr-inner-style'><\/span><\/span><\/div>\n<div  class='av-buildercomment  av-blog-meta-html-info-disabled av-blog-meta-tag-disabled  '><\/div>\n","protected":false},"excerpt":{"rendered":"","protected":false},"author":1,"featured_media":33075,"comment_status":"open","ping_status":"open","sticky":false,"template":"","format":"standard","meta":{"footnotes":""},"categories":[46],"tags":[],"class_list":["post-33074","post","type-post","status-publish","format-standard","has-post-thumbnail","hentry","category-salud"],"jetpack_featured_media_url":"https:\/\/radiorevelacionfm.cl\/wp-content\/uploads\/2023\/07\/escuela-hospitalaria-1-1_optimized.jpg","_links":{"self":[{"href":"https:\/\/radiorevelacionfm.cl\/index.php?rest_route=\/wp\/v2\/posts\/33074","targetHints":{"allow":["GET"]}}],"collection":[{"href":"https:\/\/radiorevelacionfm.cl\/index.php?rest_route=\/wp\/v2\/posts"}],"about":[{"href":"https:\/\/radiorevelacionfm.cl\/index.php?rest_route=\/wp\/v2\/types\/post"}],"author":[{"embeddable":true,"href":"https:\/\/radiorevelacionfm.cl\/index.php?rest_route=\/wp\/v2\/users\/1"}],"replies":[{"embeddable":true,"href":"https:\/\/radiorevelacionfm.cl\/index.php?rest_route=%2Fwp%2Fv2%2Fcomments&post=33074"}],"version-history":[{"count":1,"href":"https:\/\/radiorevelacionfm.cl\/index.php?rest_route=\/wp\/v2\/posts\/33074\/revisions"}],"predecessor-version":[{"id":33076,"href":"https:\/\/radiorevelacionfm.cl\/index.php?rest_route=\/wp\/v2\/posts\/33074\/revisions\/33076"}],"wp:featuredmedia":[{"embeddable":true,"href":"https:\/\/radiorevelacionfm.cl\/index.php?rest_route=\/wp\/v2\/media\/33075"}],"wp:attachment":[{"href":"https:\/\/radiorevelacionfm.cl\/index.php?rest_route=%2Fwp%2Fv2%2Fmedia&parent=33074"}],"wp:term":[{"taxonomy":"category","embeddable":true,"href":"https:\/\/radiorevelacionfm.cl\/index.php?rest_route=%2Fwp%2Fv2%2Fcategories&post=33074"},{"taxonomy":"post_tag","embeddable":true,"href":"https:\/\/radiorevelacionfm.cl\/index.php?rest_route=%2Fwp%2Fv2%2Ftags&post=33074"}],"curies":[{"name":"wp","href":"https:\/\/api.w.org\/{rel}","templated":true}]}}