{"id":33071,"date":"2023-07-19T19:46:14","date_gmt":"2023-07-19T22:46:14","guid":{"rendered":"https:\/\/radiorevelacionfm.cl\/?p=33071"},"modified":"2023-07-19T19:46:14","modified_gmt":"2023-07-19T22:46:14","slug":"candidatos-a-la-rectoria-de-la-universidad-de-aysen-se-miden-en-debate-organizado-por-el-gobierno-regional","status":"publish","type":"post","link":"https:\/\/radiorevelacionfm.cl\/?p=33071","title":{"rendered":"Candidatos a la Rector\u00eda de la Universidad de Ays\u00e9n se miden en debate organizado por el Gobierno Regional"},"content":{"rendered":"<div class=\"flex_column av_one_full  flex_column_div av-zero-column-padding first  avia-builder-el-0  el_before_av_one_full  avia-builder-el-first  \" style='border-radius:0px; '><div  class='avia-image-container  av-styling-    avia-builder-el-1  avia-builder-el-no-sibling  avia-align-center '  itemprop=\"image\" itemscope=\"itemscope\" itemtype=\"https:\/\/schema.org\/ImageObject\"  ><div class='avia-image-container-inner'><div class='avia-image-overlay-wrap'><img decoding=\"async\" class='wp-image-33072 avia-img-lazy-loading-not-33072 avia_image' src=\"https:\/\/radiorevelacionfm.cl\/wp-content\/uploads\/2023\/07\/debate-1-1_optimized.jpg\" alt='' title='debate-1-(1)_optimized' height=\"600\" width=\"898\"  itemprop=\"thumbnailUrl\" srcset=\"https:\/\/radiorevelacionfm.cl\/wp-content\/uploads\/2023\/07\/debate-1-1_optimized.jpg 898w, https:\/\/radiorevelacionfm.cl\/wp-content\/uploads\/2023\/07\/debate-1-1_optimized-300x200.jpg 300w, https:\/\/radiorevelacionfm.cl\/wp-content\/uploads\/2023\/07\/debate-1-1_optimized-768x513.jpg 768w, https:\/\/radiorevelacionfm.cl\/wp-content\/uploads\/2023\/07\/debate-1-1_optimized-705x471.jpg 705w, https:\/\/radiorevelacionfm.cl\/wp-content\/uploads\/2023\/07\/debate-1-1_optimized-450x301.jpg 450w, https:\/\/radiorevelacionfm.cl\/wp-content\/uploads\/2023\/07\/debate-1-1_optimized-600x401.jpg 600w\" sizes=\"(max-width: 898px) 100vw, 898px\" \/><\/div><\/div><\/div><\/div><div class=\"flex_column av_one_full  flex_column_div av-zero-column-padding first  avia-builder-el-2  el_after_av_one_full  el_before_av_one_full  column-top-margin\" style='border-radius:0px; '><section class=\"av_textblock_section \"  itemscope=\"itemscope\" itemtype=\"https:\/\/schema.org\/BlogPosting\" itemprop=\"blogPost\" ><div class='avia_textblock  '   itemprop=\"text\" ><p style=\"text-align: center;\"><strong><span style=\"font-size: 18pt;\">Candidatos a la Rector\u00eda de la Universidad de Ays\u00e9n se miden en debate organizado por el Gobierno Regional<\/span><\/strong><\/p>\n<div id=\"gtx-trans\" style=\"position: absolute; left: -50px; top: 4.31534px;\">\n<div class=\"gtx-trans-icon\"><\/div>\n<\/div>\n<\/div><\/section><\/div><div class=\"flex_column av_one_full  flex_column_div av-zero-column-padding first  avia-builder-el-4  el_after_av_one_full  el_before_av_hr  column-top-margin\" style='border-radius:0px; '><section class=\"av_textblock_section \"  itemscope=\"itemscope\" itemtype=\"https:\/\/schema.org\/BlogPosting\" itemprop=\"blogPost\" ><div class='avia_textblock  '   itemprop=\"text\" ><p dir=\"ltr\" style=\"text-align: justify;\">Este mi\u00e9rcoles en el Sal\u00f3n Padre Antonio Ronchi del edificio del Gobierno Regional de Ays\u00e9n, ubicado en Coyhaique, se desarroll\u00f3 un debate entre los candidatos para la Rector\u00eda de la Universidad de Ays\u00e9n: la doctora en Ciencias Sociales Patricia Carrasco y el doctor en Ingenier\u00eda Inform\u00e1tica Enrique Urra.<\/p>\n<p dir=\"ltr\" style=\"text-align: justify;\">Gracias a esta gesti\u00f3n de la Gobernadora Andrea Mac\u00edas Palma, ambas candidaturas pudieron presentar sus proyectos educativos a la comunidad regional, en un debate que fue transmitido en vivo a trav\u00e9s de las redes sociales del Gobierno Regional, y que cont\u00f3 adem\u00e1s con la presencia de diferentes autoridades regionales, incluyendo al Consejero Regional Rocco Martiniello, la Consejera Regional Paula Acu\u00f1a y a la actual rectora de la casa de estudios, Natacha Pino.<\/p>\n<p dir=\"ltr\" style=\"text-align: justify;\">\u00abLa Universidad de Ays\u00e9n debe trabajar de la mano con el Gobierno Regional, tanto en la generaci\u00f3n de conocimiento como en la investigaci\u00f3n aplicada, pero por sobre todo, en c\u00f3mo vamos avanzando y c\u00f3mo desde la regi\u00f3n levantamos y aportamos a este proceso, que ya se est\u00e1 iniciando, para hacer propuestas desde el territorio en materia de financiamiento de las universidades p\u00fablicas regionales\u00bb, se\u00f1al\u00f3 tras el debate la Gobernadora Regional de Ays\u00e9n.<\/p>\n<p dir=\"ltr\" style=\"text-align: justify;\">La modalidad del debate fue de preguntas alternadas hacia los candidatos, las cuales estuvieron a cargo de cuatro reconocidos comunicadores y comunicadoras regionales: Hugo Araya (El Divisadero), Mar\u00eda Teresa Calvis (Rocco TV), Mauricio Mu\u00f1oz (Genial) y Andrea Rosas (Buenos D\u00edas Ays\u00e9n), quienes abarcaron desde medio ambiente y matr\u00edcula hasta la problem\u00e1tica actual de la universidad que tiene que ver con el financiamiento.<\/p>\n<p dir=\"ltr\" style=\"text-align: justify;\">\u00abNosotros valoramos y agradecemos mucho al Gobierno Regional que se haya generado esta instancia, porque nos permite debatir, dialogar, y no s\u00f3lo hablar del presente m\u00e1s cercano, sino tambi\u00e9n de c\u00f3mo se proyecta la universidad, entendiendo que hoy en d\u00eda hay tem\u00e1ticas que nos complican y que tenemos que superar, pero, asimismo, hay herramientas que nos permiten trabajar estas problem\u00e1ticas, as\u00ed como ha ocurrido en todas las universidades\u00bb, coment\u00f3 el candidato Enrique Urra.<\/p>\n<p dir=\"ltr\" style=\"text-align: justify;\">Las elecciones para elegir qui\u00e9n ser\u00e1 el pr\u00f3ximo rector o rectora de la Universidad de Ays\u00e9n se llevar\u00e1n a cabo el pr\u00f3ximo viernes 21 de julio entre las 09:00 a 17:00 horas, cumpliendo las ocho horas establecidas seg\u00fan el reglamento general de elecciones. En esta ocasi\u00f3n, el padr\u00f3n electoral est\u00e1 compuesto por 59 acad\u00e9micos y acad\u00e9micas de la instituci\u00f3n.<\/p>\n<p dir=\"ltr\" style=\"text-align: justify;\">\u00abSabemos que hoy la educaci\u00f3n superior que brinda la Universidad de Ays\u00e9n tiene que ver con una brecha de acceso a la educaci\u00f3n superior por parte de los j\u00f3venes y las j\u00f3venes de la Regi\u00f3n de Ays\u00e9n. En ese sentido, me parece que este debate permite conectarse, comunicarse con con los territorios, y desde esa perspectiva creo que es muy importante que nosotros revinculemos la universidad con nuestros territorios, que volvamos al origen de la Universidad de Ays\u00e9n\u00bb, concluy\u00f3 la candidata Patricia Carrasco.<\/p>\n<\/div><\/section><\/div><div  style='height:50px' class='hr hr-invisible   avia-builder-el-6  el_after_av_one_full  el_before_av_social_share '><span class='hr-inner ' ><span class='hr-inner-style'><\/span><\/span><\/div><\/p>\n<div  class='av-social-sharing-box  avia-builder-el-7  el_after_av_hr  el_before_av_hr  '><div class='av-share-box'><h5 class='av-share-link-description av-no-toc '>Compartir esta noticia<\/h5><ul class='av-share-box-list noLightbox'><li class='av-share-link av-social-link-facebook' ><a target=\"_blank\" aria-label=\"Compartir en Facebook\" href='https:\/\/www.facebook.com\/sharer.php?u=https:\/\/radiorevelacionfm.cl\/?p=33071&#038;t=Candidatos%20a%20la%20Rector%C3%ADa%20de%20la%20Universidad%20de%20Ays%C3%A9n%20se%20miden%20en%20debate%20organizado%20por%20el%20Gobierno%20Regional' aria-hidden='false' data-av_icon='\ue8f3' data-av_iconfont='entypo-fontello' title='' data-avia-related-tooltip='Compartir en Facebook' rel=\"noopener\"><span class='avia_hidden_link_text'>Compartir en Facebook<\/span><\/a><\/li><li class='av-share-link av-social-link-twitter' ><a target=\"_blank\" aria-label=\"Compartir en Twitter\" href='https:\/\/twitter.com\/share?text=Candidatos%20a%20la%20Rector%C3%ADa%20de%20la%20Universidad%20de%20Ays%C3%A9n%20se%20miden%20en%20debate%20organizado%20por%20el%20Gobierno%20Regional&#038;url=https:\/\/radiorevelacionfm.cl\/?p=33071' aria-hidden='false' data-av_icon='\ue8f1' data-av_iconfont='entypo-fontello' title='' data-avia-related-tooltip='Compartir en Twitter' rel=\"noopener\"><span class='avia_hidden_link_text'>Compartir en Twitter<\/span><\/a><\/li><li class='av-share-link av-social-link-whatsapp' ><a target=\"_blank\" aria-label=\"Compartir en Whatsapp\" href='https:\/\/api.whatsapp.com\/send?text=https:\/\/radiorevelacionfm.cl\/?p=33071' aria-hidden='false' data-av_icon='\uf232' data-av_iconfont='entypo-fontello' title='' data-avia-related-tooltip='Compartir en Whatsapp' rel=\"noopener\"><span class='avia_hidden_link_text'>Compartir en Whatsapp<\/span><\/a><\/li><li class='av-share-link av-social-link-linkedin' ><a target=\"_blank\" aria-label=\"Compartir en LinkedIn\" href='https:\/\/linkedin.com\/shareArticle?mini=true&#038;title=Candidatos%20a%20la%20Rector%C3%ADa%20de%20la%20Universidad%20de%20Ays%C3%A9n%20se%20miden%20en%20debate%20organizado%20por%20el%20Gobierno%20Regional&#038;url=https:\/\/radiorevelacionfm.cl\/?p=33071' aria-hidden='false' data-av_icon='\ue8fc' data-av_iconfont='entypo-fontello' title='' data-avia-related-tooltip='Compartir en LinkedIn' rel=\"noopener\"><span class='avia_hidden_link_text'>Compartir en LinkedIn<\/span><\/a><\/li><li class='av-share-link av-social-link-mail' ><a  aria-label=\"Compartir por correo\" href='mailto:?subject=Candidatos%20a%20la%20Rector%C3%ADa%20de%20la%20Universidad%20de%20Ays%C3%A9n%20se%20miden%20en%20debate%20organizado%20por%20el%20Gobierno%20Regional&#038;body=https:\/\/radiorevelacionfm.cl\/?p=33071' aria-hidden='false' data-av_icon='\ue805' data-av_iconfont='entypo-fontello' title='' data-avia-related-tooltip='Compartir por correo'><span class='avia_hidden_link_text'>Compartir por correo<\/span><\/a><\/li><\/ul><\/div><\/div>\n<div  style='height:50px' class='hr hr-invisible   avia-builder-el-8  el_after_av_social_share  el_before_av_comments_list '><span class='hr-inner ' ><span class='hr-inner-style'><\/span><\/span><\/div>\n<div  class='av-buildercomment  av-blog-meta-html-info-disabled av-blog-meta-tag-disabled  '><\/div>\n","protected":false},"excerpt":{"rendered":"","protected":false},"author":1,"featured_media":33072,"comment_status":"open","ping_status":"open","sticky":false,"template":"","format":"standard","meta":{"footnotes":""},"categories":[38],"tags":[],"class_list":["post-33071","post","type-post","status-publish","format-standard","has-post-thumbnail","hentry","category-regional"],"jetpack_featured_media_url":"https:\/\/radiorevelacionfm.cl\/wp-content\/uploads\/2023\/07\/debate-1-1_optimized.jpg","_links":{"self":[{"href":"https:\/\/radiorevelacionfm.cl\/index.php?rest_route=\/wp\/v2\/posts\/33071","targetHints":{"allow":["GET"]}}],"collection":[{"href":"https:\/\/radiorevelacionfm.cl\/index.php?rest_route=\/wp\/v2\/posts"}],"about":[{"href":"https:\/\/radiorevelacionfm.cl\/index.php?rest_route=\/wp\/v2\/types\/post"}],"author":[{"embeddable":true,"href":"https:\/\/radiorevelacionfm.cl\/index.php?rest_route=\/wp\/v2\/users\/1"}],"replies":[{"embeddable":true,"href":"https:\/\/radiorevelacionfm.cl\/index.php?rest_route=%2Fwp%2Fv2%2Fcomments&post=33071"}],"version-history":[{"count":1,"href":"https:\/\/radiorevelacionfm.cl\/index.php?rest_route=\/wp\/v2\/posts\/33071\/revisions"}],"predecessor-version":[{"id":33073,"href":"https:\/\/radiorevelacionfm.cl\/index.php?rest_route=\/wp\/v2\/posts\/33071\/revisions\/33073"}],"wp:featuredmedia":[{"embeddable":true,"href":"https:\/\/radiorevelacionfm.cl\/index.php?rest_route=\/wp\/v2\/media\/33072"}],"wp:attachment":[{"href":"https:\/\/radiorevelacionfm.cl\/index.php?rest_route=%2Fwp%2Fv2%2Fmedia&parent=33071"}],"wp:term":[{"taxonomy":"category","embeddable":true,"href":"https:\/\/radiorevelacionfm.cl\/index.php?rest_route=%2Fwp%2Fv2%2Fcategories&post=33071"},{"taxonomy":"post_tag","embeddable":true,"href":"https:\/\/radiorevelacionfm.cl\/index.php?rest_route=%2Fwp%2Fv2%2Ftags&post=33071"}],"curies":[{"name":"wp","href":"https:\/\/api.w.org\/{rel}","templated":true}]}}