{"id":33068,"date":"2023-07-20T10:52:59","date_gmt":"2023-07-20T13:52:59","guid":{"rendered":"https:\/\/radiorevelacionfm.cl\/?p=33068"},"modified":"2023-07-20T10:52:59","modified_gmt":"2023-07-20T13:52:59","slug":"camara-chilena-de-la-construccion-de-coyhaique-abordo-nudos-criticos-del-sector-con-la-ministra-de-obras-publicas","status":"publish","type":"post","link":"https:\/\/radiorevelacionfm.cl\/?p=33068","title":{"rendered":"C\u00e1mara Chilena de la Construcci\u00f3n de Coyhaique abord\u00f3 nudos cr\u00edticos del sector con la Ministra de Obras P\u00fablicas"},"content":{"rendered":"<div class=\"flex_column av_one_full  flex_column_div av-zero-column-padding first  avia-builder-el-0  el_before_av_one_full  avia-builder-el-first  \" style='border-radius:0px; '><div  class='avia-image-container  av-styling-    avia-builder-el-1  avia-builder-el-no-sibling  avia-align-center '  itemprop=\"image\" itemscope=\"itemscope\" itemtype=\"https:\/\/schema.org\/ImageObject\"  ><div class='avia-image-container-inner'><div class='avia-image-overlay-wrap'><img decoding=\"async\" class='wp-image-33069 avia-img-lazy-loading-not-33069 avia_image' src=\"https:\/\/radiorevelacionfm.cl\/wp-content\/uploads\/2023\/07\/fva0571-1_optimized.jpg\" alt='' title='_fva0571-(1)_optimized' height=\"600\" width=\"900\"  itemprop=\"thumbnailUrl\" srcset=\"https:\/\/radiorevelacionfm.cl\/wp-content\/uploads\/2023\/07\/fva0571-1_optimized.jpg 900w, https:\/\/radiorevelacionfm.cl\/wp-content\/uploads\/2023\/07\/fva0571-1_optimized-300x200.jpg 300w, https:\/\/radiorevelacionfm.cl\/wp-content\/uploads\/2023\/07\/fva0571-1_optimized-768x512.jpg 768w, https:\/\/radiorevelacionfm.cl\/wp-content\/uploads\/2023\/07\/fva0571-1_optimized-705x470.jpg 705w, https:\/\/radiorevelacionfm.cl\/wp-content\/uploads\/2023\/07\/fva0571-1_optimized-450x300.jpg 450w, https:\/\/radiorevelacionfm.cl\/wp-content\/uploads\/2023\/07\/fva0571-1_optimized-600x400.jpg 600w\" sizes=\"(max-width: 900px) 100vw, 900px\" \/><\/div><\/div><\/div><\/div><div class=\"flex_column av_one_full  flex_column_div av-zero-column-padding first  avia-builder-el-2  el_after_av_one_full  el_before_av_one_full  column-top-margin\" style='border-radius:0px; '><section class=\"av_textblock_section \"  itemscope=\"itemscope\" itemtype=\"https:\/\/schema.org\/BlogPosting\" itemprop=\"blogPost\" ><div class='avia_textblock  '   itemprop=\"text\" ><p style=\"text-align: center;\"><span style=\"font-size: 18pt;\"><b>C\u00e1mara Chilena de la Construcci\u00f3n de Coyhaique abord\u00f3 nudos cr\u00edticos del sector con la Ministra de Obras P\u00fablicas<\/b><\/span><\/p>\n<div id=\"gtx-trans\" style=\"position: absolute; left: -50px; top: 4.31534px;\">\n<div class=\"gtx-trans-icon\"><\/div>\n<\/div>\n<\/div><\/section><\/div><div class=\"flex_column av_one_full  flex_column_div av-zero-column-padding first  avia-builder-el-4  el_after_av_one_full  el_before_av_hr  column-top-margin\" style='border-radius:0px; '><section class=\"av_textblock_section \"  itemscope=\"itemscope\" itemtype=\"https:\/\/schema.org\/BlogPosting\" itemprop=\"blogPost\" ><div class='avia_textblock  '   itemprop=\"text\" ><p class=\"v1MsoNormal\" style=\"text-align: justify;\"><i>Tanto los dirigentes del Gremio de la construcci\u00f3n como el diputado, Ren\u00e9 Alinco, expresaron su preocupaci\u00f3n por el escenario de desempleo que se mantiene en la regi\u00f3n y solicitaron a la autoridad ministerial, dar celeridad a los procesos licitatorios, a fin de reactivar la actividad de la industria en el territorio.<\/i><\/p>\n<p class=\"v1MsoNormal\" style=\"text-align: justify;\">Con el objetivo de abordar la ralentizaci\u00f3n de las licitaciones de la cartera de Obras P\u00fablicas, su relevancia en la reactivaci\u00f3n econ\u00f3mica y proponer diversas medidas para dar soluci\u00f3n a los nudos cr\u00edticos que mantienen en un escenario de escasez de obras de infraestructura a la Regi\u00f3n de Ays\u00e9n, el Past Presidente de la C\u00e1mara Chilena de la Construcci\u00f3n (CChC) Sede Coyhaique, Manuel Suazo y el Presidente del Comit\u00e9 de Infraestructura del gremio, Pedro Pablo Arriagada, acompa\u00f1ados del diputado, Ren\u00e9 Alinco y el vicepresidente nacional de la CChC, Alfredo Echavarr\u00eda, se reunieron con la Ministra de Obras P\u00fablicas, Jessica L\u00f3pez.<\/p>\n<p class=\"v1MsoNormal\" style=\"text-align: justify;\">Al respecto, la presidenta de la C\u00e1mara Chilena de la Construcci\u00f3n sede Coyhaique, Alejandra Alert, manifest\u00f3 que \u00abhan sido diversas las reuniones y gestiones que hemos realizado con las autoridades regionales, para abordar el dif\u00edcil proceso que est\u00e1 viviendo la Regi\u00f3n en cu\u00e1nto a los procesos de licitaci\u00f3n y obras, que dependen de la cartera de Obras P\u00fablicas. Por ende, agradecemos al diputado, Ren\u00e9 Alinco, su disposici\u00f3n y colaboraci\u00f3n en la solicitud de esta reuni\u00f3n, que nos ha permitido llegar a nivel central y plantear, nuestro an\u00e1lisis t\u00e9cnico y propuestas con la Ministra de Obras P\u00fablicas, Jessica L\u00f3pez\u00bb.<\/p>\n<p class=\"v1MsoNormal\" style=\"text-align: justify;\">En cuanto al encuentro sostenido con la titular de obras p\u00fablicas, Pedro Pablo Arriagada, presidente del Comit\u00e9 de Infraestructura de la CChC Sede Coyhaique, explic\u00f3 que \u00aben la reuni\u00f3n, realizamos una presentaci\u00f3n a la ministra a trav\u00e9s de la que abordamos el escenario regional y evidenciamos el atraso que tienen los procesos licitatorios, por lo que fuimos enf\u00e1ticos, en la importancia que tiene el Ministerio de Obras P\u00fablicas en una regi\u00f3n en la que cerca del 80% de la inversi\u00f3n proviene del Estado. En ese sentido, sostuvimos que urge la reactivaci\u00f3n de los proyectos y le hicimos ver que si en el breve plazo, no logra destrabar algunos nudos cr\u00edticos, tales c\u00f3mo; los contratos de conservaci\u00f3n que deben ir a reevaluaci\u00f3n y los contratos que est\u00e1n rezagados por desactualizaci\u00f3n de precios, seguiremos dando vuelta entre licitaciones que seguir\u00e1n declar\u00e1ndose desiertas\u00bb.<\/p>\n<p class=\"v1MsoNormal\" style=\"text-align: justify;\">\u00abTambi\u00e9n, planteamos nuestra preocupaci\u00f3n por la curva del desempleo que sigue a la baja, ya que, en los \u00faltimos cinco meses, se han perdido cerca de mil puestos de trabajo en la Regi\u00f3n de Ays\u00e9n. La industria de la construcci\u00f3n, pas\u00f3 a ser la cuarta industria que m\u00e1s empleos genera actualmente, cu\u00e1ndo siempre hemos estado posicionados como la segunda mayor fuente de empleo en nuestra zona, lo que ha tra\u00eddo consigo que sean muchas las familias que est\u00e1n sin sus principales ingresos o fuentes laborales\u00bb, agreg\u00f3 Pedro Pablo Arriagada.<\/p>\n<p class=\"v1MsoNormal\" style=\"text-align: justify;\">En cuanto a la respuesta que se tuvo de parte de la ministra, Jessica L\u00f3pez, el dirigente gremial, detall\u00f3 que \u00abnos escuch\u00f3 atentamente y comparti\u00f3 el diagn\u00f3stico, comprometiendo avanzar en plazos m\u00e1s concretos, por lo que esperamos estos se cumplan. Al menos, se nos inform\u00f3 que los procesos licitatorios del a\u00f1o, deber\u00edan empezar a ver la luz desde el mes de septiembre en adelante, de ser as\u00ed, a finales de a\u00f1o, podr\u00edamos ver una reactivaci\u00f3n de la industria de la construcci\u00f3n en esta \u00e1rea\u00bb.<\/p>\n<p class=\"v1MsoNormal\" style=\"text-align: justify;\">Finalmente, el dirigente de la C\u00e1mara Chilena de la Construcci\u00f3n, confirm\u00f3 que la Ministra, Jessica L\u00f3pez, sostendr\u00e1 una reuni\u00f3n con el gremio en su pr\u00f3xima visita a la regi\u00f3n, hito en el que se esperan se realicen anuncios importantes en esta materia.<\/p>\n<\/div><\/section><\/div><div  style='height:50px' class='hr hr-invisible   avia-builder-el-6  el_after_av_one_full  el_before_av_social_share '><span class='hr-inner ' ><span class='hr-inner-style'><\/span><\/span><\/div><\/p>\n<div  class='av-social-sharing-box  avia-builder-el-7  el_after_av_hr  el_before_av_hr  '><div class='av-share-box'><h5 class='av-share-link-description av-no-toc '>Compartir esta noticia<\/h5><ul class='av-share-box-list noLightbox'><li class='av-share-link av-social-link-facebook' ><a target=\"_blank\" aria-label=\"Compartir en Facebook\" href='https:\/\/www.facebook.com\/sharer.php?u=https:\/\/radiorevelacionfm.cl\/?p=33068&#038;t=C%C3%A1mara%20Chilena%20de%20la%20Construcci%C3%B3n%20de%20Coyhaique%20abord%C3%B3%20nudos%20cr%C3%ADticos%20del%20sector%20con%20la%20Ministra%20de%20Obras%20P%C3%BAblicas' aria-hidden='false' data-av_icon='\ue8f3' data-av_iconfont='entypo-fontello' title='' data-avia-related-tooltip='Compartir en Facebook' rel=\"noopener\"><span class='avia_hidden_link_text'>Compartir en Facebook<\/span><\/a><\/li><li class='av-share-link av-social-link-twitter' ><a target=\"_blank\" aria-label=\"Compartir en Twitter\" href='https:\/\/twitter.com\/share?text=C%C3%A1mara%20Chilena%20de%20la%20Construcci%C3%B3n%20de%20Coyhaique%20abord%C3%B3%20nudos%20cr%C3%ADticos%20del%20sector%20con%20la%20Ministra%20de%20Obras%20P%C3%BAblicas&#038;url=https:\/\/radiorevelacionfm.cl\/?p=33068' aria-hidden='false' data-av_icon='\ue8f1' data-av_iconfont='entypo-fontello' title='' data-avia-related-tooltip='Compartir en Twitter' rel=\"noopener\"><span class='avia_hidden_link_text'>Compartir en Twitter<\/span><\/a><\/li><li class='av-share-link av-social-link-whatsapp' ><a target=\"_blank\" aria-label=\"Compartir en Whatsapp\" href='https:\/\/api.whatsapp.com\/send?text=https:\/\/radiorevelacionfm.cl\/?p=33068' aria-hidden='false' data-av_icon='\uf232' data-av_iconfont='entypo-fontello' title='' data-avia-related-tooltip='Compartir en Whatsapp' rel=\"noopener\"><span class='avia_hidden_link_text'>Compartir en Whatsapp<\/span><\/a><\/li><li class='av-share-link av-social-link-linkedin' ><a target=\"_blank\" aria-label=\"Compartir en LinkedIn\" href='https:\/\/linkedin.com\/shareArticle?mini=true&#038;title=C%C3%A1mara%20Chilena%20de%20la%20Construcci%C3%B3n%20de%20Coyhaique%20abord%C3%B3%20nudos%20cr%C3%ADticos%20del%20sector%20con%20la%20Ministra%20de%20Obras%20P%C3%BAblicas&#038;url=https:\/\/radiorevelacionfm.cl\/?p=33068' aria-hidden='false' data-av_icon='\ue8fc' data-av_iconfont='entypo-fontello' title='' data-avia-related-tooltip='Compartir en LinkedIn' rel=\"noopener\"><span class='avia_hidden_link_text'>Compartir en LinkedIn<\/span><\/a><\/li><li class='av-share-link av-social-link-mail' ><a  aria-label=\"Compartir por correo\" href='mailto:?subject=C%C3%A1mara%20Chilena%20de%20la%20Construcci%C3%B3n%20de%20Coyhaique%20abord%C3%B3%20nudos%20cr%C3%ADticos%20del%20sector%20con%20la%20Ministra%20de%20Obras%20P%C3%BAblicas&#038;body=https:\/\/radiorevelacionfm.cl\/?p=33068' aria-hidden='false' data-av_icon='\ue805' data-av_iconfont='entypo-fontello' title='' data-avia-related-tooltip='Compartir por correo'><span class='avia_hidden_link_text'>Compartir por correo<\/span><\/a><\/li><\/ul><\/div><\/div>\n<div  style='height:50px' class='hr hr-invisible   avia-builder-el-8  el_after_av_social_share  el_before_av_comments_list '><span class='hr-inner ' ><span class='hr-inner-style'><\/span><\/span><\/div>\n<div  class='av-buildercomment  av-blog-meta-html-info-disabled av-blog-meta-tag-disabled  '><\/div>\n","protected":false},"excerpt":{"rendered":"","protected":false},"author":1,"featured_media":33069,"comment_status":"open","ping_status":"open","sticky":false,"template":"","format":"standard","meta":{"footnotes":""},"categories":[38],"tags":[],"class_list":["post-33068","post","type-post","status-publish","format-standard","has-post-thumbnail","hentry","category-regional"],"jetpack_featured_media_url":"https:\/\/radiorevelacionfm.cl\/wp-content\/uploads\/2023\/07\/fva0571-1_optimized.jpg","_links":{"self":[{"href":"https:\/\/radiorevelacionfm.cl\/index.php?rest_route=\/wp\/v2\/posts\/33068","targetHints":{"allow":["GET"]}}],"collection":[{"href":"https:\/\/radiorevelacionfm.cl\/index.php?rest_route=\/wp\/v2\/posts"}],"about":[{"href":"https:\/\/radiorevelacionfm.cl\/index.php?rest_route=\/wp\/v2\/types\/post"}],"author":[{"embeddable":true,"href":"https:\/\/radiorevelacionfm.cl\/index.php?rest_route=\/wp\/v2\/users\/1"}],"replies":[{"embeddable":true,"href":"https:\/\/radiorevelacionfm.cl\/index.php?rest_route=%2Fwp%2Fv2%2Fcomments&post=33068"}],"version-history":[{"count":1,"href":"https:\/\/radiorevelacionfm.cl\/index.php?rest_route=\/wp\/v2\/posts\/33068\/revisions"}],"predecessor-version":[{"id":33070,"href":"https:\/\/radiorevelacionfm.cl\/index.php?rest_route=\/wp\/v2\/posts\/33068\/revisions\/33070"}],"wp:featuredmedia":[{"embeddable":true,"href":"https:\/\/radiorevelacionfm.cl\/index.php?rest_route=\/wp\/v2\/media\/33069"}],"wp:attachment":[{"href":"https:\/\/radiorevelacionfm.cl\/index.php?rest_route=%2Fwp%2Fv2%2Fmedia&parent=33068"}],"wp:term":[{"taxonomy":"category","embeddable":true,"href":"https:\/\/radiorevelacionfm.cl\/index.php?rest_route=%2Fwp%2Fv2%2Fcategories&post=33068"},{"taxonomy":"post_tag","embeddable":true,"href":"https:\/\/radiorevelacionfm.cl\/index.php?rest_route=%2Fwp%2Fv2%2Ftags&post=33068"}],"curies":[{"name":"wp","href":"https:\/\/api.w.org\/{rel}","templated":true}]}}