{"id":33065,"date":"2023-07-20T11:28:59","date_gmt":"2023-07-20T14:28:59","guid":{"rendered":"https:\/\/radiorevelacionfm.cl\/?p=33065"},"modified":"2023-07-20T11:28:59","modified_gmt":"2023-07-20T14:28:59","slug":"senador-sandoval-apelo-a-responsabilidades-juridicas-por-caso-convenios-que-paguen-los-que-tengan-que-pagar","status":"publish","type":"post","link":"https:\/\/radiorevelacionfm.cl\/?p=33065","title":{"rendered":"Senador Sandoval apel\u00f3 a responsabilidades jur\u00eddicas por caso Convenios: \u201cque paguen los que tengan que pagar\u201d"},"content":{"rendered":"<div class=\"flex_column av_one_full  flex_column_div av-zero-column-padding first  avia-builder-el-0  el_before_av_one_full  avia-builder-el-first  \" style='border-radius:0px; '><div  class='avia-image-container  av-styling-    avia-builder-el-1  avia-builder-el-no-sibling  avia-align-center '  itemprop=\"image\" itemscope=\"itemscope\" itemtype=\"https:\/\/schema.org\/ImageObject\"  ><div class='avia-image-container-inner'><div class='avia-image-overlay-wrap'><img decoding=\"async\" class='wp-image-33066 avia-img-lazy-loading-not-33066 avia_image' src=\"https:\/\/radiorevelacionfm.cl\/wp-content\/uploads\/2023\/07\/Senador-Sandoval-entrevista-1-1.jpg\" alt='' title='Senador Sandoval entrevista (1) (1)' height=\"600\" width=\"1022\"  itemprop=\"thumbnailUrl\" srcset=\"https:\/\/radiorevelacionfm.cl\/wp-content\/uploads\/2023\/07\/Senador-Sandoval-entrevista-1-1.jpg 1022w, https:\/\/radiorevelacionfm.cl\/wp-content\/uploads\/2023\/07\/Senador-Sandoval-entrevista-1-1-300x176.jpg 300w, https:\/\/radiorevelacionfm.cl\/wp-content\/uploads\/2023\/07\/Senador-Sandoval-entrevista-1-1-768x451.jpg 768w, https:\/\/radiorevelacionfm.cl\/wp-content\/uploads\/2023\/07\/Senador-Sandoval-entrevista-1-1-705x414.jpg 705w, https:\/\/radiorevelacionfm.cl\/wp-content\/uploads\/2023\/07\/Senador-Sandoval-entrevista-1-1-450x264.jpg 450w, https:\/\/radiorevelacionfm.cl\/wp-content\/uploads\/2023\/07\/Senador-Sandoval-entrevista-1-1-600x352.jpg 600w\" sizes=\"(max-width: 1022px) 100vw, 1022px\" \/><\/div><\/div><\/div><\/div><div class=\"flex_column av_one_full  flex_column_div av-zero-column-padding first  avia-builder-el-2  el_after_av_one_full  el_before_av_one_full  column-top-margin\" style='border-radius:0px; '><section class=\"av_textblock_section \"  itemscope=\"itemscope\" itemtype=\"https:\/\/schema.org\/BlogPosting\" itemprop=\"blogPost\" ><div class='avia_textblock  '   itemprop=\"text\" ><p style=\"text-align: center;\"><strong><span style=\"font-size: 18pt;\">Senador Sandoval apel\u00f3 a responsabilidades jur\u00eddicas por caso Convenios: \u201cque paguen los que tengan que pagar\u201d<\/span><\/strong><\/p>\n<div id=\"gtx-trans\" style=\"position: absolute; left: -50px; top: 4.31534px;\">\n<div class=\"gtx-trans-icon\"><\/div>\n<\/div>\n<\/div><\/section><\/div><div class=\"flex_column av_one_full  flex_column_div av-zero-column-padding first  avia-builder-el-4  el_after_av_one_full  el_before_av_hr  column-top-margin\" style='border-radius:0px; '><section class=\"av_textblock_section \"  itemscope=\"itemscope\" itemtype=\"https:\/\/schema.org\/BlogPosting\" itemprop=\"blogPost\" ><div class='avia_textblock  '   itemprop=\"text\" ><p style=\"text-align: justify;\">El legislador adelant\u00f3 que \u201cvamos a preparar mecanismos para resolver la ausencia absoluta de control\u201d. Respecto a la pr\u00f3xima discusi\u00f3n presupuestaria, adelant\u00f3 que \u201cviene compleja. Va a haber mucho m\u00e1s control, mucho m\u00e1s rigor\u201d.<\/p>\n<p style=\"text-align: justify;\">\u201cEspero que las responsabilidades pol\u00edticas se establezcan, pero cuando uno habla de \u2018responsabilidades pol\u00edticas\u2019 \u00bfqu\u00e9 significa para la gente? Nada. \u00bfQu\u00e9 se establezcan las responsabilidades jur\u00eddicas? Sin duda que s\u00ed, que paguen los que tengan que pagar\u201d, subray\u00f3 el representante de la regi\u00f3n de Ays\u00e9n, David Sandoval en el programa Profundidad de Campos de TV Senado.<\/p>\n<p style=\"text-align: justify;\">\u201c\u00bfQu\u00e9 pasa con el da\u00f1o patrimonial que hay detr\u00e1s del\u00a0caso Convenios? Creo que evidentemente esto hay que resolverlo\u201d, agreg\u00f3 el senador lamentando la reiteraci\u00f3n de episodios de esta naturaleza. \u201cUnos propician un cambio de paradigma, de la forma de hacer pol\u00edtica y resulta que caemos en los ejercicios m\u00e1s bajos con la gente m\u00e1s humilde\u201d, a\u00f1adi\u00f3.<\/p>\n<p style=\"text-align: justify;\">Sandoval hizo una sentida reflexi\u00f3n respecto de las personas necesitadas que estaban contempladas en los programas originales que se encuentran siendo investigados. \u201cPermanentemente estamos hablando con comit\u00e9s que aspiran al sue\u00f1o de la vivienda. Cuando surgen estas situaciones, lo que estamos haciendo es d\u00e1ndole un golpe brutal a un aspecto tan humano, tan esencial. \u00bfC\u00f3mo es posible que alguien se coluda para construir organizaciones, haga estructuras para generar recursos p\u00fablicos?\u201d.<\/p>\n<p>\u201cAlguien tiene que empezar a olfatear. Creo que hace falta mucho m\u00e1s. No se trata solamente de pensar qui\u00e9n est\u00e1 gastando la plata, sino que adem\u00e1s de eso, revisar cu\u00e1l es la pertinencia. Hay que ser eficiente en fiscalizar porque hablamos de la plata de los servicios p\u00fablicos pero creo que ha faltado mirar la eficacia con la cual se est\u00e1n gastando. Ah\u00ed es donde tenemos dificultades\u201d, puntualiz\u00f3.<\/p>\n<p style=\"text-align: justify;\">M\u00c1S CONTROL ANTE \u201cDESPILFARROS\u201d<\/p>\n<div class=\"contSubtit\" style=\"text-align: justify;\">\n<div class=\"linkSubtit\">Con todo lo anterior, el senador Sandoval anticip\u00f3 que adem\u00e1s de condenar a quienes le est\u00e1n quitando \u201cel t\u00e9 y el pan\u201d a personas de sacrificio, \u201cvamos a preparar una bater\u00eda de mecanismos para resolver el problema de la ausencia absoluta de controles sobre corporaciones y fundaciones que est\u00e1n generando este tipo de situaciones\u201d.<\/div>\n<\/div>\n<p style=\"text-align: justify;\">El tambi\u00e9n integrante de la Quinta Subcomisi\u00f3n Mixta de Presupuestos vincul\u00f3 este tema con la\u00a0discusi\u00f3n del erario p\u00fablico\u00a0planteando que \u201cviene complejo el debate despu\u00e9s de todos estos temas. Va a haber mucho m\u00e1s rigor, mucho m\u00e1s control. Va a haber muchas glosas que establecen razonablemente mecanismos de control\u201d.<\/p>\n<p style=\"text-align: justify;\">\u201cEl Estado tiene muchos recursos, pero tambi\u00e9n tiene un despilfarro de recursos p\u00fablicos. Evidentemente hay que corregir. No es posible que los pocos recursos a veces se gasten en programas, en acciones que no tienen ning\u00fan efecto concreto\u201d, sostuvo.<\/p>\n<p style=\"text-align: justify;\">PENSIONES<\/p>\n<div class=\"contSubtit\" style=\"text-align: justify;\">\n<div class=\"linkSubtit\">Como referente de la <a href=\"https:\/\/www.senado.cl\/appsenado\/index.php?mo=comisiones&amp;ac=ficha&amp;id=1133&amp;tipo_comision=10\">Comisi\u00f3n de Adulto Mayor<\/a>\u00a0en la entrevista, el congresista tambi\u00e9n apel\u00f3 a legislar en favor de este sector. \u201cNuestro pa\u00eds est\u00e1 envejeciendo, hay que hacerse cargo de esa demanda. Es de m\u00ednima justicia\u201d.<\/div>\n<\/div>\n<p style=\"text-align: justify;\">Respecto a la\u00a0reforma previsional\u00a0asegur\u00f3 que \u201cel gobierno se ha ido allanando a entender que hay unos cambios. Nosotros somos partidarios que el 6% vaya todo a la capitalizaci\u00f3n del trabajo porque el empleador le va a pagar a usted por su trabajo esa cotizaci\u00f3n adicional\u201d.<\/p>\n<p style=\"text-align: justify;\">Por el monto de la PGU dijo \u201cah\u00ed hay que hacer un esfuerzo para incrementarlo todo lo que m\u00e1s sea posible. Fue un avance significativo\u201d, valorando a su vez, la labor complementaria que pueden desempe\u00f1ar los seguros de envejecimiento y de dependencia.<\/p>\n<p style=\"text-align: justify;\">CARRETERA AUSTRAL EN AYS\u00c9N<\/p>\n<div class=\"contSubtit\" style=\"text-align: justify;\">\n<div class=\"linkSubtit\">Sobre su regi\u00f3n, hizo ver que entre las prioridad est\u00e1 cubrir la necesidad de calefacci\u00f3n que ha derivado en una persistente contaminaci\u00f3n, y el concebir la carretera austral como eje vertebral de ese territorio extremo.<\/div>\n<\/div>\n<p style=\"text-align: justify;\">\u201cLa regi\u00f3n de Ays\u00e9n lo que busca, anhela y desea es un camino eficiente que nos una de extremo a extremo, que una las comunidades laterales tambi\u00e9n.\u00a0El d\u00eda que tengamos un camino la regi\u00f3n de Ays\u00e9n va a ser radicalmente distinta y ese poblador aislado que vive en los m\u00e1s rec\u00f3nditos rincones de la regi\u00f3n va a decir \u2018yo tambi\u00e9n soy chileno\u2019\u201d, expuso.<\/p>\n<p style=\"text-align: justify;\">\u201cQueremos ser chilenos y tener las mismas oportunidades que cualquier otro ciudadano en cualquier otro rinc\u00f3n del pa\u00eds\u201d, concluy\u00f3 el parlamentario.<\/p>\n<\/div><\/section><\/div><div  style='height:50px' class='hr hr-invisible   avia-builder-el-6  el_after_av_one_full  el_before_av_social_share '><span class='hr-inner ' ><span class='hr-inner-style'><\/span><\/span><\/div><\/p>\n<div  class='av-social-sharing-box  avia-builder-el-7  el_after_av_hr  el_before_av_hr  '><div class='av-share-box'><h5 class='av-share-link-description av-no-toc '>Compartir esta noticia<\/h5><ul class='av-share-box-list noLightbox'><li class='av-share-link av-social-link-facebook' ><a target=\"_blank\" aria-label=\"Compartir en Facebook\" href='https:\/\/www.facebook.com\/sharer.php?u=https:\/\/radiorevelacionfm.cl\/?p=33065&#038;t=Senador%20Sandoval%20apel%C3%B3%20a%20responsabilidades%20jur%C3%ADdicas%20por%20caso%20Convenios%3A%20%E2%80%9Cque%20paguen%20los%20que%20tengan%20que%20pagar%E2%80%9D' aria-hidden='false' data-av_icon='\ue8f3' data-av_iconfont='entypo-fontello' title='' data-avia-related-tooltip='Compartir en Facebook' rel=\"noopener\"><span class='avia_hidden_link_text'>Compartir en Facebook<\/span><\/a><\/li><li class='av-share-link av-social-link-twitter' ><a target=\"_blank\" aria-label=\"Compartir en Twitter\" href='https:\/\/twitter.com\/share?text=Senador%20Sandoval%20apel%C3%B3%20a%20responsabilidades%20jur%C3%ADdicas%20por%20caso%20Convenios%3A%20%E2%80%9Cque%20paguen%20los%20que%20tengan%20que%20pagar%E2%80%9D&#038;url=https:\/\/radiorevelacionfm.cl\/?p=33065' aria-hidden='false' data-av_icon='\ue8f1' data-av_iconfont='entypo-fontello' title='' data-avia-related-tooltip='Compartir en Twitter' rel=\"noopener\"><span class='avia_hidden_link_text'>Compartir en Twitter<\/span><\/a><\/li><li class='av-share-link av-social-link-whatsapp' ><a target=\"_blank\" aria-label=\"Compartir en Whatsapp\" href='https:\/\/api.whatsapp.com\/send?text=https:\/\/radiorevelacionfm.cl\/?p=33065' aria-hidden='false' data-av_icon='\uf232' data-av_iconfont='entypo-fontello' title='' data-avia-related-tooltip='Compartir en Whatsapp' rel=\"noopener\"><span class='avia_hidden_link_text'>Compartir en Whatsapp<\/span><\/a><\/li><li class='av-share-link av-social-link-linkedin' ><a target=\"_blank\" aria-label=\"Compartir en LinkedIn\" href='https:\/\/linkedin.com\/shareArticle?mini=true&#038;title=Senador%20Sandoval%20apel%C3%B3%20a%20responsabilidades%20jur%C3%ADdicas%20por%20caso%20Convenios%3A%20%E2%80%9Cque%20paguen%20los%20que%20tengan%20que%20pagar%E2%80%9D&#038;url=https:\/\/radiorevelacionfm.cl\/?p=33065' aria-hidden='false' data-av_icon='\ue8fc' data-av_iconfont='entypo-fontello' title='' data-avia-related-tooltip='Compartir en LinkedIn' rel=\"noopener\"><span class='avia_hidden_link_text'>Compartir en LinkedIn<\/span><\/a><\/li><li class='av-share-link av-social-link-mail' ><a  aria-label=\"Compartir por correo\" href='mailto:?subject=Senador%20Sandoval%20apel%C3%B3%20a%20responsabilidades%20jur%C3%ADdicas%20por%20caso%20Convenios%3A%20%E2%80%9Cque%20paguen%20los%20que%20tengan%20que%20pagar%E2%80%9D&#038;body=https:\/\/radiorevelacionfm.cl\/?p=33065' aria-hidden='false' data-av_icon='\ue805' data-av_iconfont='entypo-fontello' title='' data-avia-related-tooltip='Compartir por correo'><span class='avia_hidden_link_text'>Compartir por correo<\/span><\/a><\/li><\/ul><\/div><\/div>\n<div  style='height:50px' class='hr hr-invisible   avia-builder-el-8  el_after_av_social_share  el_before_av_comments_list '><span class='hr-inner ' ><span class='hr-inner-style'><\/span><\/span><\/div>\n<div  class='av-buildercomment  av-blog-meta-html-info-disabled av-blog-meta-tag-disabled  '><\/div>\n","protected":false},"excerpt":{"rendered":"","protected":false},"author":1,"featured_media":33066,"comment_status":"open","ping_status":"open","sticky":false,"template":"","format":"standard","meta":{"footnotes":""},"categories":[35],"tags":[],"class_list":["post-33065","post","type-post","status-publish","format-standard","has-post-thumbnail","hentry","category-politica"],"jetpack_featured_media_url":"https:\/\/radiorevelacionfm.cl\/wp-content\/uploads\/2023\/07\/Senador-Sandoval-entrevista-1-1.jpg","_links":{"self":[{"href":"https:\/\/radiorevelacionfm.cl\/index.php?rest_route=\/wp\/v2\/posts\/33065","targetHints":{"allow":["GET"]}}],"collection":[{"href":"https:\/\/radiorevelacionfm.cl\/index.php?rest_route=\/wp\/v2\/posts"}],"about":[{"href":"https:\/\/radiorevelacionfm.cl\/index.php?rest_route=\/wp\/v2\/types\/post"}],"author":[{"embeddable":true,"href":"https:\/\/radiorevelacionfm.cl\/index.php?rest_route=\/wp\/v2\/users\/1"}],"replies":[{"embeddable":true,"href":"https:\/\/radiorevelacionfm.cl\/index.php?rest_route=%2Fwp%2Fv2%2Fcomments&post=33065"}],"version-history":[{"count":1,"href":"https:\/\/radiorevelacionfm.cl\/index.php?rest_route=\/wp\/v2\/posts\/33065\/revisions"}],"predecessor-version":[{"id":33067,"href":"https:\/\/radiorevelacionfm.cl\/index.php?rest_route=\/wp\/v2\/posts\/33065\/revisions\/33067"}],"wp:featuredmedia":[{"embeddable":true,"href":"https:\/\/radiorevelacionfm.cl\/index.php?rest_route=\/wp\/v2\/media\/33066"}],"wp:attachment":[{"href":"https:\/\/radiorevelacionfm.cl\/index.php?rest_route=%2Fwp%2Fv2%2Fmedia&parent=33065"}],"wp:term":[{"taxonomy":"category","embeddable":true,"href":"https:\/\/radiorevelacionfm.cl\/index.php?rest_route=%2Fwp%2Fv2%2Fcategories&post=33065"},{"taxonomy":"post_tag","embeddable":true,"href":"https:\/\/radiorevelacionfm.cl\/index.php?rest_route=%2Fwp%2Fv2%2Ftags&post=33065"}],"curies":[{"name":"wp","href":"https:\/\/api.w.org\/{rel}","templated":true}]}}