{"id":33062,"date":"2023-07-19T17:52:37","date_gmt":"2023-07-19T20:52:37","guid":{"rendered":"https:\/\/radiorevelacionfm.cl\/?p=33062"},"modified":"2023-07-19T17:52:37","modified_gmt":"2023-07-19T20:52:37","slug":"corte-confirma-fallo-que-condena-a-6-anos-de-presidio-a-autor-de-abuso-sexual-en-chile-chico","status":"publish","type":"post","link":"https:\/\/radiorevelacionfm.cl\/?p=33062","title":{"rendered":"Corte confirma fallo que condena a 6 a\u00f1os de presidio a autor de abuso sexual en Chile Chico"},"content":{"rendered":"<div class=\"flex_column av_one_full  flex_column_div av-zero-column-padding first  avia-builder-el-0  el_before_av_one_full  avia-builder-el-first  \" style='border-radius:0px; '><div  class='avia-image-container  av-styling-    avia-builder-el-1  avia-builder-el-no-sibling  avia-align-center '  itemprop=\"image\" itemscope=\"itemscope\" itemtype=\"https:\/\/schema.org\/ImageObject\"  ><div class='avia-image-container-inner'><div class='avia-image-overlay-wrap'><img decoding=\"async\" class='wp-image-33063 avia-img-lazy-loading-not-33063 avia_image' src=\"https:\/\/radiorevelacionfm.cl\/wp-content\/uploads\/2023\/07\/foto-3-corte-coyhaique-nieve-1_optimized-1.jpg\" alt='' title='foto-3-corte-coyhaique-nieve-(1)_optimized (1)' height=\"600\" width=\"900\"  itemprop=\"thumbnailUrl\" srcset=\"https:\/\/radiorevelacionfm.cl\/wp-content\/uploads\/2023\/07\/foto-3-corte-coyhaique-nieve-1_optimized-1.jpg 900w, https:\/\/radiorevelacionfm.cl\/wp-content\/uploads\/2023\/07\/foto-3-corte-coyhaique-nieve-1_optimized-1-300x200.jpg 300w, https:\/\/radiorevelacionfm.cl\/wp-content\/uploads\/2023\/07\/foto-3-corte-coyhaique-nieve-1_optimized-1-768x512.jpg 768w, https:\/\/radiorevelacionfm.cl\/wp-content\/uploads\/2023\/07\/foto-3-corte-coyhaique-nieve-1_optimized-1-705x470.jpg 705w, https:\/\/radiorevelacionfm.cl\/wp-content\/uploads\/2023\/07\/foto-3-corte-coyhaique-nieve-1_optimized-1-450x300.jpg 450w, https:\/\/radiorevelacionfm.cl\/wp-content\/uploads\/2023\/07\/foto-3-corte-coyhaique-nieve-1_optimized-1-600x400.jpg 600w\" sizes=\"(max-width: 900px) 100vw, 900px\" \/><\/div><\/div><\/div><\/div><div class=\"flex_column av_one_full  flex_column_div av-zero-column-padding first  avia-builder-el-2  el_after_av_one_full  el_before_av_one_full  column-top-margin\" style='border-radius:0px; '><section class=\"av_textblock_section \"  itemscope=\"itemscope\" itemtype=\"https:\/\/schema.org\/BlogPosting\" itemprop=\"blogPost\" ><div class='avia_textblock  '   itemprop=\"text\" ><p style=\"text-align: center;\"><strong><span style=\"font-size: 18pt;\">Corte confirma fallo que condena a 6 a\u00f1os de presidio a autor de abuso sexual en Chile Chico<\/span><\/strong><\/p>\n<div id=\"gtx-trans\" style=\"position: absolute; left: -50px; top: 4.31534px;\">\n<div class=\"gtx-trans-icon\"><\/div>\n<\/div>\n<\/div><\/section><\/div><div class=\"flex_column av_one_full  flex_column_div av-zero-column-padding first  avia-builder-el-4  el_after_av_one_full  el_before_av_hr  column-top-margin\" style='border-radius:0px; '><section class=\"av_textblock_section \"  itemscope=\"itemscope\" itemtype=\"https:\/\/schema.org\/BlogPosting\" itemprop=\"blogPost\" ><div class='avia_textblock  '   itemprop=\"text\" ><p class=\"v1MsoNormal\" style=\"text-align: justify;\">La Corte de Apelaciones de Coyhaique rechaz\u00f3 el recurso de nulidad interpuesto por la defensa en contra de la sentencia que conden\u00f3 a S.N.L. a la pena de 6 a\u00f1os de presidio efectivo, en calidad de autor del delito consumado de abuso sexual. Il\u00edcito perpetrado entre 2015 y 2017, en la comuna de Chile Chico.<\/p>\n<p class=\"v1MsoNormal\" style=\"text-align: justify;\">En fallo un\u00e1nime, la Primera Sala del tribunal de alzada \u2013integrada por los ministros Pedro Castro, Luis Aedo Mora y la abogada (i) Paola Aguilar Gallardo\u2013 descart\u00f3 infracci\u00f3n de ley en la sentencia recurrida, pronunciada por el Tribunal de Juicio Oral en lo Penal de Coyhaique.<\/p>\n<p class=\"v1MsoNormal\" style=\"text-align: justify;\">\u00ab(&#8230;) en las circunstancias se\u00f1aladas este Tribunal de Alzada estima que el Tribunal de Juicio Oral en lo Penal cuyo fallo ha sido recurrido, realiz\u00f3 los razonamientos de acuerdo con la prueba rendida, tanto por el ente acusador como por la Defensa, evidenciando con ello las motivaciones que se tuvieron en cuenta para proceder a la condena del imputado en base a la acusaci\u00f3n del Ministerio P\u00fablico, las que se estiman completas y suficientes, de manera que cumplen con las exigencias procesales que reclama el recurrente, sin que aparezca que en la decisi\u00f3n se infrinjan los principios de la l\u00f3gica, m\u00e1ximas de la experiencia ni los conocimientos cient\u00edficamente afianzados, presupuestos de valoraci\u00f3n de la prueba que se hallan conformes con las reglas de la sana cr\u00edtica, como lo prescribe el art\u00edculo 297 del C\u00f3digo Procesal Penal\u00bb, sostiene el fallo.<\/p>\n<p class=\"v1MsoNormal\" style=\"text-align: justify;\">La resoluci\u00f3n agrega que: \u00ab(&#8230;) en relaci\u00f3n a que la sentencia no cumplir\u00eda con los requisitos establecidos en la letra c) d) o e) del art\u00edculo 342 del C\u00f3digo Procesal Penal, estos sentenciadores discrepan de dicha apreciaci\u00f3n de la recurrente, toda vez que de la lectura de la sentencia se comprende que esta contiene la exposici\u00f3n clara, l\u00f3gica y completa de cada uno de los hechos y circunstancias se dieren por probados, y que, de igual modo, cumple con todos aquellos requisitos exigidos por la citada letra c) del art\u00edculo 342; en cuanto tambi\u00e9n se obtiene de ella la valoraci\u00f3n de los medios de prueba que fundamentaron sus conclusiones en los t\u00e9rminos exigidos por el art\u00edculo 297 del mismo cuerpo legal. Asimismo, se ha se\u00f1alado por el Tribunal las razones legales o doctrinales que sirvieron para calificar jur\u00eddicamente cada uno de los hechos y sus circunstancias y para fundar el fallo, referidos detalladamente en el considerando Octavo, Noveno y D\u00e9cimo Tercero, como lo refiere el Tribunal en su sentencia\u00bb.<\/p>\n<p class=\"v1MsoNormal\" style=\"text-align: justify;\">Por tanto, se resuelve que: \u00ab<b>SE RECHAZA<\/b>, el recurso de nulidad deducido por la defensa del sentenciado, S.N.L., en contra de la sentencia dictada con fecha 2 de mayo de 2023, por la que se conden\u00f3 al citado acusado a la pena ya explicitada, pronunciada por el Tribunal de Juicio Oral en lo Penal de Coyhaique, la que, en consecuencia, no es nula, como tampoco el Juicio Oral en el que se dict\u00f3\u00bb.<\/p>\n<\/div><\/section><\/div><div  style='height:50px' class='hr hr-invisible   avia-builder-el-6  el_after_av_one_full  el_before_av_social_share '><span class='hr-inner ' ><span class='hr-inner-style'><\/span><\/span><\/div><\/p>\n<div  class='av-social-sharing-box  avia-builder-el-7  el_after_av_hr  el_before_av_hr  '><div class='av-share-box'><h5 class='av-share-link-description av-no-toc '>Compartir esta noticia<\/h5><ul class='av-share-box-list noLightbox'><li class='av-share-link av-social-link-facebook' ><a target=\"_blank\" aria-label=\"Compartir en Facebook\" href='https:\/\/www.facebook.com\/sharer.php?u=https:\/\/radiorevelacionfm.cl\/?p=33062&#038;t=Corte%20confirma%20fallo%20que%20condena%20a%206%20a%C3%B1os%20de%20presidio%20a%20autor%20de%20abuso%20sexual%20en%20Chile%20Chico' aria-hidden='false' data-av_icon='\ue8f3' data-av_iconfont='entypo-fontello' title='' data-avia-related-tooltip='Compartir en Facebook' rel=\"noopener\"><span class='avia_hidden_link_text'>Compartir en Facebook<\/span><\/a><\/li><li class='av-share-link av-social-link-twitter' ><a target=\"_blank\" aria-label=\"Compartir en Twitter\" href='https:\/\/twitter.com\/share?text=Corte%20confirma%20fallo%20que%20condena%20a%206%20a%C3%B1os%20de%20presidio%20a%20autor%20de%20abuso%20sexual%20en%20Chile%20Chico&#038;url=https:\/\/radiorevelacionfm.cl\/?p=33062' aria-hidden='false' data-av_icon='\ue8f1' data-av_iconfont='entypo-fontello' title='' data-avia-related-tooltip='Compartir en Twitter' rel=\"noopener\"><span class='avia_hidden_link_text'>Compartir en Twitter<\/span><\/a><\/li><li class='av-share-link av-social-link-whatsapp' ><a target=\"_blank\" aria-label=\"Compartir en Whatsapp\" href='https:\/\/api.whatsapp.com\/send?text=https:\/\/radiorevelacionfm.cl\/?p=33062' aria-hidden='false' data-av_icon='\uf232' data-av_iconfont='entypo-fontello' title='' data-avia-related-tooltip='Compartir en Whatsapp' rel=\"noopener\"><span class='avia_hidden_link_text'>Compartir en Whatsapp<\/span><\/a><\/li><li class='av-share-link av-social-link-linkedin' ><a target=\"_blank\" aria-label=\"Compartir en LinkedIn\" href='https:\/\/linkedin.com\/shareArticle?mini=true&#038;title=Corte%20confirma%20fallo%20que%20condena%20a%206%20a%C3%B1os%20de%20presidio%20a%20autor%20de%20abuso%20sexual%20en%20Chile%20Chico&#038;url=https:\/\/radiorevelacionfm.cl\/?p=33062' aria-hidden='false' data-av_icon='\ue8fc' data-av_iconfont='entypo-fontello' title='' data-avia-related-tooltip='Compartir en LinkedIn' rel=\"noopener\"><span class='avia_hidden_link_text'>Compartir en LinkedIn<\/span><\/a><\/li><li class='av-share-link av-social-link-mail' ><a  aria-label=\"Compartir por correo\" href='mailto:?subject=Corte%20confirma%20fallo%20que%20condena%20a%206%20a%C3%B1os%20de%20presidio%20a%20autor%20de%20abuso%20sexual%20en%20Chile%20Chico&#038;body=https:\/\/radiorevelacionfm.cl\/?p=33062' aria-hidden='false' data-av_icon='\ue805' data-av_iconfont='entypo-fontello' title='' data-avia-related-tooltip='Compartir por correo'><span class='avia_hidden_link_text'>Compartir por correo<\/span><\/a><\/li><\/ul><\/div><\/div>\n<div  style='height:50px' class='hr hr-invisible   avia-builder-el-8  el_after_av_social_share  el_before_av_comments_list '><span class='hr-inner ' ><span class='hr-inner-style'><\/span><\/span><\/div>\n<div  class='av-buildercomment  av-blog-meta-html-info-disabled av-blog-meta-tag-disabled  '><\/div>\n","protected":false},"excerpt":{"rendered":"","protected":false},"author":1,"featured_media":33063,"comment_status":"open","ping_status":"open","sticky":false,"template":"","format":"standard","meta":{"footnotes":""},"categories":[55],"tags":[],"class_list":["post-33062","post","type-post","status-publish","format-standard","has-post-thumbnail","hentry","category-justicia"],"jetpack_featured_media_url":"https:\/\/radiorevelacionfm.cl\/wp-content\/uploads\/2023\/07\/foto-3-corte-coyhaique-nieve-1_optimized-1.jpg","_links":{"self":[{"href":"https:\/\/radiorevelacionfm.cl\/index.php?rest_route=\/wp\/v2\/posts\/33062","targetHints":{"allow":["GET"]}}],"collection":[{"href":"https:\/\/radiorevelacionfm.cl\/index.php?rest_route=\/wp\/v2\/posts"}],"about":[{"href":"https:\/\/radiorevelacionfm.cl\/index.php?rest_route=\/wp\/v2\/types\/post"}],"author":[{"embeddable":true,"href":"https:\/\/radiorevelacionfm.cl\/index.php?rest_route=\/wp\/v2\/users\/1"}],"replies":[{"embeddable":true,"href":"https:\/\/radiorevelacionfm.cl\/index.php?rest_route=%2Fwp%2Fv2%2Fcomments&post=33062"}],"version-history":[{"count":1,"href":"https:\/\/radiorevelacionfm.cl\/index.php?rest_route=\/wp\/v2\/posts\/33062\/revisions"}],"predecessor-version":[{"id":33064,"href":"https:\/\/radiorevelacionfm.cl\/index.php?rest_route=\/wp\/v2\/posts\/33062\/revisions\/33064"}],"wp:featuredmedia":[{"embeddable":true,"href":"https:\/\/radiorevelacionfm.cl\/index.php?rest_route=\/wp\/v2\/media\/33063"}],"wp:attachment":[{"href":"https:\/\/radiorevelacionfm.cl\/index.php?rest_route=%2Fwp%2Fv2%2Fmedia&parent=33062"}],"wp:term":[{"taxonomy":"category","embeddable":true,"href":"https:\/\/radiorevelacionfm.cl\/index.php?rest_route=%2Fwp%2Fv2%2Fcategories&post=33062"},{"taxonomy":"post_tag","embeddable":true,"href":"https:\/\/radiorevelacionfm.cl\/index.php?rest_route=%2Fwp%2Fv2%2Ftags&post=33062"}],"curies":[{"name":"wp","href":"https:\/\/api.w.org\/{rel}","templated":true}]}}