{"id":3306,"date":"2021-04-20T13:30:10","date_gmt":"2021-04-20T16:30:10","guid":{"rendered":"https:\/\/radiorevelacionfm.cl\/?p=3306"},"modified":"2021-04-20T13:30:10","modified_gmt":"2021-04-20T16:30:10","slug":"tras-25-anos-en-el-poder-judicial-magistrado-juan-mihoviiovich-se-acoge-a-retiro-voluntario","status":"publish","type":"post","link":"https:\/\/radiorevelacionfm.cl\/?p=3306","title":{"rendered":"Tras 25 a\u00f1os en el Poder Judicial magistrado Juan MihoviIovich se acoge a retiro voluntario"},"content":{"rendered":"<div class=\"flex_column av_one_full  flex_column_div av-zero-column-padding first  avia-builder-el-0  el_before_av_one_full  avia-builder-el-first  \" style='border-radius:0px; '><div  class='avia-image-container  av-styling-    avia-builder-el-1  avia-builder-el-no-sibling  avia-align-center '  itemprop=\"image\" itemscope=\"itemscope\" itemtype=\"https:\/\/schema.org\/ImageObject\"  ><div class='avia-image-container-inner'><div class='avia-image-overlay-wrap'><img decoding=\"async\" class='wp-image-0 avia-img-lazy-loading-not-0 avia_image' src=\"https:\/\/radiorevelacionfm.cl\/wp-content\/uploads\/2021\/04\/image-10-3.png\" alt='' title=''   itemprop=\"thumbnailUrl\"  \/><\/div><\/div><\/div><\/div><div class=\"flex_column av_one_full  flex_column_div av-zero-column-padding first  avia-builder-el-2  el_after_av_one_full  el_before_av_one_full  column-top-margin\" style='border-radius:0px; '><section class=\"av_textblock_section \"  itemscope=\"itemscope\" itemtype=\"https:\/\/schema.org\/BlogPosting\" itemprop=\"blogPost\" ><div class='avia_textblock  '   itemprop=\"text\" ><p style=\"text-align: center;\"><strong><span style=\"font-size: 18pt;\">Tras 25 a\u00f1os en el Poder Judicial magistrado Juan MihoviIovich se acoge a retiro voluntario<\/span><\/strong><\/p>\n<div id=\"gtx-trans\" style=\"position: absolute; left: -50px; top: 4.31534px;\">\n<div class=\"gtx-trans-icon\"><\/div>\n<\/div>\n<\/div><\/section><\/div><div class=\"flex_column av_one_full  flex_column_div av-zero-column-padding first  avia-builder-el-4  el_after_av_one_full  el_before_av_hr  column-top-margin\" style='border-radius:0px; '><section class=\"av_textblock_section \"  itemscope=\"itemscope\" itemtype=\"https:\/\/schema.org\/BlogPosting\" itemprop=\"blogPost\" ><div class='avia_textblock  '   itemprop=\"text\" ><p class=\"v1MsoNormal\" style=\"text-align: justify;\">El pasado 13 de abril, el juez del Juzgado de Puerto Cisnes Juan Mihovilovich Hern\u00e1ndez se acogi\u00f3 a retiro voluntario tras 25 a\u00f1os de carrera judicial. El reconocido magistrado y escritor administr\u00f3 justicia por 10 a\u00f1os en la zona norte de Ays\u00e9n. \u00c9poca en la que, adem\u00e1s, fue nombrado miembro y representante de la comuna en la Academia Chilena de la Lengua.<\/p>\n<p class=\"v1MsoNormal\" style=\"text-align: justify;\">En noviembre de 1995, el Juzgado de Letras y Garant\u00eda de Curepto recibi\u00f3 por primera vez a Juan Mihovilovich Hern\u00e1ndez, en calidad de juez. En el mismo mes, pero del a\u00f1o 2011, realiz\u00f3 su juramento como juez titular del Juzgado de Puerto Cisnes.<\/p>\n<p class=\"v1MsoNormal\" style=\"text-align: justify;\">\u00abNo fue una decisi\u00f3n f\u00e1cil. A estas alturas ya tengo 69 a\u00f1os y me dije ya llevo 25 a\u00f1os ejerciendo como juez, m\u00e1s de 20 a\u00f1os en otras funciones, entre ellas seremi de Justicia, jefe nacional de Readaptaci\u00f3n en Gendarmer\u00eda y como abogado de Derechos Humanos, labor que ejerc\u00ed con mucha pasi\u00f3n, responsabilidad y cari\u00f1o,\u00a0 y tambi\u00e9n desarrollando el ejercicio libre. A fines del a\u00f1o 1995 ingres\u00e9 al Poder Judicial siendo nombrado en la comuna de Curepto, para posteriormente ejercer en otros juzgados. En un momento determinado decid\u00ed postular a Puerto Cisnes, siendo nombrado en noviembre de 2011, estando pr\u00e1cticamente 10 a\u00f1os en esta zona\u00bb, sostuvo el ex magistrado.<\/p>\n<p class=\"v1MsoNormal\" style=\"text-align: justify;\">A\u00f1adi\u00f3 que: \u00abHa sido una labor que procure realizar con eficiencia, con responsabilidad, con honestidad e indudablemente ejerciendo la magistratura con aciertos y hierros\u00bb.<\/p>\n<p class=\"v1MsoNormal\" style=\"text-align: justify;\">Juan Mihovilovich, oriundo de la regi\u00f3n de Magallanes, tambi\u00e9n se refiri\u00f3 a aquellos con los que comparti\u00f3 en esta \u00faltima d\u00e9cada en el Poder Judicial. \u00abEstoy muy agradecido de los funcionarios del tribunal, con quienes siempre tuve buena relaci\u00f3n. Siempre he sido proclive a establecer un di\u00e1logo esencialmente humano, preocuparme de que estuvieran bien porque de ello depende que puedan realizar una labor acorde a las exigencias que tiene el Poder Judicial\u00bb, indic\u00f3.<\/p>\n<p class=\"v1MsoNormal\" style=\"text-align: justify;\">\u00abTambi\u00e9n me voy muy agradecido de los colegas de la regi\u00f3n, de la Asociaci\u00f3n Regional de Magistrados y por cierto con los ministros de la Corte de Apelaciones y de su respaldo profesional, porque indudablemente se resuelven los aciertos y los errores conforme a los requerimientos de los intervinientes. Manteniendo siempre una relaci\u00f3n cordial tanto con fiscal\u00eda como defensor\u00eda y eso me da un balance de satisfacci\u00f3n\u00bb, afirm\u00f3.<\/p>\n<p class=\"v1MsoNormal\" style=\"text-align: justify;\"><b>La magistratura y su labor como escritor<\/b><\/p>\n<p class=\"v1MsoNormal\" style=\"text-align: justify;\">En su estancia por el litoral norte de Ays\u00e9n, Juan Mihovilovich fue nombrado miembro de la Academia Chilena de la Lengua, en representaci\u00f3n de la ciudad de Puerto Cisnes, siendo un hito para la comuna y para su desarrollo como escritor.<\/p>\n<p class=\"v1MsoNormal\" style=\"text-align: justify;\">\u00abSoy un escritor que lleg\u00f3 a ser juez. Mi labor literaria se circunscribe a la narrativa. Partiendo como poeta a los 10 o 11 a\u00f1os de edad, por lo tanto es una vocaci\u00f3n que trasciende cualquier circunstancia inmediata y que ahora quiero continuar\u00bb, dijo.<\/p>\n<p class=\"v1MsoNormal\" style=\"text-align: justify;\">A la comunidad expres\u00f3 que: \u00abQuisiera despedirme de la comuna de Cisnes, como profesional en el ejercicio de una judicatura y decir que siempre las puertas de mi casa estar\u00e1n abiertas para cualquier inquietud y para responder cualquier consulta que sea necesaria\u00bb.<\/p>\n<p class=\"v1MsoNormal\" style=\"text-align: justify;\"><b>Acceso a la justicia<\/b><\/p>\n<p class=\"v1MsoNormal\" style=\"text-align: justify;\">Al concluir, el ex magistrado Mihovilovich manifest\u00f3 su sentir respecto de una iniciativa que acerca la justicia a la gente. \u00abNaturalmente quiero insistir en una premisa que para m\u00ed siempre ha sido fundamental, permitir el acceso a la justicia de las personas que lo necesitan. Ojal\u00e1 se mantengan las itinerancias que realizamos a las localidades de Melinka, La Junta, Lago Verde, Ra\u00fal Mar\u00edn y Puyuhuapi, porque es un acercamiento a los problemas reales de la comunidad y de las personas\u00bb.<\/p>\n<\/div><\/section><\/div><div  style='height:50px' class='hr hr-invisible   avia-builder-el-6  el_after_av_one_full  el_before_av_social_share '><span class='hr-inner ' ><span class='hr-inner-style'><\/span><\/span><\/div><\/p>\n<div  class='av-social-sharing-box  avia-builder-el-7  el_after_av_hr  el_before_av_hr  '><div class='av-share-box'><h5 class='av-share-link-description av-no-toc '>Compartir esta noticia<\/h5><ul class='av-share-box-list noLightbox'><li class='av-share-link av-social-link-facebook' ><a target=\"_blank\" aria-label=\"Compartir en Facebook\" href='https:\/\/www.facebook.com\/sharer.php?u=https:\/\/radiorevelacionfm.cl\/?p=3306&#038;t=Tras%2025%20a%C3%B1os%20en%20el%20Poder%20Judicial%20magistrado%20Juan%20MihoviIovich%20se%20acoge%20a%20retiro%20voluntario' aria-hidden='false' data-av_icon='\ue8f3' data-av_iconfont='entypo-fontello' title='' data-avia-related-tooltip='Compartir en Facebook' rel=\"noopener\"><span class='avia_hidden_link_text'>Compartir en Facebook<\/span><\/a><\/li><li class='av-share-link av-social-link-twitter' ><a target=\"_blank\" aria-label=\"Compartir en Twitter\" href='https:\/\/twitter.com\/share?text=Tras%2025%20a%C3%B1os%20en%20el%20Poder%20Judicial%20magistrado%20Juan%20MihoviIovich%20se%20acoge%20a%20retiro%20voluntario&#038;url=https:\/\/radiorevelacionfm.cl\/?p=3306' aria-hidden='false' data-av_icon='\ue8f1' data-av_iconfont='entypo-fontello' title='' data-avia-related-tooltip='Compartir en Twitter' rel=\"noopener\"><span class='avia_hidden_link_text'>Compartir en Twitter<\/span><\/a><\/li><li class='av-share-link av-social-link-whatsapp' ><a target=\"_blank\" aria-label=\"Compartir en Whatsapp\" href='https:\/\/api.whatsapp.com\/send?text=https:\/\/radiorevelacionfm.cl\/?p=3306' aria-hidden='false' data-av_icon='\uf232' data-av_iconfont='entypo-fontello' title='' data-avia-related-tooltip='Compartir en Whatsapp' rel=\"noopener\"><span class='avia_hidden_link_text'>Compartir en Whatsapp<\/span><\/a><\/li><li class='av-share-link av-social-link-linkedin' ><a target=\"_blank\" aria-label=\"Compartir en LinkedIn\" href='https:\/\/linkedin.com\/shareArticle?mini=true&#038;title=Tras%2025%20a%C3%B1os%20en%20el%20Poder%20Judicial%20magistrado%20Juan%20MihoviIovich%20se%20acoge%20a%20retiro%20voluntario&#038;url=https:\/\/radiorevelacionfm.cl\/?p=3306' aria-hidden='false' data-av_icon='\ue8fc' data-av_iconfont='entypo-fontello' title='' data-avia-related-tooltip='Compartir en LinkedIn' rel=\"noopener\"><span class='avia_hidden_link_text'>Compartir en LinkedIn<\/span><\/a><\/li><li class='av-share-link av-social-link-mail' ><a  aria-label=\"Compartir por correo\" href='mailto:?subject=Tras%2025%20a%C3%B1os%20en%20el%20Poder%20Judicial%20magistrado%20Juan%20MihoviIovich%20se%20acoge%20a%20retiro%20voluntario&#038;body=https:\/\/radiorevelacionfm.cl\/?p=3306' aria-hidden='false' data-av_icon='\ue805' data-av_iconfont='entypo-fontello' title='' data-avia-related-tooltip='Compartir por correo'><span class='avia_hidden_link_text'>Compartir por correo<\/span><\/a><\/li><\/ul><\/div><\/div>\n<div  style='height:50px' class='hr hr-invisible   avia-builder-el-8  el_after_av_social_share  el_before_av_comments_list '><span class='hr-inner ' ><span class='hr-inner-style'><\/span><\/span><\/div>\n<div  class='av-buildercomment  av-blog-meta-html-info-disabled av-blog-meta-tag-disabled  '><\/div>\n","protected":false},"excerpt":{"rendered":"","protected":false},"author":1,"featured_media":0,"comment_status":"open","ping_status":"open","sticky":false,"template":"","format":"standard","meta":{"footnotes":""},"categories":[55],"tags":[],"class_list":["post-3306","post","type-post","status-publish","format-standard","hentry","category-justicia"],"jetpack_featured_media_url":"","_links":{"self":[{"href":"https:\/\/radiorevelacionfm.cl\/index.php?rest_route=\/wp\/v2\/posts\/3306","targetHints":{"allow":["GET"]}}],"collection":[{"href":"https:\/\/radiorevelacionfm.cl\/index.php?rest_route=\/wp\/v2\/posts"}],"about":[{"href":"https:\/\/radiorevelacionfm.cl\/index.php?rest_route=\/wp\/v2\/types\/post"}],"author":[{"embeddable":true,"href":"https:\/\/radiorevelacionfm.cl\/index.php?rest_route=\/wp\/v2\/users\/1"}],"replies":[{"embeddable":true,"href":"https:\/\/radiorevelacionfm.cl\/index.php?rest_route=%2Fwp%2Fv2%2Fcomments&post=3306"}],"version-history":[{"count":1,"href":"https:\/\/radiorevelacionfm.cl\/index.php?rest_route=\/wp\/v2\/posts\/3306\/revisions"}],"predecessor-version":[{"id":3308,"href":"https:\/\/radiorevelacionfm.cl\/index.php?rest_route=\/wp\/v2\/posts\/3306\/revisions\/3308"}],"wp:attachment":[{"href":"https:\/\/radiorevelacionfm.cl\/index.php?rest_route=%2Fwp%2Fv2%2Fmedia&parent=3306"}],"wp:term":[{"taxonomy":"category","embeddable":true,"href":"https:\/\/radiorevelacionfm.cl\/index.php?rest_route=%2Fwp%2Fv2%2Fcategories&post=3306"},{"taxonomy":"post_tag","embeddable":true,"href":"https:\/\/radiorevelacionfm.cl\/index.php?rest_route=%2Fwp%2Fv2%2Ftags&post=3306"}],"curies":[{"name":"wp","href":"https:\/\/api.w.org\/{rel}","templated":true}]}}