{"id":33058,"date":"2023-07-19T17:10:06","date_gmt":"2023-07-19T20:10:06","guid":{"rendered":"https:\/\/radiorevelacionfm.cl\/?p=33058"},"modified":"2023-07-19T17:17:15","modified_gmt":"2023-07-19T20:17:15","slug":"imputada-que-atropello-a-carabinera-en-coyhaique-es-condenada-a-5-anos-y-un-dia-de-presidio","status":"publish","type":"post","link":"https:\/\/radiorevelacionfm.cl\/?p=33058","title":{"rendered":"Imputada que atropell\u00f3 a Carabinera en Coyhaique es condenada a 5 a\u00f1os y un d\u00eda de presidio"},"content":{"rendered":"<div class=\"flex_column av_one_full  flex_column_div av-zero-column-padding first  avia-builder-el-0  el_before_av_one_full  avia-builder-el-first  \" style='border-radius:0px; '><div  class='avia-image-container  av-styling-    avia-builder-el-1  avia-builder-el-no-sibling  avia-align-center '  itemprop=\"image\" itemscope=\"itemscope\" itemtype=\"https:\/\/schema.org\/ImageObject\"  ><div class='avia-image-container-inner'><div class='avia-image-overlay-wrap'><img decoding=\"async\" class='wp-image-33059 avia-img-lazy-loading-not-33059 avia_image' src=\"https:\/\/radiorevelacionfm.cl\/wp-content\/uploads\/2023\/07\/fiscalia_2-1_optimized.jpg\" alt='' title='fiscalia_2-(1)_optimized' height=\"600\" width=\"900\"  itemprop=\"thumbnailUrl\" srcset=\"https:\/\/radiorevelacionfm.cl\/wp-content\/uploads\/2023\/07\/fiscalia_2-1_optimized.jpg 900w, https:\/\/radiorevelacionfm.cl\/wp-content\/uploads\/2023\/07\/fiscalia_2-1_optimized-300x200.jpg 300w, https:\/\/radiorevelacionfm.cl\/wp-content\/uploads\/2023\/07\/fiscalia_2-1_optimized-768x512.jpg 768w, https:\/\/radiorevelacionfm.cl\/wp-content\/uploads\/2023\/07\/fiscalia_2-1_optimized-705x470.jpg 705w, https:\/\/radiorevelacionfm.cl\/wp-content\/uploads\/2023\/07\/fiscalia_2-1_optimized-450x300.jpg 450w, https:\/\/radiorevelacionfm.cl\/wp-content\/uploads\/2023\/07\/fiscalia_2-1_optimized-600x400.jpg 600w\" sizes=\"(max-width: 900px) 100vw, 900px\" \/><\/div><\/div><\/div><\/div>\n<div class=\"flex_column av_one_full  flex_column_div av-zero-column-padding first  avia-builder-el-2  el_after_av_one_full  el_before_av_one_full  column-top-margin\" style='border-radius:0px; '><section class=\"av_textblock_section \"  itemscope=\"itemscope\" itemtype=\"https:\/\/schema.org\/BlogPosting\" itemprop=\"blogPost\" ><div class='avia_textblock  '   itemprop=\"text\" ><p style=\"text-align: center;\"><strong><span style=\"font-size: 18pt;\">Imputada que atropell\u00f3 a Carabinera en Coyhaique es condenada a 5 a\u00f1os y un d\u00eda de presidio<\/span><\/strong><\/p>\n<div id=\"gtx-trans\" style=\"position: absolute; left: -50px; top: 4.31534px;\">\n<div class=\"gtx-trans-icon\"><\/div>\n<\/div>\n<\/div><\/section><\/div><div class=\"flex_column av_one_full  flex_column_div av-zero-column-padding first  avia-builder-el-4  el_after_av_one_full  el_before_av_hr  column-top-margin\" style='border-radius:0px; '><section class=\"av_textblock_section \"  itemscope=\"itemscope\" itemtype=\"https:\/\/schema.org\/BlogPosting\" itemprop=\"blogPost\" ><div class='avia_textblock  '   itemprop=\"text\" ><p class=\"v1MsoNormal\" style=\"text-align: justify;\">La Fiscal\u00eda Local de Coyhaique logr\u00f3 que una imputada de 36 a\u00f1os, fuera condenada por el Tribunal de Juicio Oral en Lo Penal de Coyhaique a 5 a\u00f1os y un d\u00eda de presidio mayor en su grado m\u00ednimo y otros 200 d\u00edas de presidio y una multa de 5 Unidades Tributarias Mensuales, como autora de robo con violencia y hurto simple, por hechos ocurridos el viernes 24 de junio del a\u00f1o pasado.<\/p>\n<p class=\"v1MsoNormal\" style=\"text-align: justify;\">En dicha ocasi\u00f3n, la imputada -quien registra condenas anteriores por otros delitos- atropell\u00f3 a una suboficial de Carabineros, luego de huir desde un local comercial donde fue sorprendida hurtando especies.<\/p>\n<p class=\"v1MsoNormal\" style=\"text-align: justify;\">Seg\u00fan explic\u00f3 el fiscal Luis Contreras Alfaro, quien litig\u00f3 en el juicio, \u201clos hechos consistieron en que una persona de sexo femenino, el a\u00f1o reci\u00e9n pasado, sustrajo especies desde Homecenter Sodimac. La imputada al huir de este local comercial, atropell\u00f3 a una funcionaria de Carabineros\u201d.<\/p>\n<p class=\"v1MsoNormal\" style=\"text-align: justify;\">El persecutor penal agreg\u00f3 que \u201cestos hechos que provocaron gran conmoci\u00f3n durante el a\u00f1o 2022, fueron llevados a juicio por la Fiscal\u00eda y en definitiva, el Tribunal de Juicio Oral en Lo Penal decidi\u00f3 condenar a estar persona como autora de los delitos de hurto y robo con violencia, acogiendo en todas sus parte la tesis de la Fiscal\u00eda\u201d.<\/p>\n<p class=\"v1MsoNormal\" style=\"text-align: justify;\">En este caso, el Ministerio P\u00fablico solicit\u00f3 diligencias investigativas a Carabineros de la Primera Comisar\u00eda, SIP y Laboratorio de Criminal\u00edstica, Labocar.<\/p>\n<p class=\"v1MsoNormal\" style=\"text-align: justify;\">HECHOS<\/p>\n<p class=\"v1MsoNormal\" style=\"text-align: justify;\">La imputada el 24 de junio del a\u00f1o pasado, al ser sorprendida por los guardias de seguridad, huy\u00f3 hasta el estacionamiento y abord\u00f3 un autom\u00f3vil para escapar. En su huida, provoc\u00f3 da\u00f1os a otro veh\u00edculo que le anteced\u00eda.<\/p>\n<p class=\"v1MsoNormal\" style=\"text-align: justify;\">Carabineros, que hab\u00edan sido puestos en conocimiento de esta situaci\u00f3n, llegaron al lugar y una funcionaria se ubic\u00f3 frente al auto para conminarla a detener su marcha, sin embargo, fue atropellada. Un trabajador del recinto comercial tambi\u00e9n fue casi atropellado.<\/p>\n<p class=\"v1MsoNormal\" style=\"text-align: justify;\">En el intertanto, personal policial hizo uso de sus armas de fuego, para intentar detenerla; no obstante, la acusada logr\u00f3 darse a la fuga del lugar en el autom\u00f3vil, siendo detenida posteriormente en su domicilio por personal de Carabineros.<\/p>\n<p class=\"v1MsoNormal\" style=\"text-align: justify;\">La sentencia fue dictada por los jueces Rosal\u00eda Mansilla Quiroz, Patricio Z\u00fa\u00f1iga Valenzuela y Pablo Freire Gavil\u00e1n.<\/p>\n<\/div><\/section><\/div><\/p>\n<div  style='height:50px' class='hr hr-invisible   avia-builder-el-6  el_after_av_one_full  el_before_av_social_share '><span class='hr-inner ' ><span class='hr-inner-style'><\/span><\/span><\/div>\n<div  class='av-social-sharing-box  avia-builder-el-7  el_after_av_hr  el_before_av_hr  '><div class='av-share-box'><h5 class='av-share-link-description av-no-toc '>Compartir esta noticia<\/h5><ul class='av-share-box-list noLightbox'><li class='av-share-link av-social-link-facebook' ><a target=\"_blank\" aria-label=\"Compartir en Facebook\" href='https:\/\/www.facebook.com\/sharer.php?u=https:\/\/radiorevelacionfm.cl\/?p=33058&#038;t=Imputada%20que%20atropell%C3%B3%20a%20Carabinera%20en%20Coyhaique%20es%20condenada%20a%205%20a%C3%B1os%20y%20un%20d%C3%ADa%20de%20presidio' aria-hidden='false' data-av_icon='\ue8f3' data-av_iconfont='entypo-fontello' title='' data-avia-related-tooltip='Compartir en Facebook' rel=\"noopener\"><span class='avia_hidden_link_text'>Compartir en Facebook<\/span><\/a><\/li><li class='av-share-link av-social-link-twitter' ><a target=\"_blank\" aria-label=\"Compartir en Twitter\" href='https:\/\/twitter.com\/share?text=Imputada%20que%20atropell%C3%B3%20a%20Carabinera%20en%20Coyhaique%20es%20condenada%20a%205%20a%C3%B1os%20y%20un%20d%C3%ADa%20de%20presidio&#038;url=https:\/\/radiorevelacionfm.cl\/?p=33058' aria-hidden='false' data-av_icon='\ue8f1' data-av_iconfont='entypo-fontello' title='' data-avia-related-tooltip='Compartir en Twitter' rel=\"noopener\"><span class='avia_hidden_link_text'>Compartir en Twitter<\/span><\/a><\/li><li class='av-share-link av-social-link-whatsapp' ><a target=\"_blank\" aria-label=\"Compartir en Whatsapp\" href='https:\/\/api.whatsapp.com\/send?text=https:\/\/radiorevelacionfm.cl\/?p=33058' aria-hidden='false' data-av_icon='\uf232' data-av_iconfont='entypo-fontello' title='' data-avia-related-tooltip='Compartir en Whatsapp' rel=\"noopener\"><span class='avia_hidden_link_text'>Compartir en Whatsapp<\/span><\/a><\/li><li class='av-share-link av-social-link-linkedin' ><a target=\"_blank\" aria-label=\"Compartir en LinkedIn\" href='https:\/\/linkedin.com\/shareArticle?mini=true&#038;title=Imputada%20que%20atropell%C3%B3%20a%20Carabinera%20en%20Coyhaique%20es%20condenada%20a%205%20a%C3%B1os%20y%20un%20d%C3%ADa%20de%20presidio&#038;url=https:\/\/radiorevelacionfm.cl\/?p=33058' aria-hidden='false' data-av_icon='\ue8fc' data-av_iconfont='entypo-fontello' title='' data-avia-related-tooltip='Compartir en LinkedIn' rel=\"noopener\"><span class='avia_hidden_link_text'>Compartir en LinkedIn<\/span><\/a><\/li><li class='av-share-link av-social-link-mail' ><a  aria-label=\"Compartir por correo\" href='mailto:?subject=Imputada%20que%20atropell%C3%B3%20a%20Carabinera%20en%20Coyhaique%20es%20condenada%20a%205%20a%C3%B1os%20y%20un%20d%C3%ADa%20de%20presidio&#038;body=https:\/\/radiorevelacionfm.cl\/?p=33058' aria-hidden='false' data-av_icon='\ue805' data-av_iconfont='entypo-fontello' title='' data-avia-related-tooltip='Compartir por correo'><span class='avia_hidden_link_text'>Compartir por correo<\/span><\/a><\/li><\/ul><\/div><\/div>\n<div  style='height:50px' class='hr hr-invisible   avia-builder-el-8  el_after_av_social_share  el_before_av_comments_list '><span class='hr-inner ' ><span class='hr-inner-style'><\/span><\/span><\/div>\n<div  class='av-buildercomment  av-blog-meta-html-info-disabled av-blog-meta-tag-disabled  '><\/div>\n","protected":false},"excerpt":{"rendered":"","protected":false},"author":1,"featured_media":33059,"comment_status":"open","ping_status":"open","sticky":false,"template":"","format":"standard","meta":{"footnotes":""},"categories":[55],"tags":[],"class_list":["post-33058","post","type-post","status-publish","format-standard","has-post-thumbnail","hentry","category-justicia"],"jetpack_featured_media_url":"https:\/\/radiorevelacionfm.cl\/wp-content\/uploads\/2023\/07\/fiscalia_2-1_optimized.jpg","_links":{"self":[{"href":"https:\/\/radiorevelacionfm.cl\/index.php?rest_route=\/wp\/v2\/posts\/33058","targetHints":{"allow":["GET"]}}],"collection":[{"href":"https:\/\/radiorevelacionfm.cl\/index.php?rest_route=\/wp\/v2\/posts"}],"about":[{"href":"https:\/\/radiorevelacionfm.cl\/index.php?rest_route=\/wp\/v2\/types\/post"}],"author":[{"embeddable":true,"href":"https:\/\/radiorevelacionfm.cl\/index.php?rest_route=\/wp\/v2\/users\/1"}],"replies":[{"embeddable":true,"href":"https:\/\/radiorevelacionfm.cl\/index.php?rest_route=%2Fwp%2Fv2%2Fcomments&post=33058"}],"version-history":[{"count":2,"href":"https:\/\/radiorevelacionfm.cl\/index.php?rest_route=\/wp\/v2\/posts\/33058\/revisions"}],"predecessor-version":[{"id":33061,"href":"https:\/\/radiorevelacionfm.cl\/index.php?rest_route=\/wp\/v2\/posts\/33058\/revisions\/33061"}],"wp:featuredmedia":[{"embeddable":true,"href":"https:\/\/radiorevelacionfm.cl\/index.php?rest_route=\/wp\/v2\/media\/33059"}],"wp:attachment":[{"href":"https:\/\/radiorevelacionfm.cl\/index.php?rest_route=%2Fwp%2Fv2%2Fmedia&parent=33058"}],"wp:term":[{"taxonomy":"category","embeddable":true,"href":"https:\/\/radiorevelacionfm.cl\/index.php?rest_route=%2Fwp%2Fv2%2Fcategories&post=33058"},{"taxonomy":"post_tag","embeddable":true,"href":"https:\/\/radiorevelacionfm.cl\/index.php?rest_route=%2Fwp%2Fv2%2Ftags&post=33058"}],"curies":[{"name":"wp","href":"https:\/\/api.w.org\/{rel}","templated":true}]}}