{"id":33052,"date":"2023-07-19T19:02:09","date_gmt":"2023-07-19T22:02:09","guid":{"rendered":"https:\/\/radiorevelacionfm.cl\/?p=33052"},"modified":"2023-07-19T19:02:09","modified_gmt":"2023-07-19T22:02:09","slug":"nuevo-taller-participativo-invita-a-trabajar-en-la-consolidacion-de-un-modelo-de-gestion-territorial-en-ctci","status":"publish","type":"post","link":"https:\/\/radiorevelacionfm.cl\/?p=33052","title":{"rendered":"Nuevo taller participativo invita a trabajar en la consolidaci\u00f3n de un modelo de gesti\u00f3n territorial en CTCI"},"content":{"rendered":"<div class=\"flex_column av_one_full  flex_column_div av-zero-column-padding first  avia-builder-el-0  el_before_av_one_full  avia-builder-el-first  \" style='border-radius:0px; '><div  class='avia-image-container  av-styling-    avia-builder-el-1  avia-builder-el-no-sibling  avia-align-center '  itemprop=\"image\" itemscope=\"itemscope\" itemtype=\"https:\/\/schema.org\/ImageObject\"  ><div class='avia-image-container-inner'><div class='avia-image-overlay-wrap'><img decoding=\"async\" class='wp-image-33053 avia-img-lazy-loading-not-33053 avia_image' src=\"https:\/\/radiorevelacionfm.cl\/wp-content\/uploads\/2023\/07\/Foto-Taller-Gobernanza-1-1.jpeg\" alt='' title='Foto Taller Gobernanza (1) (1)' height=\"600\" width=\"799\"  itemprop=\"thumbnailUrl\" srcset=\"https:\/\/radiorevelacionfm.cl\/wp-content\/uploads\/2023\/07\/Foto-Taller-Gobernanza-1-1.jpeg 799w, https:\/\/radiorevelacionfm.cl\/wp-content\/uploads\/2023\/07\/Foto-Taller-Gobernanza-1-1-300x225.jpeg 300w, https:\/\/radiorevelacionfm.cl\/wp-content\/uploads\/2023\/07\/Foto-Taller-Gobernanza-1-1-768x577.jpeg 768w, https:\/\/radiorevelacionfm.cl\/wp-content\/uploads\/2023\/07\/Foto-Taller-Gobernanza-1-1-705x529.jpeg 705w, https:\/\/radiorevelacionfm.cl\/wp-content\/uploads\/2023\/07\/Foto-Taller-Gobernanza-1-1-450x338.jpeg 450w, https:\/\/radiorevelacionfm.cl\/wp-content\/uploads\/2023\/07\/Foto-Taller-Gobernanza-1-1-600x451.jpeg 600w\" sizes=\"(max-width: 799px) 100vw, 799px\" \/><\/div><\/div><\/div><\/div><div class=\"flex_column av_one_full  flex_column_div av-zero-column-padding first  avia-builder-el-2  el_after_av_one_full  el_before_av_one_full  column-top-margin\" style='border-radius:0px; '><section class=\"av_textblock_section \"  itemscope=\"itemscope\" itemtype=\"https:\/\/schema.org\/BlogPosting\" itemprop=\"blogPost\" ><div class='avia_textblock  '   itemprop=\"text\" ><p style=\"text-align: center;\"><span style=\"font-size: 18pt;\"><strong>Nuevo taller participativo invita a trabajar en la consolidaci\u00f3n de un modelo de gesti\u00f3n territorial en CTCI<\/strong><\/span><\/p>\n<div id=\"gtx-trans\" style=\"position: absolute; left: -50px; top: 4.31534px;\">\n<div class=\"gtx-trans-icon\"><\/div>\n<\/div>\n<\/div><\/section><\/div><div class=\"flex_column av_one_full  flex_column_div av-zero-column-padding first  avia-builder-el-4  el_after_av_one_full  el_before_av_hr  column-top-margin\" style='border-radius:0px; '><section class=\"av_textblock_section \"  itemscope=\"itemscope\" itemtype=\"https:\/\/schema.org\/BlogPosting\" itemprop=\"blogPost\" ><div class='avia_textblock  '   itemprop=\"text\" ><p style=\"text-align: justify;\">Desde la red Nodo Ciencia Austral, se busca impulsar un modelo de gobernanza en ciencia, tecnolog\u00eda, conocimiento e innovaci\u00f3n junto a las comunidades de la Macrozona Austral en un nuevo taller virtual que se realizar\u00e1 el pr\u00f3ximo 26 de julio.<\/p>\n<p style=\"text-align: justify;\">\u00bfC\u00f3mo avanzar en la coordinaci\u00f3n entre actores del \u00e1mbito de la ciencia y la tecnolog\u00eda para abordar desaf\u00edos comunes para el desarrollo sostenible de la Macrozona Austral? En ese contexto, Gobernanza es uno de los ejes centrales de la red colaborativa Nodo Ciencia Austral. El prop\u00f3sito es co-dise\u00f1ar un modelo territorial que permita, en forma articulada, gestionar tema\u0301ticas de gran relevancia para las comunidades de la regi\u00f3n de Ays\u00e9n y de Magallanes y Ant\u00e1rtica Chilena, por ejemplo, en a\u0301mbitos relacionados con el capital humano, cambio clima\u0301tico y medioambiente.<\/p>\n<p style=\"text-align: justify;\">De esta manera, el equipo de Nodo Ciencia Austral contempla la realizaci\u00f3n de tres talleres participativos y virtuales en materia de gobernanza, buscando convocar a distintos actores del sector p\u00fablico, privado y la comunidad interesada o vinculada a estos \u00e1mbitos de trabajo.<\/p>\n<p style=\"text-align: justify;\">El primero se realiz\u00f3 en mayo con m\u00e1s de 70 participantes a trav\u00e9s de una plataforma interactiva virtual y de grupos de discusi\u00f3n, donde se trabaj\u00f3 en conjunto en la formulaci\u00f3n de una propuesta de gesti\u00f3n territorial para el ecosistema de ciencia y tecnolog\u00eda. En tanto, el segundo taller titulado <strong>\u201cConsolidando una propuesta del Modelo de Gesti\u00f3n Territorial de CTCI para la macrozona Austral\u201d <\/strong>est\u00e1 programado para el <strong>mi\u00e9rcoles 26 de julio<\/strong>, <strong>de 09:00 a 11:30 horas para la Regi\u00f3n de Ays\u00e9n, y de 10:00 a 12:30 horas para la Regi\u00f3n de Magallanes y Ant\u00e1rtica Chilena.<\/strong> Mientras que la tercera y \u00faltima instancia de trabajo colaborativo est\u00e1 proyectada para agosto y busca abordar la institucionalizaci\u00f3n de esta propuesta.<\/p>\n<p style=\"text-align: justify;\">Una de las investigadoras que trabaja en el equipo de gobernanza, la psic\u00f3loga comunitaria ambiental, Catalina Valenzuela, nos cuenta sobre esta convocatoria que lleva adelante Nodo Ciencia Austral y Nodo Laboratorios Naturales Subant\u00e1rticos. \u201cSer\u00e1 una continuidad del taller abierto que realizamos en mayo, con las reflexiones y los comentarios que recibimos en ese momento, buscamos consolidar la propuesta de modelo de gesti\u00f3n territorial en ciencia, tecnolog\u00eda, conocimiento e innovaci\u00f3n en la macrozona austral, para profundizar e ir definiendo una propuesta mucho m\u00e1s completa, compleja y delimitada\u201d.<\/p>\n<p style=\"text-align: justify;\">La invitaci\u00f3n para todos quienes deseen sumarse al taller del mi\u00e9rcoles 26 de julio, es a inscribirse previamente en el siguiente enlace: <a href=\"https:\/\/docs.google.com\/forms\/d\/e\/1FAIpQLScpy77axJpRzVMmHTULc8d_WQ5ARToHCkBU9CvFTkYcEDrecw\/viewform\">https:\/\/docs.google.com\/forms\/d\/e\/1FAIpQLScpy77axJpRzVMmHTULc8d_WQ5ARToHCkBU9CvFTkYcEDrecw\/viewform<\/a>. Posteriormente, recibir\u00e1 el link de conexi\u00f3n al encuentro\u00a0 en su correo electr\u00f3nico.<\/p>\n<p style=\"text-align: justify;\"><strong>Nueva sesi\u00f3n del Comit\u00e9 Macrozonal<\/strong><\/p>\n<p style=\"text-align: justify;\">La convocatoria del taller de gobernanza se realizar\u00e1 en el marco del Comit\u00e9 de Coordinaci\u00f3n Macrozonal, un encuentro mensual que re\u00fane a los principales actores en ciencia y tecnolog\u00eda del sector p\u00fablico, privado y la sociedad civil de ambas regiones, contando con la participaci\u00f3n de la Seremi de Ciencia de la macrozona, Ver\u00f3nica Vallejos.<\/p>\n<p style=\"text-align: justify;\">Finalmente, cabe se\u00f1alar que Nodo Ciencia Austral es un proyecto que se implementa desde el a\u00f1o 2021 buscando aportar a la descentralizaci\u00f3n y la equidad en materia de CTCI. Actualmente conforma una amplia red de trabajo colaborativo integrada por diez instituciones vinculadas a la ciencia y la tecnolog\u00eda en la Macrozona Austral: Universidad de Magallanes, Universidad de Ays\u00e9n, Centro de Investigaci\u00f3n en Ecosistemas de la Patagonia (CIEP), Instituto Ant\u00e1rtico Chileno (INACH), Campus Patagonia de la Universidad Austral de Chile, Red de Museos de Magallanes, Centro Internacional Cabo de Hornos (CHIC), Instituto de Fomento Pesquero (IFOP), Museo Regional de Ays\u00e9n y Centro de Estudios del Cuaternario, Fuego-Patagonia y Ant\u00e1rtica (CEQUA). Esta iniciativa es financiada por la Agencia Nacional de Investigaci\u00f3n y Desarrollo (ANID).<\/p>\n<\/div><\/section><\/div><div  style='height:50px' class='hr hr-invisible   avia-builder-el-6  el_after_av_one_full  el_before_av_social_share '><span class='hr-inner ' ><span class='hr-inner-style'><\/span><\/span><\/div><\/p>\n<div  class='av-social-sharing-box  avia-builder-el-7  el_after_av_hr  el_before_av_hr  '><div class='av-share-box'><h5 class='av-share-link-description av-no-toc '>Compartir esta noticia<\/h5><ul class='av-share-box-list noLightbox'><li class='av-share-link av-social-link-facebook' ><a target=\"_blank\" aria-label=\"Compartir en Facebook\" href='https:\/\/www.facebook.com\/sharer.php?u=https:\/\/radiorevelacionfm.cl\/?p=33052&#038;t=Nuevo%20taller%20participativo%20invita%20a%20trabajar%20en%20la%20consolidaci%C3%B3n%20de%20un%20modelo%20de%20gesti%C3%B3n%20territorial%20en%20CTCI' aria-hidden='false' data-av_icon='\ue8f3' data-av_iconfont='entypo-fontello' title='' data-avia-related-tooltip='Compartir en Facebook' rel=\"noopener\"><span class='avia_hidden_link_text'>Compartir en Facebook<\/span><\/a><\/li><li class='av-share-link av-social-link-twitter' ><a target=\"_blank\" aria-label=\"Compartir en Twitter\" href='https:\/\/twitter.com\/share?text=Nuevo%20taller%20participativo%20invita%20a%20trabajar%20en%20la%20consolidaci%C3%B3n%20de%20un%20modelo%20de%20gesti%C3%B3n%20territorial%20en%20CTCI&#038;url=https:\/\/radiorevelacionfm.cl\/?p=33052' aria-hidden='false' data-av_icon='\ue8f1' data-av_iconfont='entypo-fontello' title='' data-avia-related-tooltip='Compartir en Twitter' rel=\"noopener\"><span class='avia_hidden_link_text'>Compartir en Twitter<\/span><\/a><\/li><li class='av-share-link av-social-link-whatsapp' ><a target=\"_blank\" aria-label=\"Compartir en Whatsapp\" href='https:\/\/api.whatsapp.com\/send?text=https:\/\/radiorevelacionfm.cl\/?p=33052' aria-hidden='false' data-av_icon='\uf232' data-av_iconfont='entypo-fontello' title='' data-avia-related-tooltip='Compartir en Whatsapp' rel=\"noopener\"><span class='avia_hidden_link_text'>Compartir en Whatsapp<\/span><\/a><\/li><li class='av-share-link av-social-link-linkedin' ><a target=\"_blank\" aria-label=\"Compartir en LinkedIn\" href='https:\/\/linkedin.com\/shareArticle?mini=true&#038;title=Nuevo%20taller%20participativo%20invita%20a%20trabajar%20en%20la%20consolidaci%C3%B3n%20de%20un%20modelo%20de%20gesti%C3%B3n%20territorial%20en%20CTCI&#038;url=https:\/\/radiorevelacionfm.cl\/?p=33052' aria-hidden='false' data-av_icon='\ue8fc' data-av_iconfont='entypo-fontello' title='' data-avia-related-tooltip='Compartir en LinkedIn' rel=\"noopener\"><span class='avia_hidden_link_text'>Compartir en LinkedIn<\/span><\/a><\/li><li class='av-share-link av-social-link-mail' ><a  aria-label=\"Compartir por correo\" href='mailto:?subject=Nuevo%20taller%20participativo%20invita%20a%20trabajar%20en%20la%20consolidaci%C3%B3n%20de%20un%20modelo%20de%20gesti%C3%B3n%20territorial%20en%20CTCI&#038;body=https:\/\/radiorevelacionfm.cl\/?p=33052' aria-hidden='false' data-av_icon='\ue805' data-av_iconfont='entypo-fontello' title='' data-avia-related-tooltip='Compartir por correo'><span class='avia_hidden_link_text'>Compartir por correo<\/span><\/a><\/li><\/ul><\/div><\/div>\n<div  style='height:50px' class='hr hr-invisible   avia-builder-el-8  el_after_av_social_share  el_before_av_comments_list '><span class='hr-inner ' ><span class='hr-inner-style'><\/span><\/span><\/div>\n<div  class='av-buildercomment  av-blog-meta-html-info-disabled av-blog-meta-tag-disabled  '><\/div>\n","protected":false},"excerpt":{"rendered":"","protected":false},"author":1,"featured_media":33053,"comment_status":"open","ping_status":"open","sticky":false,"template":"","format":"standard","meta":{"footnotes":""},"categories":[53],"tags":[],"class_list":["post-33052","post","type-post","status-publish","format-standard","has-post-thumbnail","hentry","category-ciencia"],"jetpack_featured_media_url":"https:\/\/radiorevelacionfm.cl\/wp-content\/uploads\/2023\/07\/Foto-Taller-Gobernanza-1-1.jpeg","_links":{"self":[{"href":"https:\/\/radiorevelacionfm.cl\/index.php?rest_route=\/wp\/v2\/posts\/33052","targetHints":{"allow":["GET"]}}],"collection":[{"href":"https:\/\/radiorevelacionfm.cl\/index.php?rest_route=\/wp\/v2\/posts"}],"about":[{"href":"https:\/\/radiorevelacionfm.cl\/index.php?rest_route=\/wp\/v2\/types\/post"}],"author":[{"embeddable":true,"href":"https:\/\/radiorevelacionfm.cl\/index.php?rest_route=\/wp\/v2\/users\/1"}],"replies":[{"embeddable":true,"href":"https:\/\/radiorevelacionfm.cl\/index.php?rest_route=%2Fwp%2Fv2%2Fcomments&post=33052"}],"version-history":[{"count":1,"href":"https:\/\/radiorevelacionfm.cl\/index.php?rest_route=\/wp\/v2\/posts\/33052\/revisions"}],"predecessor-version":[{"id":33054,"href":"https:\/\/radiorevelacionfm.cl\/index.php?rest_route=\/wp\/v2\/posts\/33052\/revisions\/33054"}],"wp:featuredmedia":[{"embeddable":true,"href":"https:\/\/radiorevelacionfm.cl\/index.php?rest_route=\/wp\/v2\/media\/33053"}],"wp:attachment":[{"href":"https:\/\/radiorevelacionfm.cl\/index.php?rest_route=%2Fwp%2Fv2%2Fmedia&parent=33052"}],"wp:term":[{"taxonomy":"category","embeddable":true,"href":"https:\/\/radiorevelacionfm.cl\/index.php?rest_route=%2Fwp%2Fv2%2Fcategories&post=33052"},{"taxonomy":"post_tag","embeddable":true,"href":"https:\/\/radiorevelacionfm.cl\/index.php?rest_route=%2Fwp%2Fv2%2Ftags&post=33052"}],"curies":[{"name":"wp","href":"https:\/\/api.w.org\/{rel}","templated":true}]}}