{"id":33048,"date":"2023-07-19T15:49:21","date_gmt":"2023-07-19T18:49:21","guid":{"rendered":"https:\/\/radiorevelacionfm.cl\/?p=33048"},"modified":"2023-07-19T15:49:21","modified_gmt":"2023-07-19T18:49:21","slug":"habitantes-de-ohiggins-y-chile-chico-adquieren-conocimientos-en-torno-a-tradiciones-historia-y-practicas-identitarias","status":"publish","type":"post","link":"https:\/\/radiorevelacionfm.cl\/?p=33048","title":{"rendered":"Habitantes de O\u2019Higgins y Chile Chico adquieren conocimientos en torno a tradiciones, historia y pr\u00e1cticas identitarias"},"content":{"rendered":"<div class=\"flex_column av_one_full  flex_column_div av-zero-column-padding first  avia-builder-el-0  el_before_av_one_full  avia-builder-el-first  \" style='border-radius:0px; '><div  class='avia-image-container  av-styling-    avia-builder-el-1  avia-builder-el-no-sibling  avia-align-center '  itemprop=\"image\" itemscope=\"itemscope\" itemtype=\"https:\/\/schema.org\/ImageObject\"  ><div class='avia-image-container-inner'><div class='avia-image-overlay-wrap'><img decoding=\"async\" class='wp-image-33050 avia-img-lazy-loading-not-33050 avia_image' src=\"https:\/\/radiorevelacionfm.cl\/wp-content\/uploads\/2023\/07\/ica-ohiggins-fotografia-3-1_optimized.jpeg\" alt='' title='ica-ohiggins---fotograf\u00eda-3-(1)_optimized' height=\"600\" width=\"872\"  itemprop=\"thumbnailUrl\" srcset=\"https:\/\/radiorevelacionfm.cl\/wp-content\/uploads\/2023\/07\/ica-ohiggins-fotografia-3-1_optimized.jpeg 872w, https:\/\/radiorevelacionfm.cl\/wp-content\/uploads\/2023\/07\/ica-ohiggins-fotografia-3-1_optimized-300x206.jpeg 300w, https:\/\/radiorevelacionfm.cl\/wp-content\/uploads\/2023\/07\/ica-ohiggins-fotografia-3-1_optimized-768x528.jpeg 768w, https:\/\/radiorevelacionfm.cl\/wp-content\/uploads\/2023\/07\/ica-ohiggins-fotografia-3-1_optimized-705x485.jpeg 705w, https:\/\/radiorevelacionfm.cl\/wp-content\/uploads\/2023\/07\/ica-ohiggins-fotografia-3-1_optimized-450x310.jpeg 450w, https:\/\/radiorevelacionfm.cl\/wp-content\/uploads\/2023\/07\/ica-ohiggins-fotografia-3-1_optimized-600x413.jpeg 600w\" sizes=\"(max-width: 872px) 100vw, 872px\" \/><\/div><\/div><\/div><\/div><div class=\"flex_column av_one_full  flex_column_div av-zero-column-padding first  avia-builder-el-2  el_after_av_one_full  el_before_av_one_full  column-top-margin\" style='border-radius:0px; '><section class=\"av_textblock_section \"  itemscope=\"itemscope\" itemtype=\"https:\/\/schema.org\/BlogPosting\" itemprop=\"blogPost\" ><div class='avia_textblock  '   itemprop=\"text\" ><p style=\"text-align: center;\"><strong><span style=\"font-size: 18pt;\">Habitantes de O\u2019Higgins y Chile Chico adquieren conocimientos en torno a tradiciones, historia y pr\u00e1cticas identitarias<\/span><\/strong><\/p>\n<div id=\"gtx-trans\" style=\"position: absolute; left: -50px; top: 4.31534px;\">\n<div class=\"gtx-trans-icon\"><\/div>\n<\/div>\n<\/div><\/section><\/div><div class=\"flex_column av_one_full  flex_column_div av-zero-column-padding first  avia-builder-el-4  el_after_av_one_full  el_before_av_hr  column-top-margin\" style='border-radius:0px; '><section class=\"av_textblock_section \"  itemscope=\"itemscope\" itemtype=\"https:\/\/schema.org\/BlogPosting\" itemprop=\"blogPost\" ><div class='avia_textblock  '   itemprop=\"text\" ><p style=\"text-align: justify;\"><em>M\u00e1s de cinco comunas firmaron convenios para la implementaci\u00f3n de trabajos asociativos. La puesta en marcha implica la democratizaci\u00f3n de las artes y la salvaguarda de memorias colectivas.<\/em><\/p>\n<p style=\"text-align: justify;\">Habitantes de O\u2019Higgins y Chile Chico adquieren conocimientos en torno a tradiciones, historia y pr\u00e1cticas identitarias mediante talleres. Las jornadas son parte de las Iniciativas Culturales Asociativas (ICA) levantadas por las mesas art\u00edsticas comunales y la Seremi de Culturas Ays\u00e9n, las cuales se suman a otros proyectos provenientes de la regi\u00f3n.<\/p>\n<p style=\"text-align: justify;\">Las iniciativas se ejecutan a trav\u00e9s del Programa Fortalecimiento de la Identidad Cultural Regional y su Estrategia Program\u00e1tica Regional, que tiene entre sus objetivos contribuir a la descentralizaci\u00f3n de la cultura y las artes, a la equidad territorial y a la ampliaci\u00f3n de acceso de bienes art\u00edsticos y culturales, dando cabida especial a territorios con menos oportunidades de participaci\u00f3n art\u00edstica y cultural aislada geogr\u00e1ficamente.<\/p>\n<p style=\"text-align: justify;\">En ese marco, la Unidad de Cultura de la Municipalidad de O\u2019Higgins y la Agrupaci\u00f3n Taller Artelanas de Chile Chico, propusieron dos proyectos en conjunto a las mesas art\u00edsticas: \u201cEvocando la memoria hist\u00f3rica del Lago O\u2019Higgins a trav\u00e9s del muralismo\u201d y \u201cCiclo de talleres art\u00edstico culturales 2023\u201d.<\/p>\n<p style=\"text-align: justify;\">El primero vali\u00e9ndose de tres t\u00e9cnicas de muralismos: trabajo en cer\u00e1mica, pintura y el gran formato, promueve la cultura local; mientras que los talleres de Chile Chico apuntan a difundir la creaci\u00f3n bajo la gu\u00eda de artistas y gestores chilechiquenses mediante la escritura creativa, circo teatro, batucada, cueca y filtro durante los meses de julio y agosto.<\/p>\n<p style=\"text-align: justify;\">Humberto Vera, licenciado en Artes Visuales a cargo del \u201cTaller de muralismo de dise\u00f1o participativo\u201d del ICA de O\u2019Higgins, se\u00f1al\u00f3 tras la primera clase que tuvo lugar el martes 18 de julio: \u201cEstamos representado el concepto de historia del Lago O\u2019Higgins. En base a eso, despu\u00e9s de conversaciones y diversos ejercicios visuales empezamos a representar en muro lo que va a ser el mural y vamos a tratar que sea lo m\u00e1s representativo respecto a los conceptos que rescatamos\u201d.<\/p>\n<p style=\"text-align: justify;\">Luz Medina, participante de la clase, enfatiz\u00f3 las t\u00e9cnicas aprendidas en la que tuvieron un acercamiento a la paleta de colores y los primeros bosquejos. En tanto, Carolina Cisterna, quien tambi\u00e9n se inscribi\u00f3 a las clases de Vera, expres\u00f3 lo interesante de la iniciativa: \u201cEs primera vez que va a hacerse un rescate visible, que vamos a mostrar un poco de la historia en esta primera etapa. Est\u00e1 s\u00faper lindo, ya hicimos el lago y estamos entusiasmados\u201d.<\/p>\n<p style=\"text-align: justify;\">Desde la vereda de la ciudad del sol, Jessica B\u00e1ez de la Agrupaci\u00f3n Taller Artelanas de Chile Chico, manifest\u00f3 la necesidad de espacios formativos mediante el conocimiento de agentes territoriales. La propuesta, en palabras de B\u00e1ez es que habitantes de la comuna \u201cvaloren al artista local, al gestor cultural como una persona que tambi\u00e9n puede ense\u00f1ar en su comunidad, y esto lo mencionamos porque siempre se buscan monitores fuera de la localidad y no vemos la riqueza y conocimientos que tenemos en casa\u201d.<\/p>\n<p style=\"text-align: justify;\">A estas iniciativas se a\u00f1aden la de la Agrupaci\u00f3n de Artesanos de Tortel, que lleva por t\u00edtulo \u201cTradiciones y oficios en mi localidad\u201d a ejecutarse en la comuna de las pasarelas; la de la Asociaci\u00f3n Artesan\u00eda Sur Cisnes, que tambi\u00e9n considera la implementaci\u00f3n de talleres para ni\u00f1os, j\u00f3venes y adultos de Cisnes, denominada \u201cCompartiendo saberes\u201d.<\/p>\n<p style=\"text-align: justify;\">Propuesta similar es la desarrollada por la Agrupaci\u00f3n Entre R\u00edos de Lago Verde, \u201cEntre gauchos y bailarinas\u201d que tiene como fin la programaci\u00f3n de talleres de cocina, teatro y confecci\u00f3n de gauchos, orientada a un p\u00fablico amplio.<\/p>\n<p style=\"text-align: justify;\">Desde Bah\u00eda Murta, la Corporaci\u00f3n de Desarrollo Tur\u00edstico Sustentable Territorio Chelenko present\u00f3 el \u201cPlan piloto gesti\u00f3n cultural: articulaci\u00f3n organizaciones y agentes art\u00edstico culturales y encuentro en Bah\u00eda Murta\u201d para fomentar a los agentes culturales. En tanto, la casa edilicia de Guaitecas, decidi\u00f3 rescatar y poner en valor sus pr\u00e1cticas culturales con el \u201cCarnaval mar\u00edtimo, lucero de la tarde\u201d, el cual convocar\u00e1 autoridades regionales, pues ser\u00e1 punto de convergencia al cerrar el Encuentro Territorial Regional de la Unidad de Ciudadan\u00eda en el mes de diciembre.<\/p>\n<p style=\"text-align: justify;\">De esta manera las iniciativas culturales asociativas mantendr\u00e1n actividades art\u00edsticas culturales en todo el territorio aysenino durante el segundo semestre de este a\u00f1o. \u201cDesde el ministerio buscamos con estos proyectos fortalecer el di\u00e1logo y la participaci\u00f3n ciudadana mediante el codise\u00f1o e implementaci\u00f3n de iniciativas art\u00edstico culturales y\/o formativas que promuevan el desarrollo cultural territorial con sentido de pertinencia\u201d, finaliz\u00f3 el seremi de las Culturas Ays\u00e9n, Felipe Quiroz.<\/p>\n<\/div><\/section><\/div><div  style='height:50px' class='hr hr-invisible   avia-builder-el-6  el_after_av_one_full  el_before_av_social_share '><span class='hr-inner ' ><span class='hr-inner-style'><\/span><\/span><\/div><\/p>\n<div  class='av-social-sharing-box  avia-builder-el-7  el_after_av_hr  el_before_av_hr  '><div class='av-share-box'><h5 class='av-share-link-description av-no-toc '>Compartir esta noticia<\/h5><ul class='av-share-box-list noLightbox'><li class='av-share-link av-social-link-facebook' ><a target=\"_blank\" aria-label=\"Compartir en Facebook\" href='https:\/\/www.facebook.com\/sharer.php?u=https:\/\/radiorevelacionfm.cl\/?p=33048&#038;t=Habitantes%20de%20O%E2%80%99Higgins%20y%20Chile%20Chico%20adquieren%20conocimientos%20en%20torno%20a%20tradiciones%2C%20historia%20y%20pr%C3%A1cticas%20identitarias' aria-hidden='false' data-av_icon='\ue8f3' data-av_iconfont='entypo-fontello' title='' data-avia-related-tooltip='Compartir en Facebook' rel=\"noopener\"><span class='avia_hidden_link_text'>Compartir en Facebook<\/span><\/a><\/li><li class='av-share-link av-social-link-twitter' ><a target=\"_blank\" aria-label=\"Compartir en Twitter\" href='https:\/\/twitter.com\/share?text=Habitantes%20de%20O%E2%80%99Higgins%20y%20Chile%20Chico%20adquieren%20conocimientos%20en%20torno%20a%20tradiciones%2C%20historia%20y%20pr%C3%A1cticas%20identitarias&#038;url=https:\/\/radiorevelacionfm.cl\/?p=33048' aria-hidden='false' data-av_icon='\ue8f1' data-av_iconfont='entypo-fontello' title='' data-avia-related-tooltip='Compartir en Twitter' rel=\"noopener\"><span class='avia_hidden_link_text'>Compartir en Twitter<\/span><\/a><\/li><li class='av-share-link av-social-link-whatsapp' ><a target=\"_blank\" aria-label=\"Compartir en Whatsapp\" href='https:\/\/api.whatsapp.com\/send?text=https:\/\/radiorevelacionfm.cl\/?p=33048' aria-hidden='false' data-av_icon='\uf232' data-av_iconfont='entypo-fontello' title='' data-avia-related-tooltip='Compartir en Whatsapp' rel=\"noopener\"><span class='avia_hidden_link_text'>Compartir en Whatsapp<\/span><\/a><\/li><li class='av-share-link av-social-link-linkedin' ><a target=\"_blank\" aria-label=\"Compartir en LinkedIn\" href='https:\/\/linkedin.com\/shareArticle?mini=true&#038;title=Habitantes%20de%20O%E2%80%99Higgins%20y%20Chile%20Chico%20adquieren%20conocimientos%20en%20torno%20a%20tradiciones%2C%20historia%20y%20pr%C3%A1cticas%20identitarias&#038;url=https:\/\/radiorevelacionfm.cl\/?p=33048' aria-hidden='false' data-av_icon='\ue8fc' data-av_iconfont='entypo-fontello' title='' data-avia-related-tooltip='Compartir en LinkedIn' rel=\"noopener\"><span class='avia_hidden_link_text'>Compartir en LinkedIn<\/span><\/a><\/li><li class='av-share-link av-social-link-mail' ><a  aria-label=\"Compartir por correo\" href='mailto:?subject=Habitantes%20de%20O%E2%80%99Higgins%20y%20Chile%20Chico%20adquieren%20conocimientos%20en%20torno%20a%20tradiciones%2C%20historia%20y%20pr%C3%A1cticas%20identitarias&#038;body=https:\/\/radiorevelacionfm.cl\/?p=33048' aria-hidden='false' data-av_icon='\ue805' data-av_iconfont='entypo-fontello' title='' data-avia-related-tooltip='Compartir por correo'><span class='avia_hidden_link_text'>Compartir por correo<\/span><\/a><\/li><\/ul><\/div><\/div>\n<div  style='height:50px' class='hr hr-invisible   avia-builder-el-8  el_after_av_social_share  el_before_av_comments_list '><span class='hr-inner ' ><span class='hr-inner-style'><\/span><\/span><\/div>\n<div  class='av-buildercomment  av-blog-meta-html-info-disabled av-blog-meta-tag-disabled  '><\/div>\n","protected":false},"excerpt":{"rendered":"","protected":false},"author":1,"featured_media":33050,"comment_status":"open","ping_status":"open","sticky":false,"template":"","format":"standard","meta":{"footnotes":""},"categories":[52],"tags":[],"class_list":["post-33048","post","type-post","status-publish","format-standard","has-post-thumbnail","hentry","category-cultura"],"jetpack_featured_media_url":"https:\/\/radiorevelacionfm.cl\/wp-content\/uploads\/2023\/07\/ica-ohiggins-fotografia-3-1_optimized.jpeg","_links":{"self":[{"href":"https:\/\/radiorevelacionfm.cl\/index.php?rest_route=\/wp\/v2\/posts\/33048","targetHints":{"allow":["GET"]}}],"collection":[{"href":"https:\/\/radiorevelacionfm.cl\/index.php?rest_route=\/wp\/v2\/posts"}],"about":[{"href":"https:\/\/radiorevelacionfm.cl\/index.php?rest_route=\/wp\/v2\/types\/post"}],"author":[{"embeddable":true,"href":"https:\/\/radiorevelacionfm.cl\/index.php?rest_route=\/wp\/v2\/users\/1"}],"replies":[{"embeddable":true,"href":"https:\/\/radiorevelacionfm.cl\/index.php?rest_route=%2Fwp%2Fv2%2Fcomments&post=33048"}],"version-history":[{"count":1,"href":"https:\/\/radiorevelacionfm.cl\/index.php?rest_route=\/wp\/v2\/posts\/33048\/revisions"}],"predecessor-version":[{"id":33051,"href":"https:\/\/radiorevelacionfm.cl\/index.php?rest_route=\/wp\/v2\/posts\/33048\/revisions\/33051"}],"wp:featuredmedia":[{"embeddable":true,"href":"https:\/\/radiorevelacionfm.cl\/index.php?rest_route=\/wp\/v2\/media\/33050"}],"wp:attachment":[{"href":"https:\/\/radiorevelacionfm.cl\/index.php?rest_route=%2Fwp%2Fv2%2Fmedia&parent=33048"}],"wp:term":[{"taxonomy":"category","embeddable":true,"href":"https:\/\/radiorevelacionfm.cl\/index.php?rest_route=%2Fwp%2Fv2%2Fcategories&post=33048"},{"taxonomy":"post_tag","embeddable":true,"href":"https:\/\/radiorevelacionfm.cl\/index.php?rest_route=%2Fwp%2Fv2%2Ftags&post=33048"}],"curies":[{"name":"wp","href":"https:\/\/api.w.org\/{rel}","templated":true}]}}