{"id":33042,"date":"2023-07-19T12:34:36","date_gmt":"2023-07-19T15:34:36","guid":{"rendered":"https:\/\/radiorevelacionfm.cl\/?p=33042"},"modified":"2023-07-19T12:34:36","modified_gmt":"2023-07-19T15:34:36","slug":"rugbistas-se-preparan-para-la-9-version-del-seven-de-las-nieves","status":"publish","type":"post","link":"https:\/\/radiorevelacionfm.cl\/?p=33042","title":{"rendered":"Rugbistas se preparan para la 9\u00b0 versi\u00f3n del Seven de las Nieves"},"content":{"rendered":"<div class=\"flex_column av_one_full  flex_column_div av-zero-column-padding first  avia-builder-el-0  el_before_av_one_full  avia-builder-el-first  \" style='border-radius:0px; '><div  class='avia-image-container  av-styling-    avia-builder-el-1  avia-builder-el-no-sibling  avia-align-center '  itemprop=\"image\" itemscope=\"itemscope\" itemtype=\"https:\/\/schema.org\/ImageObject\"  ><div class='avia-image-container-inner'><div class='avia-image-overlay-wrap'><img decoding=\"async\" class='wp-image-33043 avia-img-lazy-loading-not-33043 avia_image' src=\"https:\/\/radiorevelacionfm.cl\/wp-content\/uploads\/2023\/07\/rugby-2023-07-18-at-00_optimized.02.09-6-1-1.jpeg\" alt='' title='rugby-2023-07-18-at-00_optimized.02.09-(6)-(1) (1)' height=\"600\" width=\"1107\"  itemprop=\"thumbnailUrl\" srcset=\"https:\/\/radiorevelacionfm.cl\/wp-content\/uploads\/2023\/07\/rugby-2023-07-18-at-00_optimized.02.09-6-1-1.jpeg 1107w, https:\/\/radiorevelacionfm.cl\/wp-content\/uploads\/2023\/07\/rugby-2023-07-18-at-00_optimized.02.09-6-1-1-300x163.jpeg 300w, https:\/\/radiorevelacionfm.cl\/wp-content\/uploads\/2023\/07\/rugby-2023-07-18-at-00_optimized.02.09-6-1-1-1030x558.jpeg 1030w, https:\/\/radiorevelacionfm.cl\/wp-content\/uploads\/2023\/07\/rugby-2023-07-18-at-00_optimized.02.09-6-1-1-768x416.jpeg 768w, https:\/\/radiorevelacionfm.cl\/wp-content\/uploads\/2023\/07\/rugby-2023-07-18-at-00_optimized.02.09-6-1-1-705x382.jpeg 705w, https:\/\/radiorevelacionfm.cl\/wp-content\/uploads\/2023\/07\/rugby-2023-07-18-at-00_optimized.02.09-6-1-1-450x244.jpeg 450w, https:\/\/radiorevelacionfm.cl\/wp-content\/uploads\/2023\/07\/rugby-2023-07-18-at-00_optimized.02.09-6-1-1-600x325.jpeg 600w\" sizes=\"(max-width: 1107px) 100vw, 1107px\" \/><\/div><\/div><\/div><\/div><div class=\"flex_column av_one_full  flex_column_div av-zero-column-padding first  avia-builder-el-2  el_after_av_one_full  el_before_av_one_full  column-top-margin\" style='border-radius:0px; '><section class=\"av_textblock_section \"  itemscope=\"itemscope\" itemtype=\"https:\/\/schema.org\/BlogPosting\" itemprop=\"blogPost\" ><div class='avia_textblock  '   itemprop=\"text\" ><p style=\"text-align: center;\"><span style=\"font-size: 18pt;\"><strong>Rugbistas se preparan para la 9\u00b0 versi\u00f3n del Seven de las Nieves<\/strong><\/span><\/p>\n<div id=\"gtx-trans\" style=\"position: absolute; left: -50px; top: 4.31534px;\">\n<div class=\"gtx-trans-icon\"><\/div>\n<\/div>\n<\/div><\/section><\/div><div class=\"flex_column av_one_full  flex_column_div av-zero-column-padding first  avia-builder-el-4  el_after_av_one_full  el_before_av_hr  column-top-margin\" style='border-radius:0px; '><section class=\"av_textblock_section \"  itemscope=\"itemscope\" itemtype=\"https:\/\/schema.org\/BlogPosting\" itemprop=\"blogPost\" ><div class='avia_textblock  '   itemprop=\"text\" ><p style=\"text-align: justify;\">Como todos los a\u00f1os, el club de Rugby Quelequen organiza uno de los torneos m\u00e1s extremos y \u00fanico en la Patagonia chilena, el Seven de las Nieves, campeonato de rugby, que se realizar\u00e1 el s\u00e1bado 29 de julio en el sector de Portezuelos en el Parque Nacional de Cerro Castillo y que reunir\u00e1 a rugbistas de Chile y Argentina.<\/p>\n<p style=\"text-align: justify;\">El cl\u00e1sico evento deportivo invernal ha llevado a los rugbistas locales a prepararse durante meses, ejemplo de ellos son las Dragonas de Quelequen, ya veteranas en este tipo de cancha, quienes han entrenado fuerte para llegar lo mejor posible a este torneo tan importante para el rugby regional.<\/p>\n<p style=\"text-align: justify;\">En cuanto a la categor\u00eda infantil-juvenil, es el que m\u00e1s llama la atenci\u00f3n, ya que \u00a0son ni\u00f1os y j\u00f3venes entre 10 y 16 a\u00f1os quienes a pesar del clima extremo juegan con un gran nivel t\u00e9cnico, poniendo en manifiesto el auge de un deporte que cada vez cuenta con m\u00e1s adeptos. Jugadores como Fernando Aranda y \u00a0Luis Gallegos de 16 a\u00f1os de edad quienes forman parte de la categor\u00eda juveniles, nos cuentan que entrenan tres veces a la semana y esperan hacer un buen papel en el campeonato.<\/p>\n<p style=\"text-align: justify;\">Por otra parte, la categor\u00eda de infantil est\u00e1 conformada por ni\u00f1os entre 10 y 14 a\u00f1os, por mencionar algunos jugadores del equipo de Dragoncitos y que forman parte del semillero est\u00e1 Alonso Canales, los hermanos\u00a0 Antonio Mej\u00edas, Renato Mej\u00edas y Lorenzo Mej\u00edas, Tiziano Bravo, Max Rodr\u00edguez, Ricardo Troquean, Emiliano Romani entre otros quienes con mucho entusiasmo y disciplina se preparan para representar a su equipo y a Coyhaique este 29 de julio, fecha importante para los amantes de la ovalada.<\/p>\n<p style=\"text-align: justify;\">Finalmente, se invita a la comunidad para este s\u00e1bado 29 de julio desde las 10:00 am en el sector de Portezuelo, en el Parque Nacional de Cerro Castillos a presenciar un torneo \u00fanico en uno de los paisajes m\u00e1s hermosos de nuestra regi\u00f3n.<\/p>\n<\/div><\/section><\/div><div  style='height:50px' class='hr hr-invisible   avia-builder-el-6  el_after_av_one_full  el_before_av_social_share '><span class='hr-inner ' ><span class='hr-inner-style'><\/span><\/span><\/div><\/p>\n<div  class='av-social-sharing-box  avia-builder-el-7  el_after_av_hr  el_before_av_hr  '><div class='av-share-box'><h5 class='av-share-link-description av-no-toc '>Compartir esta noticia<\/h5><ul class='av-share-box-list noLightbox'><li class='av-share-link av-social-link-facebook' ><a target=\"_blank\" aria-label=\"Compartir en Facebook\" href='https:\/\/www.facebook.com\/sharer.php?u=https:\/\/radiorevelacionfm.cl\/?p=33042&#038;t=Rugbistas%20se%20preparan%20para%20la%209%C2%B0%20versi%C3%B3n%20del%20Seven%20de%20las%20Nieves' aria-hidden='false' data-av_icon='\ue8f3' data-av_iconfont='entypo-fontello' title='' data-avia-related-tooltip='Compartir en Facebook' rel=\"noopener\"><span class='avia_hidden_link_text'>Compartir en Facebook<\/span><\/a><\/li><li class='av-share-link av-social-link-twitter' ><a target=\"_blank\" aria-label=\"Compartir en Twitter\" href='https:\/\/twitter.com\/share?text=Rugbistas%20se%20preparan%20para%20la%209%C2%B0%20versi%C3%B3n%20del%20Seven%20de%20las%20Nieves&#038;url=https:\/\/radiorevelacionfm.cl\/?p=33042' aria-hidden='false' data-av_icon='\ue8f1' data-av_iconfont='entypo-fontello' title='' data-avia-related-tooltip='Compartir en Twitter' rel=\"noopener\"><span class='avia_hidden_link_text'>Compartir en Twitter<\/span><\/a><\/li><li class='av-share-link av-social-link-whatsapp' ><a target=\"_blank\" aria-label=\"Compartir en Whatsapp\" href='https:\/\/api.whatsapp.com\/send?text=https:\/\/radiorevelacionfm.cl\/?p=33042' aria-hidden='false' data-av_icon='\uf232' data-av_iconfont='entypo-fontello' title='' data-avia-related-tooltip='Compartir en Whatsapp' rel=\"noopener\"><span class='avia_hidden_link_text'>Compartir en Whatsapp<\/span><\/a><\/li><li class='av-share-link av-social-link-linkedin' ><a target=\"_blank\" aria-label=\"Compartir en LinkedIn\" href='https:\/\/linkedin.com\/shareArticle?mini=true&#038;title=Rugbistas%20se%20preparan%20para%20la%209%C2%B0%20versi%C3%B3n%20del%20Seven%20de%20las%20Nieves&#038;url=https:\/\/radiorevelacionfm.cl\/?p=33042' aria-hidden='false' data-av_icon='\ue8fc' data-av_iconfont='entypo-fontello' title='' data-avia-related-tooltip='Compartir en LinkedIn' rel=\"noopener\"><span class='avia_hidden_link_text'>Compartir en LinkedIn<\/span><\/a><\/li><li class='av-share-link av-social-link-mail' ><a  aria-label=\"Compartir por correo\" href='mailto:?subject=Rugbistas%20se%20preparan%20para%20la%209%C2%B0%20versi%C3%B3n%20del%20Seven%20de%20las%20Nieves&#038;body=https:\/\/radiorevelacionfm.cl\/?p=33042' aria-hidden='false' data-av_icon='\ue805' data-av_iconfont='entypo-fontello' title='' data-avia-related-tooltip='Compartir por correo'><span class='avia_hidden_link_text'>Compartir por correo<\/span><\/a><\/li><\/ul><\/div><\/div>\n<div  style='height:50px' class='hr hr-invisible   avia-builder-el-8  el_after_av_social_share  el_before_av_comments_list '><span class='hr-inner ' ><span class='hr-inner-style'><\/span><\/span><\/div>\n<div  class='av-buildercomment  av-blog-meta-html-info-disabled av-blog-meta-tag-disabled  '><\/div>\n","protected":false},"excerpt":{"rendered":"","protected":false},"author":1,"featured_media":33043,"comment_status":"open","ping_status":"open","sticky":false,"template":"","format":"standard","meta":{"footnotes":""},"categories":[40],"tags":[],"class_list":["post-33042","post","type-post","status-publish","format-standard","has-post-thumbnail","hentry","category-deportes"],"jetpack_featured_media_url":"https:\/\/radiorevelacionfm.cl\/wp-content\/uploads\/2023\/07\/rugby-2023-07-18-at-00_optimized.02.09-6-1-1.jpeg","_links":{"self":[{"href":"https:\/\/radiorevelacionfm.cl\/index.php?rest_route=\/wp\/v2\/posts\/33042","targetHints":{"allow":["GET"]}}],"collection":[{"href":"https:\/\/radiorevelacionfm.cl\/index.php?rest_route=\/wp\/v2\/posts"}],"about":[{"href":"https:\/\/radiorevelacionfm.cl\/index.php?rest_route=\/wp\/v2\/types\/post"}],"author":[{"embeddable":true,"href":"https:\/\/radiorevelacionfm.cl\/index.php?rest_route=\/wp\/v2\/users\/1"}],"replies":[{"embeddable":true,"href":"https:\/\/radiorevelacionfm.cl\/index.php?rest_route=%2Fwp%2Fv2%2Fcomments&post=33042"}],"version-history":[{"count":1,"href":"https:\/\/radiorevelacionfm.cl\/index.php?rest_route=\/wp\/v2\/posts\/33042\/revisions"}],"predecessor-version":[{"id":33044,"href":"https:\/\/radiorevelacionfm.cl\/index.php?rest_route=\/wp\/v2\/posts\/33042\/revisions\/33044"}],"wp:featuredmedia":[{"embeddable":true,"href":"https:\/\/radiorevelacionfm.cl\/index.php?rest_route=\/wp\/v2\/media\/33043"}],"wp:attachment":[{"href":"https:\/\/radiorevelacionfm.cl\/index.php?rest_route=%2Fwp%2Fv2%2Fmedia&parent=33042"}],"wp:term":[{"taxonomy":"category","embeddable":true,"href":"https:\/\/radiorevelacionfm.cl\/index.php?rest_route=%2Fwp%2Fv2%2Fcategories&post=33042"},{"taxonomy":"post_tag","embeddable":true,"href":"https:\/\/radiorevelacionfm.cl\/index.php?rest_route=%2Fwp%2Fv2%2Ftags&post=33042"}],"curies":[{"name":"wp","href":"https:\/\/api.w.org\/{rel}","templated":true}]}}