{"id":33037,"date":"2023-07-18T22:52:16","date_gmt":"2023-07-19T01:52:16","guid":{"rendered":"https:\/\/radiorevelacionfm.cl\/?p=33037"},"modified":"2023-07-18T23:01:18","modified_gmt":"2023-07-19T02:01:18","slug":"en-alrededor-de-50-pesos-por-kilowatt-disminuiran-las-tarifas-electricas-en-guaitecas","status":"publish","type":"post","link":"https:\/\/radiorevelacionfm.cl\/?p=33037","title":{"rendered":"Alrededor de 50 pesos por kilowatt disminuir\u00e1n las tarifas el\u00e9ctricas en Guaitecas"},"content":{"rendered":"<div class=\"flex_column av_one_full  flex_column_div av-zero-column-padding first  avia-builder-el-0  el_before_av_one_full  avia-builder-el-first  \" style='border-radius:0px; '><div  class='avia-image-container  av-styling-    avia-builder-el-1  avia-builder-el-no-sibling  avia-align-center '  itemprop=\"image\" itemscope=\"itemscope\" itemtype=\"https:\/\/schema.org\/ImageObject\"  ><div class='avia-image-container-inner'><div class='avia-image-overlay-wrap'><img decoding=\"async\" class='wp-image-33039 avia-img-lazy-loading-not-33039 avia_image' src=\"https:\/\/radiorevelacionfm.cl\/wp-content\/uploads\/2023\/07\/Melinka_2-1-1.jpg\" alt='' title='Melinka_2 (1) (1)' height=\"600\" width=\"974\"  itemprop=\"thumbnailUrl\" srcset=\"https:\/\/radiorevelacionfm.cl\/wp-content\/uploads\/2023\/07\/Melinka_2-1-1.jpg 974w, https:\/\/radiorevelacionfm.cl\/wp-content\/uploads\/2023\/07\/Melinka_2-1-1-300x185.jpg 300w, https:\/\/radiorevelacionfm.cl\/wp-content\/uploads\/2023\/07\/Melinka_2-1-1-768x473.jpg 768w, https:\/\/radiorevelacionfm.cl\/wp-content\/uploads\/2023\/07\/Melinka_2-1-1-705x434.jpg 705w, https:\/\/radiorevelacionfm.cl\/wp-content\/uploads\/2023\/07\/Melinka_2-1-1-450x277.jpg 450w, https:\/\/radiorevelacionfm.cl\/wp-content\/uploads\/2023\/07\/Melinka_2-1-1-600x370.jpg 600w\" sizes=\"(max-width: 974px) 100vw, 974px\" \/><\/div><\/div><\/div><\/div>\n<div class=\"flex_column av_one_full  flex_column_div av-zero-column-padding first  avia-builder-el-2  el_after_av_one_full  el_before_av_one_full  column-top-margin\" style='border-radius:0px; '><section class=\"av_textblock_section \"  itemscope=\"itemscope\" itemtype=\"https:\/\/schema.org\/BlogPosting\" itemprop=\"blogPost\" ><div class='avia_textblock  '   itemprop=\"text\" ><p style=\"text-align: center;\"><strong><span style=\"font-size: 18pt;\">Alrededor de 50 pesos por kilowatt disminuir\u00e1n las tarifas el\u00e9ctricas en Guaitecas<\/span><\/strong><\/p>\n<div id=\"gtx-trans\" style=\"position: absolute; left: -50px; top: 4.31534px;\">\n<div class=\"gtx-trans-icon\"><\/div>\n<\/div>\n<\/div><\/section><\/div><div class=\"flex_column av_one_full  flex_column_div av-zero-column-padding first  avia-builder-el-4  el_after_av_one_full  el_before_av_hr  column-top-margin\" style='border-radius:0px; '><section class=\"av_textblock_section \"  itemscope=\"itemscope\" itemtype=\"https:\/\/schema.org\/BlogPosting\" itemprop=\"blogPost\" ><div class='avia_textblock  '   itemprop=\"text\" ><p style=\"text-align: justify;\">En alrededor de 50 pesos por kilowatt se rebajar\u00e1n las tarifas de los servicios el\u00e9ctricos en la comuna de Guaitecas y as\u00ed ayudar a muchas familias cuyas cuentas subieron muy por encima de lo normal durante este invierno.<\/p>\n<p style=\"text-align: justify;\">Se trata de una de varias medidas que el alcalde Marcos Silva solicit\u00f3 se tomaran en la planta el\u00e9ctrica de Melinka para hacer frente a este problema, dadas las complicaciones que muchas familias est\u00e1n teniendo para pagar sus cuentas mensuales, dado el complejo escenario econ\u00f3mico por el que atraviesa la comuna por las complicaciones que he tenido el sector pesquero artesanal para trabajar y sacar provecho a la temporada del erizo.<\/p>\n<p style=\"text-align: justify;\">Luis P\u00e9rez, administrador de la planta el\u00e9ctrica, explic\u00f3 que el alcalde Marcos Silva, tras reunirse con dirigentes vecinales de la comuna, instruy\u00f3 al personal de la planta hacer un esfuerzo extra para ayudar a la comunidad.<\/p>\n<p style=\"text-align: justify;\">\u201cEntonces el alcalde nos pidi\u00f3 la tarea de recalcular, al m\u00ednimo posible, sin afectar nuestro centro de operaciones y disminuir los costos y que fue en lo que estuvimos trabajando. Entonces para el mes de julio se recalcul\u00f3, hasta el m\u00ednimo posible, sin que afecte tanto nuestras operaciones y vamos a rebajar, en todos los tramos, aproximadamente 50 pesos por kilowatt\u201d, dijo el administrador de la planta el\u00e9ctrica de Melinka.<\/p>\n<p style=\"text-align: justify;\">Esta rebaja en las tarifas se aplicar\u00e1 hasta septiembre, a\u00f1adi\u00f3 Luis P\u00e9rez, en el entendido que tras el invierno el consumo el\u00e9ctrico debe disminuir en los hogares de la comuna.<\/p>\n<p style=\"text-align: justify;\">\u201cDe julio a septiembre son los meses cuando m\u00e1s consumo hay en las casas porque los d\u00edas son m\u00e1s cortos y hay m\u00e1s fr\u00edo. Ahora, desde octubre a marzo el fr\u00edo decae, la calefacci\u00f3n que se usa en las casas es menor y a la vez tenemos menos consumo de luminarias o luz, ya que los d\u00edas son m\u00e1s largos\u201d, indic\u00f3.<\/p>\n<p style=\"text-align: justify;\">Otra instrucci\u00f3n dada por el alcalde Marcos Silva fue revisar aquellos casos puntuales en los que las cuentas subieron muy por encima de lo normal, revisar el estado de los medidores y ver c\u00f3mo se puede ayudar a estas familias cuyas cuentas se dispararon, dijo tambi\u00e9n Luis P\u00e9rez.<\/p>\n<p style=\"text-align: justify;\">\u201cEst\u00e1 la instrucci\u00f3n de revisar caso a caso los problemas de los clientes que les subi\u00f3 demasiado la luz. Estamos trabajando con las unidades t\u00e9cnicas de la planta para revisar los medidores, pues hemos encontrado m\u00e1s de alg\u00fan problema en los medidores, as\u00ed como en otras instalaciones y quienes tengan problemas que no sean t\u00e9cnicos, sino de consumo excesivo producto de la utilizaci\u00f3n de la energ\u00eda, tambi\u00e9n estamos trabajando para ayudarlos de la mejor forma posible\u201d, dijo el administrador de la planta el\u00e9ctrica de Melinka.<\/p>\n<p style=\"text-align: justify;\">Otra medida anunciada por la planta el\u00e9ctrica es que se le cobrar\u00e1 un precio fijo mensual al Comit\u00e9 de Agua Potable Rural de Melinka, a la espera de la regularizaci\u00f3n de sus operaciones, cuyos gastos tambi\u00e9n se han visto incrementados.<\/p>\n<p style=\"text-align: justify;\">Cabe se\u00f1alar que todos estos esfuerzos administrativos se har\u00e1n sin que todav\u00eda se transfiera el remanente del subsidio el\u00e9ctrico de la comuna de Guaitecas, que corresponden a m\u00e1s de 300 millones de pesos, que ya fueron aprobados por el Consejo Regional de Ays\u00e9n.<\/p>\n<\/div><\/section><\/div><\/p>\n<div  style='height:50px' class='hr hr-invisible   avia-builder-el-6  el_after_av_one_full  el_before_av_social_share '><span class='hr-inner ' ><span class='hr-inner-style'><\/span><\/span><\/div>\n<div  class='av-social-sharing-box  avia-builder-el-7  el_after_av_hr  el_before_av_hr  '><div class='av-share-box'><h5 class='av-share-link-description av-no-toc '>Compartir esta noticia<\/h5><ul class='av-share-box-list noLightbox'><li class='av-share-link av-social-link-facebook' ><a target=\"_blank\" aria-label=\"Compartir en Facebook\" href='https:\/\/www.facebook.com\/sharer.php?u=https:\/\/radiorevelacionfm.cl\/?p=33037&#038;t=Alrededor%20de%2050%20pesos%20por%20kilowatt%20disminuir%C3%A1n%20las%20tarifas%20el%C3%A9ctricas%20en%20Guaitecas' aria-hidden='false' data-av_icon='\ue8f3' data-av_iconfont='entypo-fontello' title='' data-avia-related-tooltip='Compartir en Facebook' rel=\"noopener\"><span class='avia_hidden_link_text'>Compartir en Facebook<\/span><\/a><\/li><li class='av-share-link av-social-link-twitter' ><a target=\"_blank\" aria-label=\"Compartir en Twitter\" href='https:\/\/twitter.com\/share?text=Alrededor%20de%2050%20pesos%20por%20kilowatt%20disminuir%C3%A1n%20las%20tarifas%20el%C3%A9ctricas%20en%20Guaitecas&#038;url=https:\/\/radiorevelacionfm.cl\/?p=33037' aria-hidden='false' data-av_icon='\ue8f1' data-av_iconfont='entypo-fontello' title='' data-avia-related-tooltip='Compartir en Twitter' rel=\"noopener\"><span class='avia_hidden_link_text'>Compartir en Twitter<\/span><\/a><\/li><li class='av-share-link av-social-link-whatsapp' ><a target=\"_blank\" aria-label=\"Compartir en Whatsapp\" href='https:\/\/api.whatsapp.com\/send?text=https:\/\/radiorevelacionfm.cl\/?p=33037' aria-hidden='false' data-av_icon='\uf232' data-av_iconfont='entypo-fontello' title='' data-avia-related-tooltip='Compartir en Whatsapp' rel=\"noopener\"><span class='avia_hidden_link_text'>Compartir en Whatsapp<\/span><\/a><\/li><li class='av-share-link av-social-link-linkedin' ><a target=\"_blank\" aria-label=\"Compartir en LinkedIn\" href='https:\/\/linkedin.com\/shareArticle?mini=true&#038;title=Alrededor%20de%2050%20pesos%20por%20kilowatt%20disminuir%C3%A1n%20las%20tarifas%20el%C3%A9ctricas%20en%20Guaitecas&#038;url=https:\/\/radiorevelacionfm.cl\/?p=33037' aria-hidden='false' data-av_icon='\ue8fc' data-av_iconfont='entypo-fontello' title='' data-avia-related-tooltip='Compartir en LinkedIn' rel=\"noopener\"><span class='avia_hidden_link_text'>Compartir en LinkedIn<\/span><\/a><\/li><li class='av-share-link av-social-link-mail' ><a  aria-label=\"Compartir por correo\" href='mailto:?subject=Alrededor%20de%2050%20pesos%20por%20kilowatt%20disminuir%C3%A1n%20las%20tarifas%20el%C3%A9ctricas%20en%20Guaitecas&#038;body=https:\/\/radiorevelacionfm.cl\/?p=33037' aria-hidden='false' data-av_icon='\ue805' data-av_iconfont='entypo-fontello' title='' data-avia-related-tooltip='Compartir por correo'><span class='avia_hidden_link_text'>Compartir por correo<\/span><\/a><\/li><\/ul><\/div><\/div>\n<div  style='height:50px' class='hr hr-invisible   avia-builder-el-8  el_after_av_social_share  el_before_av_comments_list '><span class='hr-inner ' ><span class='hr-inner-style'><\/span><\/span><\/div>\n<div  class='av-buildercomment  av-blog-meta-html-info-disabled av-blog-meta-tag-disabled  '><\/div>\n","protected":false},"excerpt":{"rendered":"","protected":false},"author":1,"featured_media":33039,"comment_status":"open","ping_status":"open","sticky":false,"template":"","format":"standard","meta":{"footnotes":""},"categories":[38],"tags":[],"class_list":["post-33037","post","type-post","status-publish","format-standard","has-post-thumbnail","hentry","category-regional"],"jetpack_featured_media_url":"https:\/\/radiorevelacionfm.cl\/wp-content\/uploads\/2023\/07\/Melinka_2-1-1.jpg","_links":{"self":[{"href":"https:\/\/radiorevelacionfm.cl\/index.php?rest_route=\/wp\/v2\/posts\/33037","targetHints":{"allow":["GET"]}}],"collection":[{"href":"https:\/\/radiorevelacionfm.cl\/index.php?rest_route=\/wp\/v2\/posts"}],"about":[{"href":"https:\/\/radiorevelacionfm.cl\/index.php?rest_route=\/wp\/v2\/types\/post"}],"author":[{"embeddable":true,"href":"https:\/\/radiorevelacionfm.cl\/index.php?rest_route=\/wp\/v2\/users\/1"}],"replies":[{"embeddable":true,"href":"https:\/\/radiorevelacionfm.cl\/index.php?rest_route=%2Fwp%2Fv2%2Fcomments&post=33037"}],"version-history":[{"count":2,"href":"https:\/\/radiorevelacionfm.cl\/index.php?rest_route=\/wp\/v2\/posts\/33037\/revisions"}],"predecessor-version":[{"id":33041,"href":"https:\/\/radiorevelacionfm.cl\/index.php?rest_route=\/wp\/v2\/posts\/33037\/revisions\/33041"}],"wp:featuredmedia":[{"embeddable":true,"href":"https:\/\/radiorevelacionfm.cl\/index.php?rest_route=\/wp\/v2\/media\/33039"}],"wp:attachment":[{"href":"https:\/\/radiorevelacionfm.cl\/index.php?rest_route=%2Fwp%2Fv2%2Fmedia&parent=33037"}],"wp:term":[{"taxonomy":"category","embeddable":true,"href":"https:\/\/radiorevelacionfm.cl\/index.php?rest_route=%2Fwp%2Fv2%2Fcategories&post=33037"},{"taxonomy":"post_tag","embeddable":true,"href":"https:\/\/radiorevelacionfm.cl\/index.php?rest_route=%2Fwp%2Fv2%2Ftags&post=33037"}],"curies":[{"name":"wp","href":"https:\/\/api.w.org\/{rel}","templated":true}]}}