{"id":33031,"date":"2023-07-18T19:07:29","date_gmt":"2023-07-18T22:07:29","guid":{"rendered":"https:\/\/radiorevelacionfm.cl\/?p=33031"},"modified":"2023-07-18T19:07:29","modified_gmt":"2023-07-18T22:07:29","slug":"vecinos-de-rio-blanco-y-diputado-calisto-valoran-avances-en-proyecto-para-la-construccion-de-un-puente-mecano","status":"publish","type":"post","link":"https:\/\/radiorevelacionfm.cl\/?p=33031","title":{"rendered":"Vecinos de R\u00edo Blanco y diputado Calisto valoran avances en proyecto para la construcci\u00f3n de un puente mecano"},"content":{"rendered":"<div class=\"flex_column av_one_full  flex_column_div av-zero-column-padding first  avia-builder-el-0  el_before_av_one_full  avia-builder-el-first  \" style='border-radius:0px; '><div  class='avia-image-container  av-styling-    avia-builder-el-1  avia-builder-el-no-sibling  avia-align-center '  itemprop=\"image\" itemscope=\"itemscope\" itemtype=\"https:\/\/schema.org\/ImageObject\"  ><div class='avia-image-container-inner'><div class='avia-image-overlay-wrap'><img decoding=\"async\" class='wp-image-33032 avia-img-lazy-loading-not-33032 avia_image' src=\"https:\/\/radiorevelacionfm.cl\/wp-content\/uploads\/2023\/07\/SECTOR-RIO-BLANCO-1-1.jpeg\" alt='' title='SECTOR R\u00cdO BLANCO (1) (1)' height=\"600\" width=\"1061\"  itemprop=\"thumbnailUrl\" srcset=\"https:\/\/radiorevelacionfm.cl\/wp-content\/uploads\/2023\/07\/SECTOR-RIO-BLANCO-1-1.jpeg 1061w, https:\/\/radiorevelacionfm.cl\/wp-content\/uploads\/2023\/07\/SECTOR-RIO-BLANCO-1-1-300x170.jpeg 300w, https:\/\/radiorevelacionfm.cl\/wp-content\/uploads\/2023\/07\/SECTOR-RIO-BLANCO-1-1-1030x582.jpeg 1030w, https:\/\/radiorevelacionfm.cl\/wp-content\/uploads\/2023\/07\/SECTOR-RIO-BLANCO-1-1-768x434.jpeg 768w, https:\/\/radiorevelacionfm.cl\/wp-content\/uploads\/2023\/07\/SECTOR-RIO-BLANCO-1-1-705x399.jpeg 705w, https:\/\/radiorevelacionfm.cl\/wp-content\/uploads\/2023\/07\/SECTOR-RIO-BLANCO-1-1-450x254.jpeg 450w, https:\/\/radiorevelacionfm.cl\/wp-content\/uploads\/2023\/07\/SECTOR-RIO-BLANCO-1-1-600x339.jpeg 600w\" sizes=\"(max-width: 1061px) 100vw, 1061px\" \/><\/div><\/div><\/div><\/div><div class=\"flex_column av_one_full  flex_column_div av-zero-column-padding first  avia-builder-el-2  el_after_av_one_full  el_before_av_one_full  column-top-margin\" style='border-radius:0px; '><section class=\"av_textblock_section \"  itemscope=\"itemscope\" itemtype=\"https:\/\/schema.org\/BlogPosting\" itemprop=\"blogPost\" ><div class='avia_textblock  '   itemprop=\"text\" ><p style=\"text-align: center;\"><strong><span style=\"font-size: 18pt;\">Vecinos de R\u00edo Blanco y diputado Calisto valoran avances en proyecto para la construcci\u00f3n de un puente mecano<\/span><\/strong><\/p>\n<div id=\"gtx-trans\" style=\"position: absolute; left: -50px; top: 4.31534px;\">\n<div class=\"gtx-trans-icon\"><\/div>\n<\/div>\n<\/div><\/section><\/div><div class=\"flex_column av_one_full  flex_column_div av-zero-column-padding first  avia-builder-el-4  el_after_av_one_full  el_before_av_hr  column-top-margin\" style='border-radius:0px; '><section class=\"av_textblock_section \"  itemscope=\"itemscope\" itemtype=\"https:\/\/schema.org\/BlogPosting\" itemprop=\"blogPost\" ><div class='avia_textblock  '   itemprop=\"text\" ><p style=\"font-weight: 400; text-align: justify;\">Hasta el sector del R\u00edo Blanco en la comuna de Puerto Ays\u00e9n se traslad\u00f3 el diputado Miguel \u00c1ngel Calisto, esto con la intenci\u00f3n de participar en una reuni\u00f3n con los vecinos del lugar y con el Director Regional de Vialidad, Renzo Sanders, para conocer el avance del proyecto para la construcci\u00f3n de un puente mecano que permitir\u00e1 reemplazar a la antigua barcaza que opera en el r\u00edo.<\/p>\n<p style=\"font-weight: 400; text-align: justify;\">Seg\u00fan el diputado Calisto, \u201cqueremos destacar la disposici\u00f3n que ha tenido vialidad regional. Sostuvimos una importante reuni\u00f3n con los vecinos del sector de la balsa en el R\u00edo Blanco de Puerto Ays\u00e9n. Esta embarcaci\u00f3n es un patrimonio y ha cumplido una importante funci\u00f3n durante muchos a\u00f1os, la que est\u00e1 llegando a su fin por la pr\u00f3xima instalaci\u00f3n de un puente mecano de cerca de 70 metros\u201d.<\/p>\n<p style=\"font-weight: 400; text-align: justify;\">\u201cEsto permitir\u00e1 que los vecinos tengan conectividad permanente, lo que claramente significar\u00e1 una mejora en su calidad de vida.\u00a0 Este es un camino muy importante, tur\u00edstico, pero que adem\u00e1s permitir\u00e1 ser la segunda ruta de conexi\u00f3n entre Coyhaique y Puerto Ays\u00e9n, conectando adem\u00e1s Lago Portales, Lago Centeno, Sector Huemules, entre otros\u201d, indic\u00f3.<\/p>\n<p style=\"font-weight: 400; text-align: justify;\">Por su parte, el Director de Vialidad, Renzo Sanders, asegur\u00f3 que \u201cnos juntamos con la comunidad del sector, les venimos a explicar los procesos que estamos llevando adelante y las gestiones que estamos realizando, tanto con las autoridades locales y regionales que nos permitan ayudar con gestiones para aprobar un proyecto para poder contar con este puente de conectividad en el sector de R\u00edo Blanco\u201d.<\/p>\n<p style=\"font-weight: 400; text-align: justify;\">\u201cEstamos trabajando tambi\u00e9n con el Ministerio de Desarrollo Social, tanto a nivel regional como central, lo que es muy importante para que tengamos los permisos y la excepcionalidad para lograr la conectividad que beneficiar\u00e1 a la comunidad del sector\u201d, asegur\u00f3 el Director de Vialidad.<\/p>\n<p style=\"font-weight: 400; text-align: justify;\">Finalmente, Tatiana Fern\u00e1ndez, vecina del sector, asegur\u00f3 que \u201cestuvimos con el Director de Vialidad por la necesidad que tenemos de un puente que nos permita mejor conectividad. Nos entreg\u00f3 buenas noticias y respondi\u00f3 nuestras dudas. En la pr\u00f3xima reuni\u00f3n, que fue fijada en agosto, qued\u00f3 de tener avances concretos, por lo que esperamos que todo siga avanzando para poder cumplir el sue\u00f1o del puente R\u00edo Blanco y Lago Portales\u201d.<\/p>\n<\/div><\/section><\/div><div  style='height:50px' class='hr hr-invisible   avia-builder-el-6  el_after_av_one_full  el_before_av_social_share '><span class='hr-inner ' ><span class='hr-inner-style'><\/span><\/span><\/div><\/p>\n<div  class='av-social-sharing-box  avia-builder-el-7  el_after_av_hr  el_before_av_hr  '><div class='av-share-box'><h5 class='av-share-link-description av-no-toc '>Compartir esta noticia<\/h5><ul class='av-share-box-list noLightbox'><li class='av-share-link av-social-link-facebook' ><a target=\"_blank\" aria-label=\"Compartir en Facebook\" href='https:\/\/www.facebook.com\/sharer.php?u=https:\/\/radiorevelacionfm.cl\/?p=33031&#038;t=Vecinos%20de%20R%C3%ADo%20Blanco%20y%20diputado%20Calisto%20valoran%20avances%20en%20proyecto%20para%20la%20construcci%C3%B3n%20de%20un%20puente%20mecano' aria-hidden='false' data-av_icon='\ue8f3' data-av_iconfont='entypo-fontello' title='' data-avia-related-tooltip='Compartir en Facebook' rel=\"noopener\"><span class='avia_hidden_link_text'>Compartir en Facebook<\/span><\/a><\/li><li class='av-share-link av-social-link-twitter' ><a target=\"_blank\" aria-label=\"Compartir en Twitter\" href='https:\/\/twitter.com\/share?text=Vecinos%20de%20R%C3%ADo%20Blanco%20y%20diputado%20Calisto%20valoran%20avances%20en%20proyecto%20para%20la%20construcci%C3%B3n%20de%20un%20puente%20mecano&#038;url=https:\/\/radiorevelacionfm.cl\/?p=33031' aria-hidden='false' data-av_icon='\ue8f1' data-av_iconfont='entypo-fontello' title='' data-avia-related-tooltip='Compartir en Twitter' rel=\"noopener\"><span class='avia_hidden_link_text'>Compartir en Twitter<\/span><\/a><\/li><li class='av-share-link av-social-link-whatsapp' ><a target=\"_blank\" aria-label=\"Compartir en Whatsapp\" href='https:\/\/api.whatsapp.com\/send?text=https:\/\/radiorevelacionfm.cl\/?p=33031' aria-hidden='false' data-av_icon='\uf232' data-av_iconfont='entypo-fontello' title='' data-avia-related-tooltip='Compartir en Whatsapp' rel=\"noopener\"><span class='avia_hidden_link_text'>Compartir en Whatsapp<\/span><\/a><\/li><li class='av-share-link av-social-link-linkedin' ><a target=\"_blank\" aria-label=\"Compartir en LinkedIn\" href='https:\/\/linkedin.com\/shareArticle?mini=true&#038;title=Vecinos%20de%20R%C3%ADo%20Blanco%20y%20diputado%20Calisto%20valoran%20avances%20en%20proyecto%20para%20la%20construcci%C3%B3n%20de%20un%20puente%20mecano&#038;url=https:\/\/radiorevelacionfm.cl\/?p=33031' aria-hidden='false' data-av_icon='\ue8fc' data-av_iconfont='entypo-fontello' title='' data-avia-related-tooltip='Compartir en LinkedIn' rel=\"noopener\"><span class='avia_hidden_link_text'>Compartir en LinkedIn<\/span><\/a><\/li><li class='av-share-link av-social-link-mail' ><a  aria-label=\"Compartir por correo\" href='mailto:?subject=Vecinos%20de%20R%C3%ADo%20Blanco%20y%20diputado%20Calisto%20valoran%20avances%20en%20proyecto%20para%20la%20construcci%C3%B3n%20de%20un%20puente%20mecano&#038;body=https:\/\/radiorevelacionfm.cl\/?p=33031' aria-hidden='false' data-av_icon='\ue805' data-av_iconfont='entypo-fontello' title='' data-avia-related-tooltip='Compartir por correo'><span class='avia_hidden_link_text'>Compartir por correo<\/span><\/a><\/li><\/ul><\/div><\/div>\n<div  style='height:50px' class='hr hr-invisible   avia-builder-el-8  el_after_av_social_share  el_before_av_comments_list '><span class='hr-inner ' ><span class='hr-inner-style'><\/span><\/span><\/div>\n<div  class='av-buildercomment  av-blog-meta-html-info-disabled av-blog-meta-tag-disabled  '><\/div>\n","protected":false},"excerpt":{"rendered":"","protected":false},"author":1,"featured_media":33032,"comment_status":"open","ping_status":"open","sticky":false,"template":"","format":"standard","meta":{"footnotes":""},"categories":[38],"tags":[],"class_list":["post-33031","post","type-post","status-publish","format-standard","has-post-thumbnail","hentry","category-regional"],"jetpack_featured_media_url":"https:\/\/radiorevelacionfm.cl\/wp-content\/uploads\/2023\/07\/SECTOR-RIO-BLANCO-1-1.jpeg","_links":{"self":[{"href":"https:\/\/radiorevelacionfm.cl\/index.php?rest_route=\/wp\/v2\/posts\/33031","targetHints":{"allow":["GET"]}}],"collection":[{"href":"https:\/\/radiorevelacionfm.cl\/index.php?rest_route=\/wp\/v2\/posts"}],"about":[{"href":"https:\/\/radiorevelacionfm.cl\/index.php?rest_route=\/wp\/v2\/types\/post"}],"author":[{"embeddable":true,"href":"https:\/\/radiorevelacionfm.cl\/index.php?rest_route=\/wp\/v2\/users\/1"}],"replies":[{"embeddable":true,"href":"https:\/\/radiorevelacionfm.cl\/index.php?rest_route=%2Fwp%2Fv2%2Fcomments&post=33031"}],"version-history":[{"count":1,"href":"https:\/\/radiorevelacionfm.cl\/index.php?rest_route=\/wp\/v2\/posts\/33031\/revisions"}],"predecessor-version":[{"id":33033,"href":"https:\/\/radiorevelacionfm.cl\/index.php?rest_route=\/wp\/v2\/posts\/33031\/revisions\/33033"}],"wp:featuredmedia":[{"embeddable":true,"href":"https:\/\/radiorevelacionfm.cl\/index.php?rest_route=\/wp\/v2\/media\/33032"}],"wp:attachment":[{"href":"https:\/\/radiorevelacionfm.cl\/index.php?rest_route=%2Fwp%2Fv2%2Fmedia&parent=33031"}],"wp:term":[{"taxonomy":"category","embeddable":true,"href":"https:\/\/radiorevelacionfm.cl\/index.php?rest_route=%2Fwp%2Fv2%2Fcategories&post=33031"},{"taxonomy":"post_tag","embeddable":true,"href":"https:\/\/radiorevelacionfm.cl\/index.php?rest_route=%2Fwp%2Fv2%2Ftags&post=33031"}],"curies":[{"name":"wp","href":"https:\/\/api.w.org\/{rel}","templated":true}]}}