{"id":33028,"date":"2023-07-18T17:46:29","date_gmt":"2023-07-18T20:46:29","guid":{"rendered":"https:\/\/radiorevelacionfm.cl\/?p=33028"},"modified":"2023-07-18T17:46:29","modified_gmt":"2023-07-18T20:46:29","slug":"en-villa-ohiggins-capacitan-a-vecinos-sobre-como-postular-a-arriendos-de-inmuebles-fiscales-para-proyectos-productivos","status":"publish","type":"post","link":"https:\/\/radiorevelacionfm.cl\/?p=33028","title":{"rendered":"En Villa O\u00b4Higgins capacitan a vecinos sobre \u201cC\u00f3mo postular a Arriendos de Inmuebles Fiscales para Proyectos Productivos\u201d"},"content":{"rendered":"<div class=\"flex_column av_one_full  flex_column_div av-zero-column-padding first  avia-builder-el-0  el_before_av_one_full  avia-builder-el-first  \" style='border-radius:0px; '><div  class='avia-image-container  av-styling-    avia-builder-el-1  avia-builder-el-no-sibling  avia-align-center '  itemprop=\"image\" itemscope=\"itemscope\" itemtype=\"https:\/\/schema.org\/ImageObject\"  ><div class='avia-image-container-inner'><div class='avia-image-overlay-wrap'><img decoding=\"async\" class='wp-image-33029 avia-img-lazy-loading-not-33029 avia_image' src=\"https:\/\/radiorevelacionfm.cl\/wp-content\/uploads\/2023\/07\/foto-dialogo-ciudadano-1-1.jpeg\" alt='' title='foto di\u00e1logo ciudadano (1) (1)' height=\"600\" width=\"800\"  itemprop=\"thumbnailUrl\" srcset=\"https:\/\/radiorevelacionfm.cl\/wp-content\/uploads\/2023\/07\/foto-dialogo-ciudadano-1-1.jpeg 800w, https:\/\/radiorevelacionfm.cl\/wp-content\/uploads\/2023\/07\/foto-dialogo-ciudadano-1-1-300x225.jpeg 300w, https:\/\/radiorevelacionfm.cl\/wp-content\/uploads\/2023\/07\/foto-dialogo-ciudadano-1-1-768x576.jpeg 768w, https:\/\/radiorevelacionfm.cl\/wp-content\/uploads\/2023\/07\/foto-dialogo-ciudadano-1-1-705x529.jpeg 705w, https:\/\/radiorevelacionfm.cl\/wp-content\/uploads\/2023\/07\/foto-dialogo-ciudadano-1-1-450x338.jpeg 450w, https:\/\/radiorevelacionfm.cl\/wp-content\/uploads\/2023\/07\/foto-dialogo-ciudadano-1-1-600x450.jpeg 600w\" sizes=\"(max-width: 800px) 100vw, 800px\" \/><\/div><\/div><\/div><\/div><div class=\"flex_column av_one_full  flex_column_div av-zero-column-padding first  avia-builder-el-2  el_after_av_one_full  el_before_av_one_full  column-top-margin\" style='border-radius:0px; '><section class=\"av_textblock_section \"  itemscope=\"itemscope\" itemtype=\"https:\/\/schema.org\/BlogPosting\" itemprop=\"blogPost\" ><div class='avia_textblock  '   itemprop=\"text\" ><p style=\"text-align: center;\"><strong><span style=\"font-size: 18pt;\">En Villa O\u00b4Higgins capacitan a vecinos sobre \u201cC\u00f3mo postular a Arriendos de Inmuebles Fiscales para Proyectos Productivos\u201d<\/span><\/strong><\/p>\n<div id=\"gtx-trans\" style=\"position: absolute; left: -50px; top: 4.31534px;\">\n<div class=\"gtx-trans-icon\"><\/div>\n<\/div>\n<\/div><\/section><\/div><div class=\"flex_column av_one_full  flex_column_div av-zero-column-padding first  avia-builder-el-4  el_after_av_one_full  el_before_av_hr  column-top-margin\" style='border-radius:0px; '><section class=\"av_textblock_section \"  itemscope=\"itemscope\" itemtype=\"https:\/\/schema.org\/BlogPosting\" itemprop=\"blogPost\" ><div class='avia_textblock  '   itemprop=\"text\" ><p style=\"text-align: justify;\">En el marco del Di\u00e1logo Ciudadano sobre Recuperaci\u00f3n de Espacios P\u00fablicos desarrollado recientemente en Villa O\u00b4Higgins, el equipo del Programa de Regularizaci\u00f3n de la Propiedad Ra\u00edz de la provincia Capit\u00e1n Prat, ejecutado con recursos FNDR del Gobierno Regional de Ays\u00e9n y su Consejo, lleg\u00f3 hasta la comuna m\u00e1s austral de la regi\u00f3n de Ays\u00e9n, tras ser convocados desde la Delegaci\u00f3n Presidencial Provincial, para realizar un taller a fin de resolver consultas de vecinas y vecinos sobre c\u00f3mo acceder a arriendo de inmuebles fiscales con fines productivos.<\/p>\n<p style=\"text-align: justify;\">En la instancia donde participaron diferentes servicios p\u00fablicos presentes en el territorio, se dio la oportunidad para resolver inquietudes e informar el trabajo que desarrolla la Seremi de Bienes Nacionales en el sur de la regi\u00f3n; en ese sentido, la delegada presidencial de Capit\u00e1n Prat, Marta Montiel, sostuvo que \u201cEn el marco del programa de Recuperaci\u00f3n de Espacios P\u00fablicos del Gobierno del Presidente Gabriel Boric, tiene suma relevancia la presencia del Ministerio de Bienes Nacionales, es por eso que la Seremi, a trav\u00e9s del Programa de Regularizaci\u00f3n de la Propiedad Ra\u00edz de esta provincia, se hizo presente con su primer taller para acercarse a la comunidad y a trav\u00e9s de un proceso de participaci\u00f3n ciudadana que se inici\u00f3 en la comuna de Cochrane, tambi\u00e9n se les est\u00e1 comunicando a las vecinas y vecinos de esta provincia, c\u00f3mo es que pueden acceder a los inmuebles fiscales y cu\u00e1les son los lineamientos que tiene el Ministerio de Bienes Nacionales\u201d, expres\u00f3 la autoridad provincial.<\/p>\n<p style=\"text-align: justify;\">Los Arriendos de Inmuebles Fiscales est\u00e1n totalmente asociados a desarrollar un proyecto productivo, por m\u00e1ximo 5 a\u00f1os en \u00e1rea urbana y 10 a\u00f1os -incluida renovaci\u00f3n- en \u00e1rea rural, y ese fue el tenor de la informaci\u00f3n otorgada por el equipo del programa liderado por su coordinadora J\u00e9ssica Melgarejo, quien relev\u00f3 el gran inter\u00e9s que ha generado la presencia de la Seremi de Bienes Nacionales en las comunas de Tortel, O\u00b4Higgins y Cochrane. As\u00ed tambi\u00e9n, respecto del taller brindado, expres\u00f3 \u201cfue una actividad muy provechosa, donde pudimos realizar un avance de lo que llevamos como programa en la provincia y adem\u00e1s hicimos el primer taller sobre c\u00f3mo postular a un arriendo de un inmueble fiscal, algo que no se hab\u00eda desarrollado en Villa O\u00b4Higgins, la idea es tambi\u00e9n replicar esta actividad en Tortel y Cochrane\u201d.<\/p>\n<p style=\"text-align: justify;\">Por su parte, el alcalde de O\u00b4Higgins, Jos\u00e9 Fica, resalt\u00f3 que \u201cpara nuestra localidad es sumamente importante que Bienes Nacionales haga presencia con la comunidad y especialmente con la gente del campo. Es primera vez que tenemos instalada ac\u00e1 una oficina de Bienes Nacionales y que ha funcionado bastante bien a pesar que los pobladores viven distantes de Villa O\u00b4Higgins, ha habido bastante acercamiento y alguna soluci\u00f3n al respecto. As\u00ed tambi\u00e9n, se destaca la actividad, el acercamiento con la comunidad para que tengan conocimiento de la labor que desarrollan y qu\u00e9 tr\u00e1mites pueden hacer\u201d, enfatiz\u00f3 el jefe de la comuna.<\/p>\n<p style=\"text-align: justify;\">En esa l\u00ednea, la seremi Irina Morend Valdebenito, destac\u00f3 que \u201cel programa financiado por el Gobierno Regional, nos ha permitido llegar y acercarnos al territorio, en este caso a las localidades m\u00e1s alejadas de la zona sur y estar presencialmente en el territorio con oficinas de atenci\u00f3n ciudadana, pero tambi\u00e9n nos permite llegar a las comunidades, vincularnos con los pobladores a trav\u00e9s de charlas y conversaciones, procesos de participaci\u00f3n ciudadana, y eso es algo que es muy importante para nosotros, porque se enmarca en nuestro eje de mayor descentralizaci\u00f3n, parte de nuestros ejes como Gobierno\u201d, sostuvo la autoridad regional, se\u00f1alando adem\u00e1s que el taller realizado en Villa O\u00b4Higgins, \u201cfue enfocado en los arriendos, instrumento de administraci\u00f3n de la propiedad fiscal que permite generar actividad econ\u00f3mica, financiando proyectos productivos\u2026lo que estamos haciendo, en el marco de nuestro eje de seguridad econ\u00f3mica, es potenciar los territorios a trav\u00e9s de este programa Capit\u00e1n Prat\u201d.<\/p>\n<p style=\"text-align: justify;\">Finalmente, la Seremi de Bienes Nacionales de Ays\u00e9n, record\u00f3 que se encuentran presentes en las tres comunas de la provincia Capit\u00e1n Prat gracias a la ejecuci\u00f3n del Programa con recursos FNDR de Regularizaci\u00f3n de la Propiedad Ra\u00edz, el que ha permitido la instalaci\u00f3n de tres oficinas de Gestoras y Atenci\u00f3n Ciudadana, las que se encuentran ubicadas en Rinc\u00f3n Bajo S\/N, Tortel, Calle Lago Cristi S\/N, Villa O\u00b4Higgins y Calle Esmeralda N\u00b0 199, Cochrane, brindando atenci\u00f3n en horario de 8:30 a 13:30 horas.<\/p>\n<\/div><\/section><\/div><div  style='height:50px' class='hr hr-invisible   avia-builder-el-6  el_after_av_one_full  el_before_av_social_share '><span class='hr-inner ' ><span class='hr-inner-style'><\/span><\/span><\/div><\/p>\n<div  class='av-social-sharing-box  avia-builder-el-7  el_after_av_hr  el_before_av_hr  '><div class='av-share-box'><h5 class='av-share-link-description av-no-toc '>Compartir esta noticia<\/h5><ul class='av-share-box-list noLightbox'><li class='av-share-link av-social-link-facebook' ><a target=\"_blank\" aria-label=\"Compartir en Facebook\" href='https:\/\/www.facebook.com\/sharer.php?u=https:\/\/radiorevelacionfm.cl\/?p=33028&#038;t=En%20Villa%20O%C2%B4Higgins%20capacitan%20a%20vecinos%20sobre%20%E2%80%9CC%C3%B3mo%20postular%20a%20Arriendos%20de%20Inmuebles%20Fiscales%20para%20Proyectos%20Productivos%E2%80%9D' aria-hidden='false' data-av_icon='\ue8f3' data-av_iconfont='entypo-fontello' title='' data-avia-related-tooltip='Compartir en Facebook' rel=\"noopener\"><span class='avia_hidden_link_text'>Compartir en Facebook<\/span><\/a><\/li><li class='av-share-link av-social-link-twitter' ><a target=\"_blank\" aria-label=\"Compartir en Twitter\" href='https:\/\/twitter.com\/share?text=En%20Villa%20O%C2%B4Higgins%20capacitan%20a%20vecinos%20sobre%20%E2%80%9CC%C3%B3mo%20postular%20a%20Arriendos%20de%20Inmuebles%20Fiscales%20para%20Proyectos%20Productivos%E2%80%9D&#038;url=https:\/\/radiorevelacionfm.cl\/?p=33028' aria-hidden='false' data-av_icon='\ue8f1' data-av_iconfont='entypo-fontello' title='' data-avia-related-tooltip='Compartir en Twitter' rel=\"noopener\"><span class='avia_hidden_link_text'>Compartir en Twitter<\/span><\/a><\/li><li class='av-share-link av-social-link-whatsapp' ><a target=\"_blank\" aria-label=\"Compartir en Whatsapp\" href='https:\/\/api.whatsapp.com\/send?text=https:\/\/radiorevelacionfm.cl\/?p=33028' aria-hidden='false' data-av_icon='\uf232' data-av_iconfont='entypo-fontello' title='' data-avia-related-tooltip='Compartir en Whatsapp' rel=\"noopener\"><span class='avia_hidden_link_text'>Compartir en Whatsapp<\/span><\/a><\/li><li class='av-share-link av-social-link-linkedin' ><a target=\"_blank\" aria-label=\"Compartir en LinkedIn\" href='https:\/\/linkedin.com\/shareArticle?mini=true&#038;title=En%20Villa%20O%C2%B4Higgins%20capacitan%20a%20vecinos%20sobre%20%E2%80%9CC%C3%B3mo%20postular%20a%20Arriendos%20de%20Inmuebles%20Fiscales%20para%20Proyectos%20Productivos%E2%80%9D&#038;url=https:\/\/radiorevelacionfm.cl\/?p=33028' aria-hidden='false' data-av_icon='\ue8fc' data-av_iconfont='entypo-fontello' title='' data-avia-related-tooltip='Compartir en LinkedIn' rel=\"noopener\"><span class='avia_hidden_link_text'>Compartir en LinkedIn<\/span><\/a><\/li><li class='av-share-link av-social-link-mail' ><a  aria-label=\"Compartir por correo\" href='mailto:?subject=En%20Villa%20O%C2%B4Higgins%20capacitan%20a%20vecinos%20sobre%20%E2%80%9CC%C3%B3mo%20postular%20a%20Arriendos%20de%20Inmuebles%20Fiscales%20para%20Proyectos%20Productivos%E2%80%9D&#038;body=https:\/\/radiorevelacionfm.cl\/?p=33028' aria-hidden='false' data-av_icon='\ue805' data-av_iconfont='entypo-fontello' title='' data-avia-related-tooltip='Compartir por correo'><span class='avia_hidden_link_text'>Compartir por correo<\/span><\/a><\/li><\/ul><\/div><\/div>\n<div  style='height:50px' class='hr hr-invisible   avia-builder-el-8  el_after_av_social_share  el_before_av_comments_list '><span class='hr-inner ' ><span class='hr-inner-style'><\/span><\/span><\/div>\n<div  class='av-buildercomment  av-blog-meta-html-info-disabled av-blog-meta-tag-disabled  '><\/div>\n","protected":false},"excerpt":{"rendered":"","protected":false},"author":1,"featured_media":33029,"comment_status":"open","ping_status":"open","sticky":false,"template":"","format":"standard","meta":{"footnotes":""},"categories":[38],"tags":[],"class_list":["post-33028","post","type-post","status-publish","format-standard","has-post-thumbnail","hentry","category-regional"],"jetpack_featured_media_url":"https:\/\/radiorevelacionfm.cl\/wp-content\/uploads\/2023\/07\/foto-dialogo-ciudadano-1-1.jpeg","_links":{"self":[{"href":"https:\/\/radiorevelacionfm.cl\/index.php?rest_route=\/wp\/v2\/posts\/33028","targetHints":{"allow":["GET"]}}],"collection":[{"href":"https:\/\/radiorevelacionfm.cl\/index.php?rest_route=\/wp\/v2\/posts"}],"about":[{"href":"https:\/\/radiorevelacionfm.cl\/index.php?rest_route=\/wp\/v2\/types\/post"}],"author":[{"embeddable":true,"href":"https:\/\/radiorevelacionfm.cl\/index.php?rest_route=\/wp\/v2\/users\/1"}],"replies":[{"embeddable":true,"href":"https:\/\/radiorevelacionfm.cl\/index.php?rest_route=%2Fwp%2Fv2%2Fcomments&post=33028"}],"version-history":[{"count":1,"href":"https:\/\/radiorevelacionfm.cl\/index.php?rest_route=\/wp\/v2\/posts\/33028\/revisions"}],"predecessor-version":[{"id":33030,"href":"https:\/\/radiorevelacionfm.cl\/index.php?rest_route=\/wp\/v2\/posts\/33028\/revisions\/33030"}],"wp:featuredmedia":[{"embeddable":true,"href":"https:\/\/radiorevelacionfm.cl\/index.php?rest_route=\/wp\/v2\/media\/33029"}],"wp:attachment":[{"href":"https:\/\/radiorevelacionfm.cl\/index.php?rest_route=%2Fwp%2Fv2%2Fmedia&parent=33028"}],"wp:term":[{"taxonomy":"category","embeddable":true,"href":"https:\/\/radiorevelacionfm.cl\/index.php?rest_route=%2Fwp%2Fv2%2Fcategories&post=33028"},{"taxonomy":"post_tag","embeddable":true,"href":"https:\/\/radiorevelacionfm.cl\/index.php?rest_route=%2Fwp%2Fv2%2Ftags&post=33028"}],"curies":[{"name":"wp","href":"https:\/\/api.w.org\/{rel}","templated":true}]}}