{"id":33025,"date":"2023-07-19T11:28:25","date_gmt":"2023-07-19T14:28:25","guid":{"rendered":"https:\/\/radiorevelacionfm.cl\/?p=33025"},"modified":"2023-07-19T11:28:25","modified_gmt":"2023-07-19T14:28:25","slug":"ssa-se-reune-con-funcionarios-y-gremios-de-cochrane-para-conocer-sus-demandas","status":"publish","type":"post","link":"https:\/\/radiorevelacionfm.cl\/?p=33025","title":{"rendered":"SSA se re\u00fane con funcionarios y gremios de Cochrane para conocer sus demandas"},"content":{"rendered":"<div class=\"flex_column av_one_full  flex_column_div av-zero-column-padding first  avia-builder-el-0  el_before_av_one_full  avia-builder-el-first  \" style='border-radius:0px; '><div  class='avia-image-container  av-styling-    avia-builder-el-1  avia-builder-el-no-sibling  avia-align-center '  itemprop=\"image\" itemscope=\"itemscope\" itemtype=\"https:\/\/schema.org\/ImageObject\"  ><div class='avia-image-container-inner'><div class='avia-image-overlay-wrap'><img decoding=\"async\" class='wp-image-33026 avia-img-lazy-loading-not-33026 avia_image' src=\"https:\/\/radiorevelacionfm.cl\/wp-content\/uploads\/2023\/07\/foto-1_optimized.jpeg\" alt='' title='foto--(1)_optimized' height=\"600\" width=\"800\"  itemprop=\"thumbnailUrl\" srcset=\"https:\/\/radiorevelacionfm.cl\/wp-content\/uploads\/2023\/07\/foto-1_optimized.jpeg 800w, https:\/\/radiorevelacionfm.cl\/wp-content\/uploads\/2023\/07\/foto-1_optimized-300x225.jpeg 300w, https:\/\/radiorevelacionfm.cl\/wp-content\/uploads\/2023\/07\/foto-1_optimized-768x576.jpeg 768w, https:\/\/radiorevelacionfm.cl\/wp-content\/uploads\/2023\/07\/foto-1_optimized-705x529.jpeg 705w, https:\/\/radiorevelacionfm.cl\/wp-content\/uploads\/2023\/07\/foto-1_optimized-450x338.jpeg 450w, https:\/\/radiorevelacionfm.cl\/wp-content\/uploads\/2023\/07\/foto-1_optimized-600x450.jpeg 600w\" sizes=\"(max-width: 800px) 100vw, 800px\" \/><\/div><\/div><\/div><\/div><div class=\"flex_column av_one_full  flex_column_div av-zero-column-padding first  avia-builder-el-2  el_after_av_one_full  el_before_av_one_full  column-top-margin\" style='border-radius:0px; '><section class=\"av_textblock_section \"  itemscope=\"itemscope\" itemtype=\"https:\/\/schema.org\/BlogPosting\" itemprop=\"blogPost\" ><div class='avia_textblock  '   itemprop=\"text\" ><p style=\"text-align: center;\"><strong><span style=\"font-size: 18pt;\">SSA se re\u00fane con funcionarios y gremios de Cochrane para conocer sus demandas<\/span><\/strong><\/p>\n<div id=\"gtx-trans\" style=\"position: absolute; left: -50px; top: 4.31534px;\">\n<div class=\"gtx-trans-icon\"><\/div>\n<\/div>\n<\/div><\/section><\/div><div class=\"flex_column av_one_full  flex_column_div av-zero-column-padding first  avia-builder-el-4  el_after_av_one_full  el_before_av_hr  column-top-margin\" style='border-radius:0px; '><section class=\"av_textblock_section \"  itemscope=\"itemscope\" itemtype=\"https:\/\/schema.org\/BlogPosting\" itemprop=\"blogPost\" ><div class='avia_textblock  '   itemprop=\"text\" ><p style=\"font-weight: 400; text-align: justify;\">Con el objetivo de conocer las demandas o necesidades de las y los funcionarios que trabajan en el Hospital de Cochrane y postas de salud rural a cargo de este centro de salud, se realizaron mesas de di\u00e1logo para avanzar en las soluciones que hoy deben ser estudiadas por la Direcci\u00f3n de Salud de la regi\u00f3n de Ays\u00e9n.<\/p>\n<p style=\"font-weight: 400; text-align: justify;\">En los encuentros con el director (S) Mauricio Cortes Molina, los profesionales, administrativos y gremios presentaron un petitorio que fue acogido por la direcci\u00f3n para dar evaluar las respuestas.<\/p>\n<p style=\"font-weight: 400; text-align: justify;\">\u201cEn la reuni\u00f3n con el director del servicio conversamos acerca de la principal brecha que tenemos, que es de recursos humanos en el Hospital de Cochrane para sacar la lista de espera de los especialistas. Nuestra intenci\u00f3n es r\u00e1pidamente resolver la brecha de ortodoncista para poder contar con nuestro especialista, residiendo y trabajando las horas que corresponda, y as\u00ed sacar adelante los tratamientos de los usuarios\u201d, expres\u00f3 Natalia Vera, odont\u00f3loga y encargada de la Unidad Dental del Hospital de Cochrane.<\/p>\n<p style=\"font-weight: 400; text-align: justify;\">En esa misma l\u00ednea, Jos\u00e9 Cepeda, m\u00e9dico y coordinador cl\u00ednico del Hospital de Cochrane coment\u00f3 que \u201cen t\u00e9rminos de recursos f\u00edsicos, una de las cosas que m\u00e1s nos importa es el tema de la caldera, porque la que tenemos funciona a le\u00f1a y es el edificio que aporta mayor contaminaci\u00f3n en nuestra comuna y eso se valora negativamente por la comunidad\u201d.<\/p>\n<p style=\"font-weight: 400; text-align: justify;\">Recordemos que el Hospital de la Provincia de Capit\u00e1n Prat tiene cerca de 5.000 usuarios que pertenecen a las comunas de Cochrane, Caleta Tortel y Villa O&#8217;higgins.<\/p>\n<p style=\"font-weight: 400; text-align: justify;\">\u201cNos reunimos con el personal m\u00e9dico, directivo y funcionarios del hospital para conocer cu\u00e1les son sus inquietudes y algunas propuestas de soluci\u00f3n para algunos de los problemas que los aquejan actualmente. Fue una reuni\u00f3n muy cordial, muy grata porque tuvimos excelentes cambios de opiniones que de seguro van a dar buenos resultados en el corto plazo que esperamos nosotros\u201d, indic\u00f3 Rodrigo Verdugo, subdirector de Gesti\u00f3n Asistencial del Servicio de Salud Ays\u00e9n.<\/p>\n<p style=\"font-weight: 400; text-align: justify;\">Paralelo a la reuni\u00f3n con las y los funcionarios del hospital, la comitiva de la Direcci\u00f3n del Servicio de Salud Ays\u00e9n se reuni\u00f3 con los gremios, quienes manifestaron la necesidad de mejorar los procesos de contrataci\u00f3n.<\/p>\n<p style=\"font-weight: 400; text-align: justify;\">\u201cDentro de los puntos presentados, consult\u00e9 sobre el proyecto de sala cuna para el Hospital de Cochrane, la contrataci\u00f3n directa de funcionarios que llevan tiempo en remplazo de cargos vacantes, la promoci\u00f3n de cargo titular y el concurso de ingreso a la planta profesional\u201d, explic\u00f3 Mar\u00eda Eliana Hurta, delegada de Fenpruss Cochrane.<\/p>\n<p style=\"font-weight: 400; text-align: justify;\">\u201cPudimos expresar nuestras dudas y consultas, nos quedaron algunas en el tintero, pero gracias a Dios pudimos llegar a un acuerdo y en un par de semanas m\u00e1s nos estar\u00edan entregando respuesta a todas nuestras preguntas para darlas a conocer a nuestros colegas quienes son los que representamos\u201d, agreg\u00f3 Magda Aros, t\u00e9cnico param\u00e9dico y directora de la FENATS Cochrane.<\/p>\n<p style=\"font-weight: 400; text-align: justify;\">En el recorrido por el sur de la regi\u00f3n de Ays\u00e9n, el equipo del Servicio, encabezado por el director (S) Mauricio Cortes Molina, el subdirector de Gesti\u00f3n Asistencial, gabinete y funcionarios del Departamento de Recursos F\u00edsicos, tambi\u00e9n sostuvieron una reuni\u00f3n con el grupo m\u00e9dico de la Posta de Puerto Guadal y R\u00edo Tranquilo.<\/p>\n<p style=\"font-weight: 400; text-align: justify;\">A principio de septiembre del presente a\u00f1o se program\u00f3 otro encuentro para llevar las soluciones que desde ya est\u00e1n siendo estudiadas por el Servicio de Salud Ays\u00e9n, para brindar mejores condiciones laborales y atenciones m\u00e1s dignas y accesibles para todas y todos.<\/p>\n<\/div><\/section><\/div><div  style='height:50px' class='hr hr-invisible   avia-builder-el-6  el_after_av_one_full  el_before_av_social_share '><span class='hr-inner ' ><span class='hr-inner-style'><\/span><\/span><\/div><\/p>\n<div  class='av-social-sharing-box  avia-builder-el-7  el_after_av_hr  el_before_av_hr  '><div class='av-share-box'><h5 class='av-share-link-description av-no-toc '>Compartir esta noticia<\/h5><ul class='av-share-box-list noLightbox'><li class='av-share-link av-social-link-facebook' ><a target=\"_blank\" aria-label=\"Compartir en Facebook\" href='https:\/\/www.facebook.com\/sharer.php?u=https:\/\/radiorevelacionfm.cl\/?p=33025&#038;t=SSA%20se%20re%C3%BAne%20con%20funcionarios%20y%20gremios%20de%20Cochrane%20para%20conocer%20sus%20demandas' aria-hidden='false' data-av_icon='\ue8f3' data-av_iconfont='entypo-fontello' title='' data-avia-related-tooltip='Compartir en Facebook' rel=\"noopener\"><span class='avia_hidden_link_text'>Compartir en Facebook<\/span><\/a><\/li><li class='av-share-link av-social-link-twitter' ><a target=\"_blank\" aria-label=\"Compartir en Twitter\" href='https:\/\/twitter.com\/share?text=SSA%20se%20re%C3%BAne%20con%20funcionarios%20y%20gremios%20de%20Cochrane%20para%20conocer%20sus%20demandas&#038;url=https:\/\/radiorevelacionfm.cl\/?p=33025' aria-hidden='false' data-av_icon='\ue8f1' data-av_iconfont='entypo-fontello' title='' data-avia-related-tooltip='Compartir en Twitter' rel=\"noopener\"><span class='avia_hidden_link_text'>Compartir en Twitter<\/span><\/a><\/li><li class='av-share-link av-social-link-whatsapp' ><a target=\"_blank\" aria-label=\"Compartir en Whatsapp\" href='https:\/\/api.whatsapp.com\/send?text=https:\/\/radiorevelacionfm.cl\/?p=33025' aria-hidden='false' data-av_icon='\uf232' data-av_iconfont='entypo-fontello' title='' data-avia-related-tooltip='Compartir en Whatsapp' rel=\"noopener\"><span class='avia_hidden_link_text'>Compartir en Whatsapp<\/span><\/a><\/li><li class='av-share-link av-social-link-linkedin' ><a target=\"_blank\" aria-label=\"Compartir en LinkedIn\" href='https:\/\/linkedin.com\/shareArticle?mini=true&#038;title=SSA%20se%20re%C3%BAne%20con%20funcionarios%20y%20gremios%20de%20Cochrane%20para%20conocer%20sus%20demandas&#038;url=https:\/\/radiorevelacionfm.cl\/?p=33025' aria-hidden='false' data-av_icon='\ue8fc' data-av_iconfont='entypo-fontello' title='' data-avia-related-tooltip='Compartir en LinkedIn' rel=\"noopener\"><span class='avia_hidden_link_text'>Compartir en LinkedIn<\/span><\/a><\/li><li class='av-share-link av-social-link-mail' ><a  aria-label=\"Compartir por correo\" href='mailto:?subject=SSA%20se%20re%C3%BAne%20con%20funcionarios%20y%20gremios%20de%20Cochrane%20para%20conocer%20sus%20demandas&#038;body=https:\/\/radiorevelacionfm.cl\/?p=33025' aria-hidden='false' data-av_icon='\ue805' data-av_iconfont='entypo-fontello' title='' data-avia-related-tooltip='Compartir por correo'><span class='avia_hidden_link_text'>Compartir por correo<\/span><\/a><\/li><\/ul><\/div><\/div>\n<div  style='height:50px' class='hr hr-invisible   avia-builder-el-8  el_after_av_social_share  el_before_av_comments_list '><span class='hr-inner ' ><span class='hr-inner-style'><\/span><\/span><\/div>\n<div  class='av-buildercomment  av-blog-meta-html-info-disabled av-blog-meta-tag-disabled  '><\/div>\n","protected":false},"excerpt":{"rendered":"","protected":false},"author":1,"featured_media":33026,"comment_status":"open","ping_status":"open","sticky":false,"template":"","format":"standard","meta":{"footnotes":""},"categories":[46],"tags":[],"class_list":["post-33025","post","type-post","status-publish","format-standard","has-post-thumbnail","hentry","category-salud"],"jetpack_featured_media_url":"https:\/\/radiorevelacionfm.cl\/wp-content\/uploads\/2023\/07\/foto-1_optimized.jpeg","_links":{"self":[{"href":"https:\/\/radiorevelacionfm.cl\/index.php?rest_route=\/wp\/v2\/posts\/33025","targetHints":{"allow":["GET"]}}],"collection":[{"href":"https:\/\/radiorevelacionfm.cl\/index.php?rest_route=\/wp\/v2\/posts"}],"about":[{"href":"https:\/\/radiorevelacionfm.cl\/index.php?rest_route=\/wp\/v2\/types\/post"}],"author":[{"embeddable":true,"href":"https:\/\/radiorevelacionfm.cl\/index.php?rest_route=\/wp\/v2\/users\/1"}],"replies":[{"embeddable":true,"href":"https:\/\/radiorevelacionfm.cl\/index.php?rest_route=%2Fwp%2Fv2%2Fcomments&post=33025"}],"version-history":[{"count":1,"href":"https:\/\/radiorevelacionfm.cl\/index.php?rest_route=\/wp\/v2\/posts\/33025\/revisions"}],"predecessor-version":[{"id":33027,"href":"https:\/\/radiorevelacionfm.cl\/index.php?rest_route=\/wp\/v2\/posts\/33025\/revisions\/33027"}],"wp:featuredmedia":[{"embeddable":true,"href":"https:\/\/radiorevelacionfm.cl\/index.php?rest_route=\/wp\/v2\/media\/33026"}],"wp:attachment":[{"href":"https:\/\/radiorevelacionfm.cl\/index.php?rest_route=%2Fwp%2Fv2%2Fmedia&parent=33025"}],"wp:term":[{"taxonomy":"category","embeddable":true,"href":"https:\/\/radiorevelacionfm.cl\/index.php?rest_route=%2Fwp%2Fv2%2Fcategories&post=33025"},{"taxonomy":"post_tag","embeddable":true,"href":"https:\/\/radiorevelacionfm.cl\/index.php?rest_route=%2Fwp%2Fv2%2Ftags&post=33025"}],"curies":[{"name":"wp","href":"https:\/\/api.w.org\/{rel}","templated":true}]}}